{"id":276,"date":"2014-01-10T23:16:01","date_gmt":"2014-01-10T21:16:01","guid":{"rendered":"http:\/\/liebke-foto.de\/maerkischeslicht\/?p=276"},"modified":"2022-07-03T16:27:29","modified_gmt":"2022-07-03T14:27:29","slug":"morgens-im-oderland","status":"publish","type":"post","link":"https:\/\/liebke-foto.de\/maerkischeslicht\/morgens-im-oderland\/","title":{"rendered":"Morgens im Oderland"},"content":{"rendered":"\n<p>Es ist nun schon einige Jahre her als ich vom Ministerium die Nachfrage nach ein paar aktuellen Fotos vom Schiffshebewerk Niederfinow erhielt. Ich hatte zwar Motive im Archiv, aber noch auf 6&#215;7-Film fotografiert, gescannt, alt. Also ein guter Grund dem Bauwerk einen neuen Besuch abzustatten, neugierig war ich allemal drauf. <\/p>\n\n\n\n<p>Mittlerweile hatte ich mein Labor auch zugemacht, fotografierte mit meiner damals supermodernen (und teuren \ud83d\ude09 ) neuen FujiS2Pro, eine digitale Kleinbildkamera auf Basis der Nikon F80. War alles im Handling nicht so schick und gew\u00f6hnungsbed\u00fcrftig, denn die hatte diesen &#8222;Tunnelblick&#8220;, ein technisch verkleinertes Sucherbild, um den Proportionen des kleinen Chips gerecht zu werden. <\/p>\n\n\n\n<p>Manchmal staunte man erst zu Hause am gro\u00dfen Bildschirm, was da noch alles im Bild war, weil man es im Sucher bei der Aufnahme gar nicht sehen konnte \ud83d\ude09 .<\/p>\n\n\n\n<p><br \/>Heute nun sind mir bei meiner Suche im Archiv eben genau diese Motive vom Schiffshebewerk untergekommen, waren nicht so spektakul\u00e4r denn das Licht war doch recht langweilig. Aber vorher\u2026<\/p>\n\n\n<div class=\"wp-block-image is-style-default\">\n<figure class=\"aligncenter\"><a href=\"https:\/\/liebke-foto.de\/maerkischeslicht\/wp-content\/uploads\/2014\/01\/DSCF6527.jpg\"><img loading=\"lazy\" decoding=\"async\" width=\"1195\" height=\"800\" src=\"https:\/\/liebke-foto.de\/maerkischeslicht\/wp-content\/uploads\/2014\/01\/DSCF6527-1195x800.jpg\" alt=\"Morgens im Oderland\" class=\"wp-image-281\" srcset=\"https:\/\/liebke-foto.de\/maerkischeslicht\/wp-content\/uploads\/2014\/01\/DSCF6527-1195x800.jpg 1195w, https:\/\/liebke-foto.de\/maerkischeslicht\/wp-content\/uploads\/2014\/01\/DSCF6527-450x300.jpg 450w, https:\/\/liebke-foto.de\/maerkischeslicht\/wp-content\/uploads\/2014\/01\/DSCF6527.jpg 1400w\" sizes=\"auto, (max-width: 1195px) 100vw, 1195px\" \/><\/a><figcaption>Morgens im Oderland<\/figcaption><\/figure>\n<\/div>\n\n\n<p>Los ging es an diesem Tag schon &#8222;vor dem Aufstehen&#8220;. Ich hatte mir vorgestellt dass das Schiffshebewerk im Morgenlicht doch mal ganz anders erscheinen k\u00f6nnte. So hatte ich es noch nicht gesehen, die Vorstellung im Kopf sah ganz gut aus. Wer schon mal in dieser Gegend, aus Richtung Eberswalde und Hohenfinow kommend, unterwegs war wei\u00df dass kurz vor dem Bahn\u00fcbergang von Niederfinow die Stra\u00dfe in ein kr\u00e4ftiges Gef\u00e4lle \u00fcbergeht. Und sich recht gebogen nach unten schl\u00e4ngelt .<\/p>\n\n\n\n<p> Der Tag d\u00e4mmerte mittlerweile und der Himmel versprach einen gut aussehenden Sonnenaufgang. In der &#8222;Schl\u00e4ngelkurve&#8220; dann, mein kurzer Blick nach rechts gen Osten, ich war sofort wie elektrisiert. Das ganze Tal lag bedeckt von einer wabernden Nebelschicht, die dabei war mit h\u00f6her steigender Sonne sich aufzul\u00f6sen. <\/p>\n\n\n\n<p>Das sah so gut aus, ich bin am Bahn\u00fcbergang gleich umgedreht, das kurze St\u00fcck zur\u00fcck gefahren und einen Feldweg als Parkplatz gefunden. Alles war trotz Himmelshelligkeit noch sehr dunkel, denn die Sonne war noch hinterm Horizont. So stolperte ich dann schnellstens mit Ausr\u00fcstung und Stativ \u00fcber die Kurvenleitplanke und dann weiter den H\u00fcgel hinauf. <\/p>\n\n\n\n<p>Gl\u00fcck!! Sofort hatte ich den idealen Standpunkt gefunden, Stativ aufbauen, Kamera drauf, Drahtausl\u00f6ser drangeschraubt usw. ging in Schnelligkeit und Routine ruck zuck.<\/p>\n\n\n\n<p><br \/>Der Nebel war zum Gl\u00fcck gelassener als ich. Er blieb noch lange und so hatte ich gen\u00fcgend Zeit den Moment auszukosten und verschiedene Motive aufzunehmen. Gut dass ich dazu im Rohdatenformat fotografiert habe. Die Qualit\u00e4t der Daten ist nicht vergleichbar mit denen heutiger moderner Chips, aber das war zu der Zeit die einzige Kamera, die schon 12 Megapixel &#8222;konnte&#8220;. Das war f\u00fcr mich entscheidend beim Kauf. <\/p>\n\n\n\n<p>Mit den heutigen Rohdatenkonvertern ist sogar aus den alten Daten eine erstaunliche und deutlich bessere Qualit\u00e4t rauszuholen als damals. Und dass sie Nikon-Bajonett hatte war ein weiteres Argument, so konnte ich meine guten Objektive aus der analogen Zeit dort weiter verwenden. (Mache ich mitunter sogar heute noch aus Spa\u00df an dem Pixel-Boliden D800 \ud83d\ude09 ). <\/p>\n\n\n\n<p>Und gut dass ich f\u00fcr die Aufnahmen mein 2,8\/35-70er Nikkor verwendet habe. Die Daten der alten Kamera, mit Nikkor aufgenommen, sind auch heute noch gut verwendbar, was man leider von den Sigma-Gurken, die ich hatte, nicht sagen kann. Aber das ist ein anderes Thema.<\/p>\n\n\n\n<p>Der Himmel verf\u00e4rbte sich st\u00e4ndig anders, ein Schauspiel, das ein Foto nur ann\u00e4hernd wiedergeben kann. Das Erlebnis selbst aber vergisst man nie. Zwischendurch klickte ich meine 2,8\/300er Telebrennweite an die Kamera, um wenigstens einmal auch die Szenerie zu raffen, zu konzentrieren. Daraus wurde die Sinfonie in Blau-Magenta. Leider war die lange T\u00fcte zu der Zeit eigentlich schon Schrott. Die Blende im Tubus schloss nicht mehr. (Nikon war auch nicht mehr bereit das in Reparatur zu nehmen, zu alt \ud83d\ude41 ). Und so musste ich das sch\u00f6ne Motiv mit offener Blende 2,8 aufnehmen. <\/p>\n\n\n\n<p>Nicht perfekt, geht, aber so habe ich eben doch noch ein Bild davon. Dann war aber schon Hektik angesagt, keine Zeit mehr lange zu gr\u00fcbeln. Der erfahrenen Natur-\/Landschaftsfotograf ist mit der Zeit in der Lage, kleinste Licht- und Farbver\u00e4nderungen in der Szenerie wahrzunehmen und auf das Kommende daraus zu schlie\u00dfen. <\/p>\n\n\n\n<p>Kleine Lichtreflexe und ganz schnell sich \u00e4ndernde zarte Farbvarianten kurz \u00fcber dem Horizont k\u00fcndigten den Sonnenball an. Das Zoom auf dem Body, alles bereit. Und dann kam IHR Auftritt\u2026 , einfach herrlich.<\/p>\n\n\n\n<p>Ich zeige Euch diese Aufnahmen, weil ich finde, dass es einerseits schade w\u00e4re wenn sie ungesehen im Dschungel von Bits und Bytes versinken. Und andererseits um zu zeigen, dass wir hier ein gesegnetes Fleckchen Erde bewohnen d\u00fcrfen. <\/p>\n\n\n\n<p>Manchmal einfach innehalten, die richtigen wertvollen Dinge sind Erlebnisse von solcher Sch\u00f6nheit, einfach und unbezahlbar.<\/p>\n\n\n\n<figure class=\"wp-block-image size-large\"><a href=\"https:\/\/liebke-foto.de\/maerkischeslicht\/wp-content\/uploads\/2014\/01\/DSCF6534.jpg\"><img loading=\"lazy\" decoding=\"async\" width=\"1400\" height=\"937\" src=\"https:\/\/liebke-foto.de\/maerkischeslicht\/wp-content\/uploads\/2014\/01\/DSCF6534.jpg\" alt=\"Morgens im Oderland\" class=\"wp-image-279\" srcset=\"https:\/\/liebke-foto.de\/maerkischeslicht\/wp-content\/uploads\/2014\/01\/DSCF6534.jpg 1400w, https:\/\/liebke-foto.de\/maerkischeslicht\/wp-content\/uploads\/2014\/01\/DSCF6534-1195x800.jpg 1195w, https:\/\/liebke-foto.de\/maerkischeslicht\/wp-content\/uploads\/2014\/01\/DSCF6534-450x300.jpg 450w\" sizes=\"auto, (max-width: 1400px) 100vw, 1400px\" \/><\/a><figcaption>Morgens im Oderland<\/figcaption><\/figure>\n\n\n\n<figure class=\"wp-block-image size-large\"><a href=\"https:\/\/liebke-foto.de\/maerkischeslicht\/wp-content\/uploads\/2014\/01\/DSCF6549.jpg\"><img loading=\"lazy\" decoding=\"async\" width=\"1400\" height=\"937\" src=\"https:\/\/liebke-foto.de\/maerkischeslicht\/wp-content\/uploads\/2014\/01\/DSCF6549.jpg\" alt=\"Morgens im Oderland\" class=\"wp-image-280\" srcset=\"https:\/\/liebke-foto.de\/maerkischeslicht\/wp-content\/uploads\/2014\/01\/DSCF6549.jpg 1400w, https:\/\/liebke-foto.de\/maerkischeslicht\/wp-content\/uploads\/2014\/01\/DSCF6549-1195x800.jpg 1195w, https:\/\/liebke-foto.de\/maerkischeslicht\/wp-content\/uploads\/2014\/01\/DSCF6549-450x300.jpg 450w\" sizes=\"auto, (max-width: 1400px) 100vw, 1400px\" \/><\/a><figcaption>Morgens im Oderland<\/figcaption><\/figure>\n\n\n\n<div style=\"padding:20px\" class=\"wp-block-tnp-minimal\"><p>Subscribe to our newsletter!<\/p><div><div class=\"tnp tnp-subscription \">\n<form method=\"post\" action=\"https:\/\/liebke-foto.de\/maerkischeslicht\/wp-admin\/admin-ajax.php?action=tnp&amp;na=s\">\n<input type=\"hidden\" name=\"nlang\" value=\"\">\n<div class=\"tnp-field tnp-field-firstname\"><label for=\"tnp-1\">Vorname oder ganzer Name<\/label>\n<input class=\"tnp-name\" type=\"text\" name=\"nn\" id=\"tnp-1\" value=\"\" placeholder=\"\"><\/div>\n<div class=\"tnp-field tnp-field-email\"><label for=\"tnp-2\">Email<\/label>\n<input class=\"tnp-email\" type=\"email\" name=\"ne\" id=\"tnp-2\" value=\"\" placeholder=\"\" required><\/div>\n<div class=\"tnp-field tnp-privacy-field\"><label><input type=\"checkbox\" name=\"ny\" required class=\"tnp-privacy\"> Indem Du fortf\u00e4hrst, akzeptierst Du unsere Datenschutzerkl\u00e4rung.<\/label><\/div><div class=\"tnp-field tnp-field-button\" style=\"text-align: left\"><input class=\"tnp-submit\" type=\"submit\" value=\"Abonnieren\" style=\"\">\n<\/div>\n<\/form>\n<\/div>\n<\/div><\/div>\n\n\n\n\n","protected":false},"excerpt":{"rendered":"<p>Es ist nun schon einige Jahre her als ich vom Ministerium die Nachfrage nach ein paar aktuellen Fotos vom Schiffshebewerk Niederfinow erhielt. Ich&#8230;<\/p>\n","protected":false},"author":1,"featured_media":280,"comment_status":"open","ping_status":"open","sticky":false,"template":"","format":"gallery","meta":{"footnotes":""},"categories":[9,66,10,34,12],"tags":[],"class_list":["post-276","post","type-post","status-publish","format-gallery","has-post-thumbnail","hentry","category-fundstuecke","category-landpartie","category-landschaft-mark-brandenburg-oberhavel-barnim","category-naturpark-barnim","category-wildes-brandenburg","post_format-post-format-gallery"],"yoast_head":"<!-- This site is optimized with the Yoast SEO plugin v27.5 - https:\/\/yoast.com\/product\/yoast-seo-wordpress\/ -->\n<title>Morgens im Oderland - M\u00e4rkisches Licht - Der Fotograf der Stille<\/title>\n<meta name=\"description\" content=\"Morgens im Oderland\" \/>\n<meta name=\"robots\" content=\"index, follow, max-snippet:-1, max-image-preview:large, max-video-preview:-1\" \/>\n<link rel=\"canonical\" href=\"https:\/\/liebke-foto.de\/maerkischeslicht\/morgens-im-oderland\/\" \/>\n<meta property=\"og:locale\" content=\"de_DE\" \/>\n<meta property=\"og:type\" content=\"article\" \/>\n<meta property=\"og:title\" content=\"Morgens im Oderland - M\u00e4rkisches Licht - Der Fotograf der Stille\" \/>\n<meta property=\"og:description\" content=\"Morgens im Oderland\" \/>\n<meta property=\"og:url\" content=\"https:\/\/liebke-foto.de\/maerkischeslicht\/morgens-im-oderland\/\" \/>\n<meta property=\"og:site_name\" content=\"M\u00e4rkisches Licht - Der Fotograf der Stille\" \/>\n<meta property=\"article:published_time\" content=\"2014-01-10T21:16:01+00:00\" \/>\n<meta property=\"article:modified_time\" content=\"2022-07-03T14:27:29+00:00\" \/>\n<meta property=\"og:image\" content=\"https:\/\/liebke-foto.de\/maerkischeslicht\/wp-content\/uploads\/2014\/01\/DSCF6549.jpg\" \/>\n\t<meta property=\"og:image:width\" content=\"1400\" \/>\n\t<meta property=\"og:image:height\" content=\"937\" \/>\n\t<meta property=\"og:image:type\" content=\"image\/jpeg\" \/>\n<meta name=\"author\" content=\"Frank Liebke\" \/>\n<meta name=\"twitter:card\" content=\"summary_large_image\" \/>\n<meta name=\"twitter:label1\" content=\"Verfasst von\" \/>\n\t<meta name=\"twitter:data1\" content=\"Frank Liebke\" \/>\n\t<meta name=\"twitter:label2\" content=\"Gesch\u00e4tzte Lesezeit\" \/>\n\t<meta name=\"twitter:data2\" content=\"5\u00a0Minuten\" \/>\n<script type=\"application\/ld+json\" class=\"yoast-schema-graph\">{\"@context\":\"https:\\\/\\\/schema.org\",\"@graph\":[{\"@type\":\"Article\",\"@id\":\"https:\\\/\\\/liebke-foto.de\\\/maerkischeslicht\\\/morgens-im-oderland\\\/#article\",\"isPartOf\":{\"@id\":\"https:\\\/\\\/liebke-foto.de\\\/maerkischeslicht\\\/morgens-im-oderland\\\/\"},\"author\":{\"name\":\"Frank Liebke\",\"@id\":\"https:\\\/\\\/liebke-foto.de\\\/maerkischeslicht\\\/#\\\/schema\\\/person\\\/d71108abc09a723daeeb8526a33137ee\"},\"headline\":\"Morgens im Oderland\",\"datePublished\":\"2014-01-10T21:16:01+00:00\",\"dateModified\":\"2022-07-03T14:27:29+00:00\",\"mainEntityOfPage\":{\"@id\":\"https:\\\/\\\/liebke-foto.de\\\/maerkischeslicht\\\/morgens-im-oderland\\\/\"},\"wordCount\":801,\"commentCount\":2,\"publisher\":{\"@id\":\"https:\\\/\\\/liebke-foto.de\\\/maerkischeslicht\\\/#\\\/schema\\\/person\\\/d71108abc09a723daeeb8526a33137ee\"},\"image\":{\"@id\":\"https:\\\/\\\/liebke-foto.de\\\/maerkischeslicht\\\/morgens-im-oderland\\\/#primaryimage\"},\"thumbnailUrl\":\"https:\\\/\\\/liebke-foto.de\\\/maerkischeslicht\\\/wp-content\\\/uploads\\\/2014\\\/01\\\/DSCF6549.jpg\",\"articleSection\":[\"Fundst\u00fccke\",\"LANDpartie, unterwegs in der Mark Brandenburg\",\"Landschaft\",\"Naturpark Barnim\",\"Wildes Brandenburg\"],\"inLanguage\":\"de\",\"potentialAction\":[{\"@type\":\"CommentAction\",\"name\":\"Comment\",\"target\":[\"https:\\\/\\\/liebke-foto.de\\\/maerkischeslicht\\\/morgens-im-oderland\\\/#respond\"]}]},{\"@type\":\"WebPage\",\"@id\":\"https:\\\/\\\/liebke-foto.de\\\/maerkischeslicht\\\/morgens-im-oderland\\\/\",\"url\":\"https:\\\/\\\/liebke-foto.de\\\/maerkischeslicht\\\/morgens-im-oderland\\\/\",\"name\":\"Morgens im Oderland - M\u00e4rkisches Licht - Der Fotograf der Stille\",\"isPartOf\":{\"@id\":\"https:\\\/\\\/liebke-foto.de\\\/maerkischeslicht\\\/#website\"},\"primaryImageOfPage\":{\"@id\":\"https:\\\/\\\/liebke-foto.de\\\/maerkischeslicht\\\/morgens-im-oderland\\\/#primaryimage\"},\"image\":{\"@id\":\"https:\\\/\\\/liebke-foto.de\\\/maerkischeslicht\\\/morgens-im-oderland\\\/#primaryimage\"},\"thumbnailUrl\":\"https:\\\/\\\/liebke-foto.de\\\/maerkischeslicht\\\/wp-content\\\/uploads\\\/2014\\\/01\\\/DSCF6549.jpg\",\"datePublished\":\"2014-01-10T21:16:01+00:00\",\"dateModified\":\"2022-07-03T14:27:29+00:00\",\"description\":\"Morgens im Oderland\",\"breadcrumb\":{\"@id\":\"https:\\\/\\\/liebke-foto.de\\\/maerkischeslicht\\\/morgens-im-oderland\\\/#breadcrumb\"},\"inLanguage\":\"de\",\"potentialAction\":[{\"@type\":\"ReadAction\",\"target\":[\"https:\\\/\\\/liebke-foto.de\\\/maerkischeslicht\\\/morgens-im-oderland\\\/\"]}]},{\"@type\":\"ImageObject\",\"inLanguage\":\"de\",\"@id\":\"https:\\\/\\\/liebke-foto.de\\\/maerkischeslicht\\\/morgens-im-oderland\\\/#primaryimage\",\"url\":\"https:\\\/\\\/liebke-foto.de\\\/maerkischeslicht\\\/wp-content\\\/uploads\\\/2014\\\/01\\\/DSCF6549.jpg\",\"contentUrl\":\"https:\\\/\\\/liebke-foto.de\\\/maerkischeslicht\\\/wp-content\\\/uploads\\\/2014\\\/01\\\/DSCF6549.jpg\",\"width\":1400,\"height\":937,\"caption\":\"Morgens im Oderland\"},{\"@type\":\"BreadcrumbList\",\"@id\":\"https:\\\/\\\/liebke-foto.de\\\/maerkischeslicht\\\/morgens-im-oderland\\\/#breadcrumb\",\"itemListElement\":[{\"@type\":\"ListItem\",\"position\":1,\"name\":\"Startseite\",\"item\":\"https:\\\/\\\/liebke-foto.de\\\/maerkischeslicht\\\/\"},{\"@type\":\"ListItem\",\"position\":2,\"name\":\"Morgens im Oderland\"}]},{\"@type\":\"WebSite\",\"@id\":\"https:\\\/\\\/liebke-foto.de\\\/maerkischeslicht\\\/#website\",\"url\":\"https:\\\/\\\/liebke-foto.de\\\/maerkischeslicht\\\/\",\"name\":\"M\u00e4rkisches Licht - Der Fotograf der Stille\",\"description\":\"Die Liebe zum Leben...\",\"publisher\":{\"@id\":\"https:\\\/\\\/liebke-foto.de\\\/maerkischeslicht\\\/#\\\/schema\\\/person\\\/d71108abc09a723daeeb8526a33137ee\"},\"potentialAction\":[{\"@type\":\"SearchAction\",\"target\":{\"@type\":\"EntryPoint\",\"urlTemplate\":\"https:\\\/\\\/liebke-foto.de\\\/maerkischeslicht\\\/?s={search_term_string}\"},\"query-input\":{\"@type\":\"PropertyValueSpecification\",\"valueRequired\":true,\"valueName\":\"search_term_string\"}}],\"inLanguage\":\"de\"},{\"@type\":[\"Person\",\"Organization\"],\"@id\":\"https:\\\/\\\/liebke-foto.de\\\/maerkischeslicht\\\/#\\\/schema\\\/person\\\/d71108abc09a723daeeb8526a33137ee\",\"name\":\"Frank Liebke\",\"image\":{\"@type\":\"ImageObject\",\"inLanguage\":\"de\",\"@id\":\"https:\\\/\\\/liebke-foto.de\\\/maerkischeslicht\\\/wp-content\\\/uploads\\\/2021\\\/12\\\/IMG-20211024-WA0001.jpg\",\"url\":\"https:\\\/\\\/liebke-foto.de\\\/maerkischeslicht\\\/wp-content\\\/uploads\\\/2021\\\/12\\\/IMG-20211024-WA0001.jpg\",\"contentUrl\":\"https:\\\/\\\/liebke-foto.de\\\/maerkischeslicht\\\/wp-content\\\/uploads\\\/2021\\\/12\\\/IMG-20211024-WA0001.jpg\",\"width\":900,\"height\":1600,\"caption\":\"Frank Liebke\"},\"logo\":{\"@id\":\"https:\\\/\\\/liebke-foto.de\\\/maerkischeslicht\\\/wp-content\\\/uploads\\\/2021\\\/12\\\/IMG-20211024-WA0001.jpg\"},\"sameAs\":[\"https:\\\/\\\/liebke-foto.de\"],\"url\":\"https:\\\/\\\/liebke-foto.de\\\/maerkischeslicht\\\/author\\\/adminuser\\\/\"}]}<\/script>\n<!-- \/ Yoast SEO plugin. -->","yoast_head_json":{"title":"Morgens im Oderland - M\u00e4rkisches Licht - Der Fotograf der Stille","description":"Morgens im Oderland","robots":{"index":"index","follow":"follow","max-snippet":"max-snippet:-1","max-image-preview":"max-image-preview:large","max-video-preview":"max-video-preview:-1"},"canonical":"https:\/\/liebke-foto.de\/maerkischeslicht\/morgens-im-oderland\/","og_locale":"de_DE","og_type":"article","og_title":"Morgens im Oderland - M\u00e4rkisches Licht - Der Fotograf der Stille","og_description":"Morgens im Oderland","og_url":"https:\/\/liebke-foto.de\/maerkischeslicht\/morgens-im-oderland\/","og_site_name":"M\u00e4rkisches Licht - Der Fotograf der Stille","article_published_time":"2014-01-10T21:16:01+00:00","article_modified_time":"2022-07-03T14:27:29+00:00","og_image":[{"width":1400,"height":937,"url":"https:\/\/liebke-foto.de\/maerkischeslicht\/wp-content\/uploads\/2014\/01\/DSCF6549.jpg","type":"image\/jpeg"}],"author":"Frank Liebke","twitter_card":"summary_large_image","twitter_misc":{"Verfasst von":"Frank Liebke","Gesch\u00e4tzte Lesezeit":"5\u00a0Minuten"},"schema":{"@context":"https:\/\/schema.org","@graph":[{"@type":"Article","@id":"https:\/\/liebke-foto.de\/maerkischeslicht\/morgens-im-oderland\/#article","isPartOf":{"@id":"https:\/\/liebke-foto.de\/maerkischeslicht\/morgens-im-oderland\/"},"author":{"name":"Frank Liebke","@id":"https:\/\/liebke-foto.de\/maerkischeslicht\/#\/schema\/person\/d71108abc09a723daeeb8526a33137ee"},"headline":"Morgens im Oderland","datePublished":"2014-01-10T21:16:01+00:00","dateModified":"2022-07-03T14:27:29+00:00","mainEntityOfPage":{"@id":"https:\/\/liebke-foto.de\/maerkischeslicht\/morgens-im-oderland\/"},"wordCount":801,"commentCount":2,"publisher":{"@id":"https:\/\/liebke-foto.de\/maerkischeslicht\/#\/schema\/person\/d71108abc09a723daeeb8526a33137ee"},"image":{"@id":"https:\/\/liebke-foto.de\/maerkischeslicht\/morgens-im-oderland\/#primaryimage"},"thumbnailUrl":"https:\/\/liebke-foto.de\/maerkischeslicht\/wp-content\/uploads\/2014\/01\/DSCF6549.jpg","articleSection":["Fundst\u00fccke","LANDpartie, unterwegs in der Mark Brandenburg","Landschaft","Naturpark Barnim","Wildes Brandenburg"],"inLanguage":"de","potentialAction":[{"@type":"CommentAction","name":"Comment","target":["https:\/\/liebke-foto.de\/maerkischeslicht\/morgens-im-oderland\/#respond"]}]},{"@type":"WebPage","@id":"https:\/\/liebke-foto.de\/maerkischeslicht\/morgens-im-oderland\/","url":"https:\/\/liebke-foto.de\/maerkischeslicht\/morgens-im-oderland\/","name":"Morgens im Oderland - M\u00e4rkisches Licht - Der Fotograf der Stille","isPartOf":{"@id":"https:\/\/liebke-foto.de\/maerkischeslicht\/#website"},"primaryImageOfPage":{"@id":"https:\/\/liebke-foto.de\/maerkischeslicht\/morgens-im-oderland\/#primaryimage"},"image":{"@id":"https:\/\/liebke-foto.de\/maerkischeslicht\/morgens-im-oderland\/#primaryimage"},"thumbnailUrl":"https:\/\/liebke-foto.de\/maerkischeslicht\/wp-content\/uploads\/2014\/01\/DSCF6549.jpg","datePublished":"2014-01-10T21:16:01+00:00","dateModified":"2022-07-03T14:27:29+00:00","description":"Morgens im Oderland","breadcrumb":{"@id":"https:\/\/liebke-foto.de\/maerkischeslicht\/morgens-im-oderland\/#breadcrumb"},"inLanguage":"de","potentialAction":[{"@type":"ReadAction","target":["https:\/\/liebke-foto.de\/maerkischeslicht\/morgens-im-oderland\/"]}]},{"@type":"ImageObject","inLanguage":"de","@id":"https:\/\/liebke-foto.de\/maerkischeslicht\/morgens-im-oderland\/#primaryimage","url":"https:\/\/liebke-foto.de\/maerkischeslicht\/wp-content\/uploads\/2014\/01\/DSCF6549.jpg","contentUrl":"https:\/\/liebke-foto.de\/maerkischeslicht\/wp-content\/uploads\/2014\/01\/DSCF6549.jpg","width":1400,"height":937,"caption":"Morgens im Oderland"},{"@type":"BreadcrumbList","@id":"https:\/\/liebke-foto.de\/maerkischeslicht\/morgens-im-oderland\/#breadcrumb","itemListElement":[{"@type":"ListItem","position":1,"name":"Startseite","item":"https:\/\/liebke-foto.de\/maerkischeslicht\/"},{"@type":"ListItem","position":2,"name":"Morgens im Oderland"}]},{"@type":"WebSite","@id":"https:\/\/liebke-foto.de\/maerkischeslicht\/#website","url":"https:\/\/liebke-foto.de\/maerkischeslicht\/","name":"M\u00e4rkisches Licht - Der Fotograf der Stille","description":"Die Liebe zum Leben...","publisher":{"@id":"https:\/\/liebke-foto.de\/maerkischeslicht\/#\/schema\/person\/d71108abc09a723daeeb8526a33137ee"},"potentialAction":[{"@type":"SearchAction","target":{"@type":"EntryPoint","urlTemplate":"https:\/\/liebke-foto.de\/maerkischeslicht\/?s={search_term_string}"},"query-input":{"@type":"PropertyValueSpecification","valueRequired":true,"valueName":"search_term_string"}}],"inLanguage":"de"},{"@type":["Person","Organization"],"@id":"https:\/\/liebke-foto.de\/maerkischeslicht\/#\/schema\/person\/d71108abc09a723daeeb8526a33137ee","name":"Frank Liebke","image":{"@type":"ImageObject","inLanguage":"de","@id":"https:\/\/liebke-foto.de\/maerkischeslicht\/wp-content\/uploads\/2021\/12\/IMG-20211024-WA0001.jpg","url":"https:\/\/liebke-foto.de\/maerkischeslicht\/wp-content\/uploads\/2021\/12\/IMG-20211024-WA0001.jpg","contentUrl":"https:\/\/liebke-foto.de\/maerkischeslicht\/wp-content\/uploads\/2021\/12\/IMG-20211024-WA0001.jpg","width":900,"height":1600,"caption":"Frank Liebke"},"logo":{"@id":"https:\/\/liebke-foto.de\/maerkischeslicht\/wp-content\/uploads\/2021\/12\/IMG-20211024-WA0001.jpg"},"sameAs":["https:\/\/liebke-foto.de"],"url":"https:\/\/liebke-foto.de\/maerkischeslicht\/author\/adminuser\/"}]}},"_links":{"self":[{"href":"https:\/\/liebke-foto.de\/maerkischeslicht\/wp-json\/wp\/v2\/posts\/276","targetHints":{"allow":["GET"]}}],"collection":[{"href":"https:\/\/liebke-foto.de\/maerkischeslicht\/wp-json\/wp\/v2\/posts"}],"about":[{"href":"https:\/\/liebke-foto.de\/maerkischeslicht\/wp-json\/wp\/v2\/types\/post"}],"author":[{"embeddable":true,"href":"https:\/\/liebke-foto.de\/maerkischeslicht\/wp-json\/wp\/v2\/users\/1"}],"replies":[{"embeddable":true,"href":"https:\/\/liebke-foto.de\/maerkischeslicht\/wp-json\/wp\/v2\/comments?post=276"}],"version-history":[{"count":12,"href":"https:\/\/liebke-foto.de\/maerkischeslicht\/wp-json\/wp\/v2\/posts\/276\/revisions"}],"predecessor-version":[{"id":5999,"href":"https:\/\/liebke-foto.de\/maerkischeslicht\/wp-json\/wp\/v2\/posts\/276\/revisions\/5999"}],"wp:featuredmedia":[{"embeddable":true,"href":"https:\/\/liebke-foto.de\/maerkischeslicht\/wp-json\/wp\/v2\/media\/280"}],"wp:attachment":[{"href":"https:\/\/liebke-foto.de\/maerkischeslicht\/wp-json\/wp\/v2\/media?parent=276"}],"wp:term":[{"taxonomy":"category","embeddable":true,"href":"https:\/\/liebke-foto.de\/maerkischeslicht\/wp-json\/wp\/v2\/categories?post=276"},{"taxonomy":"post_tag","embeddable":true,"href":"https:\/\/liebke-foto.de\/maerkischeslicht\/wp-json\/wp\/v2\/tags?post=276"}],"curies":[{"name":"wp","href":"https:\/\/api.w.org\/{rel}","templated":true}]}}