{"id":2720,"date":"2017-11-24T09:19:30","date_gmt":"2017-11-24T07:19:30","guid":{"rendered":"http:\/\/liebke-foto.de\/maerkischeslicht\/?p=2720"},"modified":"2022-07-04T08:53:28","modified_gmt":"2022-07-04T06:53:28","slug":"kalender-romantisches-koenigs-wusterhausen-und-umgebung-2018","status":"publish","type":"post","link":"https:\/\/liebke-foto.de\/maerkischeslicht\/kalender-romantisches-koenigs-wusterhausen-und-umgebung-2018\/","title":{"rendered":"Kalender &#8222;Romantisches K\u00f6nigs Wusterhausen und Umgebung&#8220; 2018"},"content":{"rendered":"<div class=\"wp-block-image is-style-default\">\n<figure class=\"aligncenter\"><a href=\"https:\/\/liebke-foto.de\/maerkischeslicht\/wp-content\/uploads\/2017\/11\/Titel.jpg\"><img loading=\"lazy\" decoding=\"async\" width=\"1131\" height=\"800\" src=\"https:\/\/liebke-foto.de\/maerkischeslicht\/wp-content\/uploads\/2017\/11\/Titel-1131x800.jpg\" alt=\"Schloss K\u00f6nigs Wusterhausen\" class=\"wp-image-2733\" srcset=\"https:\/\/liebke-foto.de\/maerkischeslicht\/wp-content\/uploads\/2017\/11\/Titel-1131x800.jpg 1131w, https:\/\/liebke-foto.de\/maerkischeslicht\/wp-content\/uploads\/2017\/11\/Titel-768x543.jpg 768w, https:\/\/liebke-foto.de\/maerkischeslicht\/wp-content\/uploads\/2017\/11\/Titel.jpg 1400w\" sizes=\"auto, (max-width: 1131px) 100vw, 1131px\" \/><\/a><figcaption>Schloss K\u00f6nigs Wusterhausen<\/figcaption><\/figure>\n<\/div>\n\n\n<p>Nun ist er fertig und liegt gedruckt vor. Mein zweiter Kalender &#8222;Romantisches K\u00f6nigs Wusterhausen und Umgebung 2018&#8220;. Mittels zw\u00f6lf stimmungsvoller Bilder soll er durchs Jahr begleiten. Und dieses Mal ziert das Schloss K\u00f6nigs Wusterhausen auch den Titel. <\/p>\n\n\n\n<p>Eine Vorschau aller Bl\u00e4tter weiter unten. Verkauft wird er bei mir, in der Buchhandlung Radwer und der Tourismusinformation am Bahnhof. Der Verkaufspreis betr\u00e4gt 15,00 \u20ac.\u00a0Ein ideales Weihnachtsgeschenk auch f\u00fcr ehemalige KWer und nat\u00fcrlich f\u00fcr alle die ihre Stadt lieben und sich hier wohl f\u00fchlen \ud83d\ude42<\/p>\n\n\n\n<div class=\"wp-block-group\"><div class=\"wp-block-group__inner-container is-layout-flow wp-block-group-is-layout-flow\"><div class=\"wp-block-image is-style-default\">\n<figure class=\"aligncenter\"><a href=\"https:\/\/liebke-foto.de\/maerkischeslicht\/wp-content\/uploads\/2017\/11\/Januar.jpg\"><img loading=\"lazy\" decoding=\"async\" width=\"1400\" height=\"990\" src=\"https:\/\/liebke-foto.de\/maerkischeslicht\/wp-content\/uploads\/2017\/11\/Januar.jpg\" alt=\"Krummer See\" class=\"wp-image-2725\" srcset=\"https:\/\/liebke-foto.de\/maerkischeslicht\/wp-content\/uploads\/2017\/11\/Januar.jpg 1400w, https:\/\/liebke-foto.de\/maerkischeslicht\/wp-content\/uploads\/2017\/11\/Januar-1131x800.jpg 1131w, https:\/\/liebke-foto.de\/maerkischeslicht\/wp-content\/uploads\/2017\/11\/Januar-768x543.jpg 768w\" sizes=\"auto, (max-width: 1400px) 100vw, 1400px\" \/><\/a><\/figure>\n<\/div>\n\n<div class=\"wp-block-image is-style-default\">\n<figure class=\"aligncenter\"><a href=\"https:\/\/liebke-foto.de\/maerkischeslicht\/wp-content\/uploads\/2017\/11\/Februar.jpg\"><img loading=\"lazy\" decoding=\"async\" width=\"1400\" height=\"990\" src=\"https:\/\/liebke-foto.de\/maerkischeslicht\/wp-content\/uploads\/2017\/11\/Februar.jpg\" alt=\"Niederlehme\" class=\"wp-image-2724\" srcset=\"https:\/\/liebke-foto.de\/maerkischeslicht\/wp-content\/uploads\/2017\/11\/Februar.jpg 1400w, https:\/\/liebke-foto.de\/maerkischeslicht\/wp-content\/uploads\/2017\/11\/Februar-1131x800.jpg 1131w, https:\/\/liebke-foto.de\/maerkischeslicht\/wp-content\/uploads\/2017\/11\/Februar-768x543.jpg 768w\" sizes=\"auto, (max-width: 1400px) 100vw, 1400px\" \/><\/a><\/figure>\n<\/div>\n\n<div class=\"wp-block-image is-style-default\">\n<figure class=\"aligncenter\"><a href=\"https:\/\/liebke-foto.de\/maerkischeslicht\/wp-content\/uploads\/2017\/11\/M\u00e4rz.jpg\"><img loading=\"lazy\" decoding=\"async\" width=\"1400\" height=\"990\" src=\"https:\/\/liebke-foto.de\/maerkischeslicht\/wp-content\/uploads\/2017\/11\/M\u00e4rz.jpg\" alt=\"Zeesen\" class=\"wp-image-2729\" srcset=\"https:\/\/liebke-foto.de\/maerkischeslicht\/wp-content\/uploads\/2017\/11\/M\u00e4rz.jpg 1400w, https:\/\/liebke-foto.de\/maerkischeslicht\/wp-content\/uploads\/2017\/11\/M\u00e4rz-1131x800.jpg 1131w, https:\/\/liebke-foto.de\/maerkischeslicht\/wp-content\/uploads\/2017\/11\/M\u00e4rz-768x543.jpg 768w\" sizes=\"auto, (max-width: 1400px) 100vw, 1400px\" \/><\/a><\/figure>\n<\/div>\n\n<div class=\"wp-block-image is-style-default\">\n<figure class=\"aligncenter\"><a href=\"https:\/\/liebke-foto.de\/maerkischeslicht\/wp-content\/uploads\/2017\/11\/April.jpg\"><img loading=\"lazy\" decoding=\"async\" width=\"1400\" height=\"990\" src=\"https:\/\/liebke-foto.de\/maerkischeslicht\/wp-content\/uploads\/2017\/11\/April.jpg\" alt=\"Neue M\u00fchle\" class=\"wp-image-2721\" srcset=\"https:\/\/liebke-foto.de\/maerkischeslicht\/wp-content\/uploads\/2017\/11\/April.jpg 1400w, https:\/\/liebke-foto.de\/maerkischeslicht\/wp-content\/uploads\/2017\/11\/April-1131x800.jpg 1131w, https:\/\/liebke-foto.de\/maerkischeslicht\/wp-content\/uploads\/2017\/11\/April-768x543.jpg 768w\" sizes=\"auto, (max-width: 1400px) 100vw, 1400px\" \/><\/a><\/figure>\n<\/div>\n\n<div class=\"wp-block-image is-style-default\">\n<figure class=\"aligncenter\"><a href=\"https:\/\/liebke-foto.de\/maerkischeslicht\/wp-content\/uploads\/2017\/11\/Mai.jpg\"><img loading=\"lazy\" decoding=\"async\" width=\"1400\" height=\"990\" src=\"https:\/\/liebke-foto.de\/maerkischeslicht\/wp-content\/uploads\/2017\/11\/Mai.jpg\" alt=\"Tiergarten\" class=\"wp-image-2728\" srcset=\"https:\/\/liebke-foto.de\/maerkischeslicht\/wp-content\/uploads\/2017\/11\/Mai.jpg 1400w, https:\/\/liebke-foto.de\/maerkischeslicht\/wp-content\/uploads\/2017\/11\/Mai-1131x800.jpg 1131w, https:\/\/liebke-foto.de\/maerkischeslicht\/wp-content\/uploads\/2017\/11\/Mai-768x543.jpg 768w\" sizes=\"auto, (max-width: 1400px) 100vw, 1400px\" \/><\/a><\/figure>\n<\/div>\n\n<div class=\"wp-block-image is-style-default\">\n<figure class=\"aligncenter\"><a href=\"https:\/\/liebke-foto.de\/maerkischeslicht\/wp-content\/uploads\/2017\/11\/Juni.jpg\"><img loading=\"lazy\" decoding=\"async\" width=\"1400\" height=\"990\" src=\"https:\/\/liebke-foto.de\/maerkischeslicht\/wp-content\/uploads\/2017\/11\/Juni.jpg\" alt=\"Krummer See\" class=\"wp-image-2727\" srcset=\"https:\/\/liebke-foto.de\/maerkischeslicht\/wp-content\/uploads\/2017\/11\/Juni.jpg 1400w, https:\/\/liebke-foto.de\/maerkischeslicht\/wp-content\/uploads\/2017\/11\/Juni-1131x800.jpg 1131w, https:\/\/liebke-foto.de\/maerkischeslicht\/wp-content\/uploads\/2017\/11\/Juni-768x543.jpg 768w\" sizes=\"auto, (max-width: 1400px) 100vw, 1400px\" \/><\/a><\/figure>\n<\/div>\n\n<div class=\"wp-block-image is-style-default\">\n<figure class=\"aligncenter\"><a href=\"https:\/\/liebke-foto.de\/maerkischeslicht\/wp-content\/uploads\/2017\/11\/Juli.jpg\"><img loading=\"lazy\" decoding=\"async\" width=\"1400\" height=\"990\" src=\"https:\/\/liebke-foto.de\/maerkischeslicht\/wp-content\/uploads\/2017\/11\/Juli.jpg\" alt=\"Notte Kanal\" class=\"wp-image-2726\" srcset=\"https:\/\/liebke-foto.de\/maerkischeslicht\/wp-content\/uploads\/2017\/11\/Juli.jpg 1400w, https:\/\/liebke-foto.de\/maerkischeslicht\/wp-content\/uploads\/2017\/11\/Juli-1131x800.jpg 1131w, https:\/\/liebke-foto.de\/maerkischeslicht\/wp-content\/uploads\/2017\/11\/Juli-768x543.jpg 768w\" sizes=\"auto, (max-width: 1400px) 100vw, 1400px\" \/><\/a><\/figure>\n<\/div>\n\n<div class=\"wp-block-image is-style-default\">\n<figure class=\"aligncenter\"><a href=\"https:\/\/liebke-foto.de\/maerkischeslicht\/wp-content\/uploads\/2017\/11\/August.jpg\"><img loading=\"lazy\" decoding=\"async\" width=\"1400\" height=\"990\" src=\"https:\/\/liebke-foto.de\/maerkischeslicht\/wp-content\/uploads\/2017\/11\/August.jpg\" alt=\"Senzig\" class=\"wp-image-2722\" srcset=\"https:\/\/liebke-foto.de\/maerkischeslicht\/wp-content\/uploads\/2017\/11\/August.jpg 1400w, https:\/\/liebke-foto.de\/maerkischeslicht\/wp-content\/uploads\/2017\/11\/August-1131x800.jpg 1131w, https:\/\/liebke-foto.de\/maerkischeslicht\/wp-content\/uploads\/2017\/11\/August-768x543.jpg 768w\" sizes=\"auto, (max-width: 1400px) 100vw, 1400px\" \/><\/a><\/figure>\n<\/div>\n\n<div class=\"wp-block-image is-style-default\">\n<figure class=\"aligncenter\"><a href=\"https:\/\/liebke-foto.de\/maerkischeslicht\/wp-content\/uploads\/2017\/11\/September.jpg\"><img loading=\"lazy\" decoding=\"async\" width=\"1400\" height=\"990\" src=\"https:\/\/liebke-foto.de\/maerkischeslicht\/wp-content\/uploads\/2017\/11\/September.jpg\" alt=\"Schloss\" class=\"wp-image-2732\" srcset=\"https:\/\/liebke-foto.de\/maerkischeslicht\/wp-content\/uploads\/2017\/11\/September.jpg 1400w, https:\/\/liebke-foto.de\/maerkischeslicht\/wp-content\/uploads\/2017\/11\/September-1131x800.jpg 1131w, https:\/\/liebke-foto.de\/maerkischeslicht\/wp-content\/uploads\/2017\/11\/September-768x543.jpg 768w\" sizes=\"auto, (max-width: 1400px) 100vw, 1400px\" \/><\/a><\/figure>\n<\/div>\n\n<div class=\"wp-block-image is-style-default\">\n<figure class=\"aligncenter\"><a href=\"https:\/\/liebke-foto.de\/maerkischeslicht\/wp-content\/uploads\/2017\/11\/Oktober.jpg\"><img loading=\"lazy\" decoding=\"async\" width=\"1400\" height=\"990\" src=\"https:\/\/liebke-foto.de\/maerkischeslicht\/wp-content\/uploads\/2017\/11\/Oktober.jpg\" alt=\"Notte Kanal\" class=\"wp-image-2731\" srcset=\"https:\/\/liebke-foto.de\/maerkischeslicht\/wp-content\/uploads\/2017\/11\/Oktober.jpg 1400w, https:\/\/liebke-foto.de\/maerkischeslicht\/wp-content\/uploads\/2017\/11\/Oktober-1131x800.jpg 1131w, https:\/\/liebke-foto.de\/maerkischeslicht\/wp-content\/uploads\/2017\/11\/Oktober-768x543.jpg 768w\" sizes=\"auto, (max-width: 1400px) 100vw, 1400px\" \/><\/a><\/figure>\n<\/div>\n\n<div class=\"wp-block-image is-style-default\">\n<figure class=\"aligncenter\"><a href=\"https:\/\/liebke-foto.de\/maerkischeslicht\/wp-content\/uploads\/2017\/11\/November.jpg\"><img loading=\"lazy\" decoding=\"async\" width=\"1400\" height=\"990\" src=\"https:\/\/liebke-foto.de\/maerkischeslicht\/wp-content\/uploads\/2017\/11\/November.jpg\" alt=\"Bahnhofstra\u00dfe\" class=\"wp-image-2730\" srcset=\"https:\/\/liebke-foto.de\/maerkischeslicht\/wp-content\/uploads\/2017\/11\/November.jpg 1400w, https:\/\/liebke-foto.de\/maerkischeslicht\/wp-content\/uploads\/2017\/11\/November-1131x800.jpg 1131w, https:\/\/liebke-foto.de\/maerkischeslicht\/wp-content\/uploads\/2017\/11\/November-768x543.jpg 768w\" sizes=\"auto, (max-width: 1400px) 100vw, 1400px\" \/><\/a><\/figure>\n<\/div>\n\n<div class=\"wp-block-image is-style-default\">\n<figure class=\"aligncenter\"><a href=\"https:\/\/liebke-foto.de\/maerkischeslicht\/wp-content\/uploads\/2017\/11\/Dezember.jpg\"><img loading=\"lazy\" decoding=\"async\" width=\"1400\" height=\"990\" src=\"https:\/\/liebke-foto.de\/maerkischeslicht\/wp-content\/uploads\/2017\/11\/Dezember.jpg\" alt=\"Konzert auf dem Wasserturm\" class=\"wp-image-2723\" srcset=\"https:\/\/liebke-foto.de\/maerkischeslicht\/wp-content\/uploads\/2017\/11\/Dezember.jpg 1400w, https:\/\/liebke-foto.de\/maerkischeslicht\/wp-content\/uploads\/2017\/11\/Dezember-1131x800.jpg 1131w, https:\/\/liebke-foto.de\/maerkischeslicht\/wp-content\/uploads\/2017\/11\/Dezember-768x543.jpg 768w\" sizes=\"auto, (max-width: 1400px) 100vw, 1400px\" \/><\/a><\/figure>\n<\/div><\/div><\/div>\n\n\n\n<div style=\"padding:20px\" class=\"wp-block-tnp-minimal\"><p>Subscribe to our newsletter!<\/p><div><div class=\"tnp tnp-subscription \">\n<form method=\"post\" action=\"https:\/\/liebke-foto.de\/maerkischeslicht\/wp-admin\/admin-ajax.php?action=tnp&amp;na=s\">\n<input type=\"hidden\" name=\"nlang\" value=\"\">\n<div class=\"tnp-field tnp-field-firstname\"><label for=\"tnp-1\">Vorname oder ganzer Name<\/label>\n<input class=\"tnp-name\" type=\"text\" name=\"nn\" id=\"tnp-1\" value=\"\" placeholder=\"\"><\/div>\n<div class=\"tnp-field tnp-field-email\"><label for=\"tnp-2\">Email<\/label>\n<input class=\"tnp-email\" type=\"email\" name=\"ne\" id=\"tnp-2\" value=\"\" placeholder=\"\" required><\/div>\n<div class=\"tnp-field tnp-privacy-field\"><label><input type=\"checkbox\" name=\"ny\" required class=\"tnp-privacy\"> Indem Du fortf\u00e4hrst, akzeptierst Du unsere Datenschutzerkl\u00e4rung.<\/label><\/div><div class=\"tnp-field tnp-field-button\" style=\"text-align: left\"><input class=\"tnp-submit\" type=\"submit\" value=\"Abonnieren\" style=\"\">\n<\/div>\n<\/form>\n<\/div>\n<\/div><\/div>\n\n\n\n\n","protected":false},"excerpt":{"rendered":"<p>Nun ist er fertig und liegt gedruckt vor. Mein zweiter Kalender &#8222;Romantisches K\u00f6nigs Wusterhausen und Umgebung 2018&#8220;. Mittels zw\u00f6lf stimmungsvoller Bilder soll er&#8230;<\/p>\n","protected":false},"author":1,"featured_media":2733,"comment_status":"open","ping_status":"closed","sticky":false,"template":"","format":"image","meta":{"footnotes":""},"categories":[11],"tags":[],"class_list":["post-2720","post","type-post","status-publish","format-image","has-post-thumbnail","hentry","category-im-land-brandenburg-unterwegs","post_format-post-format-image"],"yoast_head":"<!-- This site is optimized with the Yoast SEO plugin v27.5 - https:\/\/yoast.com\/product\/yoast-seo-wordpress\/ -->\n<title>Kalender &quot;Romantisches K\u00f6nigs Wusterhausen und Umgebung&quot; 2018<\/title>\n<meta name=\"description\" content=\"Kalender &quot;Romantisches K\u00f6nigs Wusterhausen und Umgebung&quot; 2018\" \/>\n<meta name=\"robots\" content=\"index, follow, max-snippet:-1, max-image-preview:large, max-video-preview:-1\" \/>\n<link rel=\"canonical\" href=\"https:\/\/liebke-foto.de\/maerkischeslicht\/kalender-romantisches-koenigs-wusterhausen-und-umgebung-2018\/\" \/>\n<meta property=\"og:locale\" content=\"de_DE\" \/>\n<meta property=\"og:type\" content=\"article\" \/>\n<meta property=\"og:title\" content=\"Kalender &quot;Romantisches K\u00f6nigs Wusterhausen und Umgebung&quot; 2018\" \/>\n<meta property=\"og:description\" content=\"Kalender &quot;Romantisches K\u00f6nigs Wusterhausen und Umgebung&quot; 2018\" \/>\n<meta property=\"og:url\" content=\"https:\/\/liebke-foto.de\/maerkischeslicht\/kalender-romantisches-koenigs-wusterhausen-und-umgebung-2018\/\" \/>\n<meta property=\"og:site_name\" content=\"M\u00e4rkisches Licht - Der Fotograf der Stille\" \/>\n<meta property=\"article:published_time\" content=\"2017-11-24T07:19:30+00:00\" \/>\n<meta property=\"article:modified_time\" content=\"2022-07-04T06:53:28+00:00\" \/>\n<meta property=\"og:image\" content=\"https:\/\/liebke-foto.de\/maerkischeslicht\/wp-content\/uploads\/2017\/11\/Titel.jpg\" \/>\n\t<meta property=\"og:image:width\" content=\"1400\" \/>\n\t<meta property=\"og:image:height\" content=\"990\" \/>\n\t<meta property=\"og:image:type\" content=\"image\/jpeg\" \/>\n<meta name=\"author\" content=\"Frank Liebke\" \/>\n<meta name=\"twitter:card\" content=\"summary_large_image\" \/>\n<meta name=\"twitter:label1\" content=\"Verfasst von\" \/>\n\t<meta name=\"twitter:data1\" content=\"Frank Liebke\" \/>\n\t<meta name=\"twitter:label2\" content=\"Gesch\u00e4tzte Lesezeit\" \/>\n\t<meta name=\"twitter:data2\" content=\"4\u00a0Minuten\" \/>\n<script type=\"application\/ld+json\" class=\"yoast-schema-graph\">{\"@context\":\"https:\\\/\\\/schema.org\",\"@graph\":[{\"@type\":\"Article\",\"@id\":\"https:\\\/\\\/liebke-foto.de\\\/maerkischeslicht\\\/kalender-romantisches-koenigs-wusterhausen-und-umgebung-2018\\\/#article\",\"isPartOf\":{\"@id\":\"https:\\\/\\\/liebke-foto.de\\\/maerkischeslicht\\\/kalender-romantisches-koenigs-wusterhausen-und-umgebung-2018\\\/\"},\"author\":{\"name\":\"Frank Liebke\",\"@id\":\"https:\\\/\\\/liebke-foto.de\\\/maerkischeslicht\\\/#\\\/schema\\\/person\\\/d71108abc09a723daeeb8526a33137ee\"},\"headline\":\"Kalender &#8222;Romantisches K\u00f6nigs Wusterhausen und Umgebung&#8220; 2018\",\"datePublished\":\"2017-11-24T07:19:30+00:00\",\"dateModified\":\"2022-07-04T06:53:28+00:00\",\"mainEntityOfPage\":{\"@id\":\"https:\\\/\\\/liebke-foto.de\\\/maerkischeslicht\\\/kalender-romantisches-koenigs-wusterhausen-und-umgebung-2018\\\/\"},\"wordCount\":105,\"commentCount\":2,\"publisher\":{\"@id\":\"https:\\\/\\\/liebke-foto.de\\\/maerkischeslicht\\\/#\\\/schema\\\/person\\\/d71108abc09a723daeeb8526a33137ee\"},\"image\":{\"@id\":\"https:\\\/\\\/liebke-foto.de\\\/maerkischeslicht\\\/kalender-romantisches-koenigs-wusterhausen-und-umgebung-2018\\\/#primaryimage\"},\"thumbnailUrl\":\"https:\\\/\\\/liebke-foto.de\\\/maerkischeslicht\\\/wp-content\\\/uploads\\\/2017\\\/11\\\/Titel.jpg\",\"articleSection\":[\"Im Land Brandenburg unterwegs\"],\"inLanguage\":\"de\",\"potentialAction\":[{\"@type\":\"CommentAction\",\"name\":\"Comment\",\"target\":[\"https:\\\/\\\/liebke-foto.de\\\/maerkischeslicht\\\/kalender-romantisches-koenigs-wusterhausen-und-umgebung-2018\\\/#respond\"]}]},{\"@type\":\"WebPage\",\"@id\":\"https:\\\/\\\/liebke-foto.de\\\/maerkischeslicht\\\/kalender-romantisches-koenigs-wusterhausen-und-umgebung-2018\\\/\",\"url\":\"https:\\\/\\\/liebke-foto.de\\\/maerkischeslicht\\\/kalender-romantisches-koenigs-wusterhausen-und-umgebung-2018\\\/\",\"name\":\"Kalender \\\"Romantisches K\u00f6nigs Wusterhausen und Umgebung\\\" 2018\",\"isPartOf\":{\"@id\":\"https:\\\/\\\/liebke-foto.de\\\/maerkischeslicht\\\/#website\"},\"primaryImageOfPage\":{\"@id\":\"https:\\\/\\\/liebke-foto.de\\\/maerkischeslicht\\\/kalender-romantisches-koenigs-wusterhausen-und-umgebung-2018\\\/#primaryimage\"},\"image\":{\"@id\":\"https:\\\/\\\/liebke-foto.de\\\/maerkischeslicht\\\/kalender-romantisches-koenigs-wusterhausen-und-umgebung-2018\\\/#primaryimage\"},\"thumbnailUrl\":\"https:\\\/\\\/liebke-foto.de\\\/maerkischeslicht\\\/wp-content\\\/uploads\\\/2017\\\/11\\\/Titel.jpg\",\"datePublished\":\"2017-11-24T07:19:30+00:00\",\"dateModified\":\"2022-07-04T06:53:28+00:00\",\"description\":\"Kalender \\\"Romantisches K\u00f6nigs Wusterhausen und Umgebung\\\" 2018\",\"breadcrumb\":{\"@id\":\"https:\\\/\\\/liebke-foto.de\\\/maerkischeslicht\\\/kalender-romantisches-koenigs-wusterhausen-und-umgebung-2018\\\/#breadcrumb\"},\"inLanguage\":\"de\",\"potentialAction\":[{\"@type\":\"ReadAction\",\"target\":[\"https:\\\/\\\/liebke-foto.de\\\/maerkischeslicht\\\/kalender-romantisches-koenigs-wusterhausen-und-umgebung-2018\\\/\"]}]},{\"@type\":\"ImageObject\",\"inLanguage\":\"de\",\"@id\":\"https:\\\/\\\/liebke-foto.de\\\/maerkischeslicht\\\/kalender-romantisches-koenigs-wusterhausen-und-umgebung-2018\\\/#primaryimage\",\"url\":\"https:\\\/\\\/liebke-foto.de\\\/maerkischeslicht\\\/wp-content\\\/uploads\\\/2017\\\/11\\\/Titel.jpg\",\"contentUrl\":\"https:\\\/\\\/liebke-foto.de\\\/maerkischeslicht\\\/wp-content\\\/uploads\\\/2017\\\/11\\\/Titel.jpg\",\"width\":1400,\"height\":990},{\"@type\":\"BreadcrumbList\",\"@id\":\"https:\\\/\\\/liebke-foto.de\\\/maerkischeslicht\\\/kalender-romantisches-koenigs-wusterhausen-und-umgebung-2018\\\/#breadcrumb\",\"itemListElement\":[{\"@type\":\"ListItem\",\"position\":1,\"name\":\"Startseite\",\"item\":\"https:\\\/\\\/liebke-foto.de\\\/maerkischeslicht\\\/\"},{\"@type\":\"ListItem\",\"position\":2,\"name\":\"Kalender &#8222;Romantisches K\u00f6nigs Wusterhausen und Umgebung&#8220; 2018\"}]},{\"@type\":\"WebSite\",\"@id\":\"https:\\\/\\\/liebke-foto.de\\\/maerkischeslicht\\\/#website\",\"url\":\"https:\\\/\\\/liebke-foto.de\\\/maerkischeslicht\\\/\",\"name\":\"M\u00e4rkisches Licht - Der Fotograf der Stille\",\"description\":\"Die Liebe zum Leben...\",\"publisher\":{\"@id\":\"https:\\\/\\\/liebke-foto.de\\\/maerkischeslicht\\\/#\\\/schema\\\/person\\\/d71108abc09a723daeeb8526a33137ee\"},\"potentialAction\":[{\"@type\":\"SearchAction\",\"target\":{\"@type\":\"EntryPoint\",\"urlTemplate\":\"https:\\\/\\\/liebke-foto.de\\\/maerkischeslicht\\\/?s={search_term_string}\"},\"query-input\":{\"@type\":\"PropertyValueSpecification\",\"valueRequired\":true,\"valueName\":\"search_term_string\"}}],\"inLanguage\":\"de\"},{\"@type\":[\"Person\",\"Organization\"],\"@id\":\"https:\\\/\\\/liebke-foto.de\\\/maerkischeslicht\\\/#\\\/schema\\\/person\\\/d71108abc09a723daeeb8526a33137ee\",\"name\":\"Frank Liebke\",\"image\":{\"@type\":\"ImageObject\",\"inLanguage\":\"de\",\"@id\":\"https:\\\/\\\/liebke-foto.de\\\/maerkischeslicht\\\/wp-content\\\/uploads\\\/2021\\\/12\\\/IMG-20211024-WA0001.jpg\",\"url\":\"https:\\\/\\\/liebke-foto.de\\\/maerkischeslicht\\\/wp-content\\\/uploads\\\/2021\\\/12\\\/IMG-20211024-WA0001.jpg\",\"contentUrl\":\"https:\\\/\\\/liebke-foto.de\\\/maerkischeslicht\\\/wp-content\\\/uploads\\\/2021\\\/12\\\/IMG-20211024-WA0001.jpg\",\"width\":900,\"height\":1600,\"caption\":\"Frank Liebke\"},\"logo\":{\"@id\":\"https:\\\/\\\/liebke-foto.de\\\/maerkischeslicht\\\/wp-content\\\/uploads\\\/2021\\\/12\\\/IMG-20211024-WA0001.jpg\"},\"sameAs\":[\"https:\\\/\\\/liebke-foto.de\"],\"url\":\"https:\\\/\\\/liebke-foto.de\\\/maerkischeslicht\\\/author\\\/adminuser\\\/\"}]}<\/script>\n<!-- \/ Yoast SEO plugin. -->","yoast_head_json":{"title":"Kalender \"Romantisches K\u00f6nigs Wusterhausen und Umgebung\" 2018","description":"Kalender \"Romantisches K\u00f6nigs Wusterhausen und Umgebung\" 2018","robots":{"index":"index","follow":"follow","max-snippet":"max-snippet:-1","max-image-preview":"max-image-preview:large","max-video-preview":"max-video-preview:-1"},"canonical":"https:\/\/liebke-foto.de\/maerkischeslicht\/kalender-romantisches-koenigs-wusterhausen-und-umgebung-2018\/","og_locale":"de_DE","og_type":"article","og_title":"Kalender \"Romantisches K\u00f6nigs Wusterhausen und Umgebung\" 2018","og_description":"Kalender \"Romantisches K\u00f6nigs Wusterhausen und Umgebung\" 2018","og_url":"https:\/\/liebke-foto.de\/maerkischeslicht\/kalender-romantisches-koenigs-wusterhausen-und-umgebung-2018\/","og_site_name":"M\u00e4rkisches Licht - Der Fotograf der Stille","article_published_time":"2017-11-24T07:19:30+00:00","article_modified_time":"2022-07-04T06:53:28+00:00","og_image":[{"width":1400,"height":990,"url":"https:\/\/liebke-foto.de\/maerkischeslicht\/wp-content\/uploads\/2017\/11\/Titel.jpg","type":"image\/jpeg"}],"author":"Frank Liebke","twitter_card":"summary_large_image","twitter_misc":{"Verfasst von":"Frank Liebke","Gesch\u00e4tzte Lesezeit":"4\u00a0Minuten"},"schema":{"@context":"https:\/\/schema.org","@graph":[{"@type":"Article","@id":"https:\/\/liebke-foto.de\/maerkischeslicht\/kalender-romantisches-koenigs-wusterhausen-und-umgebung-2018\/#article","isPartOf":{"@id":"https:\/\/liebke-foto.de\/maerkischeslicht\/kalender-romantisches-koenigs-wusterhausen-und-umgebung-2018\/"},"author":{"name":"Frank Liebke","@id":"https:\/\/liebke-foto.de\/maerkischeslicht\/#\/schema\/person\/d71108abc09a723daeeb8526a33137ee"},"headline":"Kalender &#8222;Romantisches K\u00f6nigs Wusterhausen und Umgebung&#8220; 2018","datePublished":"2017-11-24T07:19:30+00:00","dateModified":"2022-07-04T06:53:28+00:00","mainEntityOfPage":{"@id":"https:\/\/liebke-foto.de\/maerkischeslicht\/kalender-romantisches-koenigs-wusterhausen-und-umgebung-2018\/"},"wordCount":105,"commentCount":2,"publisher":{"@id":"https:\/\/liebke-foto.de\/maerkischeslicht\/#\/schema\/person\/d71108abc09a723daeeb8526a33137ee"},"image":{"@id":"https:\/\/liebke-foto.de\/maerkischeslicht\/kalender-romantisches-koenigs-wusterhausen-und-umgebung-2018\/#primaryimage"},"thumbnailUrl":"https:\/\/liebke-foto.de\/maerkischeslicht\/wp-content\/uploads\/2017\/11\/Titel.jpg","articleSection":["Im Land Brandenburg unterwegs"],"inLanguage":"de","potentialAction":[{"@type":"CommentAction","name":"Comment","target":["https:\/\/liebke-foto.de\/maerkischeslicht\/kalender-romantisches-koenigs-wusterhausen-und-umgebung-2018\/#respond"]}]},{"@type":"WebPage","@id":"https:\/\/liebke-foto.de\/maerkischeslicht\/kalender-romantisches-koenigs-wusterhausen-und-umgebung-2018\/","url":"https:\/\/liebke-foto.de\/maerkischeslicht\/kalender-romantisches-koenigs-wusterhausen-und-umgebung-2018\/","name":"Kalender \"Romantisches K\u00f6nigs Wusterhausen und Umgebung\" 2018","isPartOf":{"@id":"https:\/\/liebke-foto.de\/maerkischeslicht\/#website"},"primaryImageOfPage":{"@id":"https:\/\/liebke-foto.de\/maerkischeslicht\/kalender-romantisches-koenigs-wusterhausen-und-umgebung-2018\/#primaryimage"},"image":{"@id":"https:\/\/liebke-foto.de\/maerkischeslicht\/kalender-romantisches-koenigs-wusterhausen-und-umgebung-2018\/#primaryimage"},"thumbnailUrl":"https:\/\/liebke-foto.de\/maerkischeslicht\/wp-content\/uploads\/2017\/11\/Titel.jpg","datePublished":"2017-11-24T07:19:30+00:00","dateModified":"2022-07-04T06:53:28+00:00","description":"Kalender \"Romantisches K\u00f6nigs Wusterhausen und Umgebung\" 2018","breadcrumb":{"@id":"https:\/\/liebke-foto.de\/maerkischeslicht\/kalender-romantisches-koenigs-wusterhausen-und-umgebung-2018\/#breadcrumb"},"inLanguage":"de","potentialAction":[{"@type":"ReadAction","target":["https:\/\/liebke-foto.de\/maerkischeslicht\/kalender-romantisches-koenigs-wusterhausen-und-umgebung-2018\/"]}]},{"@type":"ImageObject","inLanguage":"de","@id":"https:\/\/liebke-foto.de\/maerkischeslicht\/kalender-romantisches-koenigs-wusterhausen-und-umgebung-2018\/#primaryimage","url":"https:\/\/liebke-foto.de\/maerkischeslicht\/wp-content\/uploads\/2017\/11\/Titel.jpg","contentUrl":"https:\/\/liebke-foto.de\/maerkischeslicht\/wp-content\/uploads\/2017\/11\/Titel.jpg","width":1400,"height":990},{"@type":"BreadcrumbList","@id":"https:\/\/liebke-foto.de\/maerkischeslicht\/kalender-romantisches-koenigs-wusterhausen-und-umgebung-2018\/#breadcrumb","itemListElement":[{"@type":"ListItem","position":1,"name":"Startseite","item":"https:\/\/liebke-foto.de\/maerkischeslicht\/"},{"@type":"ListItem","position":2,"name":"Kalender &#8222;Romantisches K\u00f6nigs Wusterhausen und Umgebung&#8220; 2018"}]},{"@type":"WebSite","@id":"https:\/\/liebke-foto.de\/maerkischeslicht\/#website","url":"https:\/\/liebke-foto.de\/maerkischeslicht\/","name":"M\u00e4rkisches Licht - Der Fotograf der Stille","description":"Die Liebe zum Leben...","publisher":{"@id":"https:\/\/liebke-foto.de\/maerkischeslicht\/#\/schema\/person\/d71108abc09a723daeeb8526a33137ee"},"potentialAction":[{"@type":"SearchAction","target":{"@type":"EntryPoint","urlTemplate":"https:\/\/liebke-foto.de\/maerkischeslicht\/?s={search_term_string}"},"query-input":{"@type":"PropertyValueSpecification","valueRequired":true,"valueName":"search_term_string"}}],"inLanguage":"de"},{"@type":["Person","Organization"],"@id":"https:\/\/liebke-foto.de\/maerkischeslicht\/#\/schema\/person\/d71108abc09a723daeeb8526a33137ee","name":"Frank Liebke","image":{"@type":"ImageObject","inLanguage":"de","@id":"https:\/\/liebke-foto.de\/maerkischeslicht\/wp-content\/uploads\/2021\/12\/IMG-20211024-WA0001.jpg","url":"https:\/\/liebke-foto.de\/maerkischeslicht\/wp-content\/uploads\/2021\/12\/IMG-20211024-WA0001.jpg","contentUrl":"https:\/\/liebke-foto.de\/maerkischeslicht\/wp-content\/uploads\/2021\/12\/IMG-20211024-WA0001.jpg","width":900,"height":1600,"caption":"Frank Liebke"},"logo":{"@id":"https:\/\/liebke-foto.de\/maerkischeslicht\/wp-content\/uploads\/2021\/12\/IMG-20211024-WA0001.jpg"},"sameAs":["https:\/\/liebke-foto.de"],"url":"https:\/\/liebke-foto.de\/maerkischeslicht\/author\/adminuser\/"}]}},"_links":{"self":[{"href":"https:\/\/liebke-foto.de\/maerkischeslicht\/wp-json\/wp\/v2\/posts\/2720","targetHints":{"allow":["GET"]}}],"collection":[{"href":"https:\/\/liebke-foto.de\/maerkischeslicht\/wp-json\/wp\/v2\/posts"}],"about":[{"href":"https:\/\/liebke-foto.de\/maerkischeslicht\/wp-json\/wp\/v2\/types\/post"}],"author":[{"embeddable":true,"href":"https:\/\/liebke-foto.de\/maerkischeslicht\/wp-json\/wp\/v2\/users\/1"}],"replies":[{"embeddable":true,"href":"https:\/\/liebke-foto.de\/maerkischeslicht\/wp-json\/wp\/v2\/comments?post=2720"}],"version-history":[{"count":10,"href":"https:\/\/liebke-foto.de\/maerkischeslicht\/wp-json\/wp\/v2\/posts\/2720\/revisions"}],"predecessor-version":[{"id":6125,"href":"https:\/\/liebke-foto.de\/maerkischeslicht\/wp-json\/wp\/v2\/posts\/2720\/revisions\/6125"}],"wp:featuredmedia":[{"embeddable":true,"href":"https:\/\/liebke-foto.de\/maerkischeslicht\/wp-json\/wp\/v2\/media\/2733"}],"wp:attachment":[{"href":"https:\/\/liebke-foto.de\/maerkischeslicht\/wp-json\/wp\/v2\/media?parent=2720"}],"wp:term":[{"taxonomy":"category","embeddable":true,"href":"https:\/\/liebke-foto.de\/maerkischeslicht\/wp-json\/wp\/v2\/categories?post=2720"},{"taxonomy":"post_tag","embeddable":true,"href":"https:\/\/liebke-foto.de\/maerkischeslicht\/wp-json\/wp\/v2\/tags?post=2720"}],"curies":[{"name":"wp","href":"https:\/\/api.w.org\/{rel}","templated":true}]}}