{"id":2598,"date":"2017-08-09T12:32:58","date_gmt":"2017-08-09T10:32:58","guid":{"rendered":"http:\/\/liebke-foto.de\/maerkischeslicht\/?p=2598"},"modified":"2022-07-04T08:45:07","modified_gmt":"2022-07-04T06:45:07","slug":"kalender-romantisches-storkow-2018","status":"publish","type":"post","link":"https:\/\/liebke-foto.de\/maerkischeslicht\/kalender-romantisches-storkow-2018\/","title":{"rendered":"Kalender &#8222;Romantisches Storkow 2018&#8220;"},"content":{"rendered":"<div class=\"wp-block-image\">\n<figure class=\"aligncenter\"><a href=\"https:\/\/liebke-foto.de\/maerkischeslicht\/wp-content\/uploads\/2017\/08\/Titel-e1502274904704.jpg\"><img loading=\"lazy\" decoding=\"async\" width=\"1131\" height=\"800\" src=\"https:\/\/liebke-foto.de\/maerkischeslicht\/wp-content\/uploads\/2017\/08\/Titel-1131x800.jpg\" alt=\"Titel\" class=\"wp-image-2599\"\/><\/a><\/figure>\n<\/div>\n\n\n<p>Mein erster neuer Kalender 2018 in der Gr\u00f6\u00dfe A3 ist gedruckt. Er ist sofort erh\u00e4ltlich und wird zum Verkaufspreis von 15,00 \u20ac (darin enthalten sind 19% MwSt.) &nbsp;in der Tourismusinformation auf der Burg Storkow angeboten. <\/p>\n\n\n\n<p>In 12 ausgew\u00e4hlten Aufnahmen pr\u00e4sentiert sich das m\u00e4rkische Kleinod in stimmungsvoller Sch\u00f6nheit. Auch die Umgebung der Stadt selbst kommt dabei nicht zu kurz, seien es die Seen von Gro\u00df Schauen, Herbstlandschaft in Alt Stahnsdorf oder die abendliche Feierabendstimmung mit Mondschein \u00fcber Kummersdorf. <\/p>\n\n\n\n<p>Bestellungen unter E-Mail: <a href=\"mailto:tourismus@storkow.de\" target=\"_blank\" rel=\"noopener\">tourismus@storkow.de<\/a> , Telefon 033678-73108 oder pers\u00f6nlich in der Tourist-Information auf der&nbsp;<a id=\"js_2ub\" data-hovercard=\"\/ajax\/hovercard\/page.php?id=159546134073821&amp;extragetparams=%7B%22directed_target_id%22%3A0%7D\" data-hovercard-prefer-more-content-show=\"1\" aria-controls=\"js_2u9\" aria-haspopup=\"true\" aria-describedby=\"js_2ua\" href=\"https:\/\/www.facebook.com\/pages\/Burg-Storkow\/159546134073821\">Burg Storkow<\/a>&nbsp;.&nbsp;Hier nun eine Vorschau aller Monate:<\/p>\n\n\n<div class=\"wp-block-image\">\n<figure class=\"aligncenter size-large\"><a href=\"https:\/\/liebke-foto.de\/maerkischeslicht\/wp-content\/uploads\/2017\/08\/Januar.jpg\"><img loading=\"lazy\" decoding=\"async\" width=\"1599\" height=\"1131\" src=\"https:\/\/liebke-foto.de\/maerkischeslicht\/wp-content\/uploads\/2017\/08\/Januar.jpg\" alt=\"\" class=\"wp-image-2606\" srcset=\"https:\/\/liebke-foto.de\/maerkischeslicht\/wp-content\/uploads\/2017\/08\/Januar.jpg 1599w, https:\/\/liebke-foto.de\/maerkischeslicht\/wp-content\/uploads\/2017\/08\/Januar-1131x800.jpg 1131w, https:\/\/liebke-foto.de\/maerkischeslicht\/wp-content\/uploads\/2017\/08\/Januar-768x543.jpg 768w\" sizes=\"auto, (max-width: 1599px) 100vw, 1599px\" \/><\/a><\/figure>\n<\/div>\n\n<div class=\"wp-block-image\">\n<figure class=\"aligncenter size-large\"><a href=\"https:\/\/liebke-foto.de\/maerkischeslicht\/wp-content\/uploads\/2017\/08\/Februar.jpg\"><img loading=\"lazy\" decoding=\"async\" width=\"1599\" height=\"1131\" src=\"https:\/\/liebke-foto.de\/maerkischeslicht\/wp-content\/uploads\/2017\/08\/Februar.jpg\" alt=\"\" class=\"wp-image-2605\" srcset=\"https:\/\/liebke-foto.de\/maerkischeslicht\/wp-content\/uploads\/2017\/08\/Februar.jpg 1599w, https:\/\/liebke-foto.de\/maerkischeslicht\/wp-content\/uploads\/2017\/08\/Februar-1131x800.jpg 1131w, https:\/\/liebke-foto.de\/maerkischeslicht\/wp-content\/uploads\/2017\/08\/Februar-768x543.jpg 768w\" sizes=\"auto, (max-width: 1599px) 100vw, 1599px\" \/><\/a><\/figure>\n<\/div>\n\n<div class=\"wp-block-image\">\n<figure class=\"aligncenter size-large\"><a href=\"https:\/\/liebke-foto.de\/maerkischeslicht\/wp-content\/uploads\/2017\/08\/M\u00e4rz.jpg\"><img loading=\"lazy\" decoding=\"async\" width=\"1599\" height=\"1131\" src=\"https:\/\/liebke-foto.de\/maerkischeslicht\/wp-content\/uploads\/2017\/08\/M\u00e4rz.jpg\" alt=\"\" class=\"wp-image-2610\" srcset=\"https:\/\/liebke-foto.de\/maerkischeslicht\/wp-content\/uploads\/2017\/08\/M\u00e4rz.jpg 1599w, https:\/\/liebke-foto.de\/maerkischeslicht\/wp-content\/uploads\/2017\/08\/M\u00e4rz-1131x800.jpg 1131w, https:\/\/liebke-foto.de\/maerkischeslicht\/wp-content\/uploads\/2017\/08\/M\u00e4rz-768x543.jpg 768w\" sizes=\"auto, (max-width: 1599px) 100vw, 1599px\" \/><\/a><\/figure>\n<\/div>\n\n<div class=\"wp-block-image\">\n<figure class=\"aligncenter size-large\"><a href=\"https:\/\/liebke-foto.de\/maerkischeslicht\/wp-content\/uploads\/2017\/08\/April.jpg\"><img loading=\"lazy\" decoding=\"async\" width=\"1599\" height=\"1131\" src=\"https:\/\/liebke-foto.de\/maerkischeslicht\/wp-content\/uploads\/2017\/08\/April.jpg\" alt=\"\" class=\"wp-image-2602\" srcset=\"https:\/\/liebke-foto.de\/maerkischeslicht\/wp-content\/uploads\/2017\/08\/April.jpg 1599w, https:\/\/liebke-foto.de\/maerkischeslicht\/wp-content\/uploads\/2017\/08\/April-1131x800.jpg 1131w, https:\/\/liebke-foto.de\/maerkischeslicht\/wp-content\/uploads\/2017\/08\/April-768x543.jpg 768w\" sizes=\"auto, (max-width: 1599px) 100vw, 1599px\" \/><\/a><\/figure>\n<\/div>\n\n<div class=\"wp-block-image\">\n<figure class=\"aligncenter size-large\"><a href=\"https:\/\/liebke-foto.de\/maerkischeslicht\/wp-content\/uploads\/2017\/08\/Mai.jpg\"><img loading=\"lazy\" decoding=\"async\" width=\"1599\" height=\"1131\" src=\"https:\/\/liebke-foto.de\/maerkischeslicht\/wp-content\/uploads\/2017\/08\/Mai.jpg\" alt=\"\" class=\"wp-image-2609\" srcset=\"https:\/\/liebke-foto.de\/maerkischeslicht\/wp-content\/uploads\/2017\/08\/Mai.jpg 1599w, https:\/\/liebke-foto.de\/maerkischeslicht\/wp-content\/uploads\/2017\/08\/Mai-1131x800.jpg 1131w, https:\/\/liebke-foto.de\/maerkischeslicht\/wp-content\/uploads\/2017\/08\/Mai-768x543.jpg 768w\" sizes=\"auto, (max-width: 1599px) 100vw, 1599px\" \/><\/a><\/figure>\n<\/div>\n\n<div class=\"wp-block-image\">\n<figure class=\"aligncenter size-large\"><a href=\"https:\/\/liebke-foto.de\/maerkischeslicht\/wp-content\/uploads\/2017\/08\/Juni.jpg\"><img loading=\"lazy\" decoding=\"async\" width=\"1599\" height=\"1131\" src=\"https:\/\/liebke-foto.de\/maerkischeslicht\/wp-content\/uploads\/2017\/08\/Juni.jpg\" alt=\"\" class=\"wp-image-2608\" srcset=\"https:\/\/liebke-foto.de\/maerkischeslicht\/wp-content\/uploads\/2017\/08\/Juni.jpg 1599w, https:\/\/liebke-foto.de\/maerkischeslicht\/wp-content\/uploads\/2017\/08\/Juni-1131x800.jpg 1131w, https:\/\/liebke-foto.de\/maerkischeslicht\/wp-content\/uploads\/2017\/08\/Juni-768x543.jpg 768w\" sizes=\"auto, (max-width: 1599px) 100vw, 1599px\" \/><\/a><\/figure>\n<\/div>\n\n<div class=\"wp-block-image\">\n<figure class=\"aligncenter size-large\"><a href=\"https:\/\/liebke-foto.de\/maerkischeslicht\/wp-content\/uploads\/2017\/08\/Juli.jpg\"><img loading=\"lazy\" decoding=\"async\" width=\"1599\" height=\"1131\" src=\"https:\/\/liebke-foto.de\/maerkischeslicht\/wp-content\/uploads\/2017\/08\/Juli.jpg\" alt=\"\" class=\"wp-image-2607\" srcset=\"https:\/\/liebke-foto.de\/maerkischeslicht\/wp-content\/uploads\/2017\/08\/Juli.jpg 1599w, https:\/\/liebke-foto.de\/maerkischeslicht\/wp-content\/uploads\/2017\/08\/Juli-1131x800.jpg 1131w, https:\/\/liebke-foto.de\/maerkischeslicht\/wp-content\/uploads\/2017\/08\/Juli-768x543.jpg 768w\" sizes=\"auto, (max-width: 1599px) 100vw, 1599px\" \/><\/a><\/figure>\n<\/div>\n\n<div class=\"wp-block-image\">\n<figure class=\"aligncenter size-large\"><a href=\"https:\/\/liebke-foto.de\/maerkischeslicht\/wp-content\/uploads\/2017\/08\/August.jpg\"><img loading=\"lazy\" decoding=\"async\" width=\"1599\" height=\"1131\" src=\"https:\/\/liebke-foto.de\/maerkischeslicht\/wp-content\/uploads\/2017\/08\/August.jpg\" alt=\"\" class=\"wp-image-2603\" srcset=\"https:\/\/liebke-foto.de\/maerkischeslicht\/wp-content\/uploads\/2017\/08\/August.jpg 1599w, https:\/\/liebke-foto.de\/maerkischeslicht\/wp-content\/uploads\/2017\/08\/August-1131x800.jpg 1131w, https:\/\/liebke-foto.de\/maerkischeslicht\/wp-content\/uploads\/2017\/08\/August-768x543.jpg 768w\" sizes=\"auto, (max-width: 1599px) 100vw, 1599px\" \/><\/a><\/figure>\n<\/div>\n\n<div class=\"wp-block-image\">\n<figure class=\"aligncenter size-large\"><a href=\"https:\/\/liebke-foto.de\/maerkischeslicht\/wp-content\/uploads\/2017\/08\/September.jpg\"><img loading=\"lazy\" decoding=\"async\" width=\"1599\" height=\"1131\" src=\"https:\/\/liebke-foto.de\/maerkischeslicht\/wp-content\/uploads\/2017\/08\/September.jpg\" alt=\"\" class=\"wp-image-2613\" srcset=\"https:\/\/liebke-foto.de\/maerkischeslicht\/wp-content\/uploads\/2017\/08\/September.jpg 1599w, https:\/\/liebke-foto.de\/maerkischeslicht\/wp-content\/uploads\/2017\/08\/September-1131x800.jpg 1131w, https:\/\/liebke-foto.de\/maerkischeslicht\/wp-content\/uploads\/2017\/08\/September-768x543.jpg 768w\" sizes=\"auto, (max-width: 1599px) 100vw, 1599px\" \/><\/a><\/figure>\n<\/div>\n\n<div class=\"wp-block-image\">\n<figure class=\"aligncenter size-large\"><a href=\"https:\/\/liebke-foto.de\/maerkischeslicht\/wp-content\/uploads\/2017\/08\/Oktober.jpg\"><img loading=\"lazy\" decoding=\"async\" width=\"1599\" height=\"1131\" src=\"https:\/\/liebke-foto.de\/maerkischeslicht\/wp-content\/uploads\/2017\/08\/Oktober.jpg\" alt=\"\" class=\"wp-image-2612\" srcset=\"https:\/\/liebke-foto.de\/maerkischeslicht\/wp-content\/uploads\/2017\/08\/Oktober.jpg 1599w, https:\/\/liebke-foto.de\/maerkischeslicht\/wp-content\/uploads\/2017\/08\/Oktober-1131x800.jpg 1131w, https:\/\/liebke-foto.de\/maerkischeslicht\/wp-content\/uploads\/2017\/08\/Oktober-768x543.jpg 768w\" sizes=\"auto, (max-width: 1599px) 100vw, 1599px\" \/><\/a><\/figure>\n<\/div>\n\n<div class=\"wp-block-image\">\n<figure class=\"aligncenter size-large\"><a href=\"https:\/\/liebke-foto.de\/maerkischeslicht\/wp-content\/uploads\/2017\/08\/November.jpg\"><img loading=\"lazy\" decoding=\"async\" width=\"1599\" height=\"1131\" src=\"https:\/\/liebke-foto.de\/maerkischeslicht\/wp-content\/uploads\/2017\/08\/November.jpg\" alt=\"\" class=\"wp-image-2611\" srcset=\"https:\/\/liebke-foto.de\/maerkischeslicht\/wp-content\/uploads\/2017\/08\/November.jpg 1599w, https:\/\/liebke-foto.de\/maerkischeslicht\/wp-content\/uploads\/2017\/08\/November-1131x800.jpg 1131w, https:\/\/liebke-foto.de\/maerkischeslicht\/wp-content\/uploads\/2017\/08\/November-768x543.jpg 768w\" sizes=\"auto, (max-width: 1599px) 100vw, 1599px\" \/><\/a><\/figure>\n<\/div>\n\n<div class=\"wp-block-image\">\n<figure class=\"aligncenter size-large\"><a href=\"https:\/\/liebke-foto.de\/maerkischeslicht\/wp-content\/uploads\/2017\/08\/Dezember.jpg\"><img loading=\"lazy\" decoding=\"async\" width=\"1599\" height=\"1131\" src=\"https:\/\/liebke-foto.de\/maerkischeslicht\/wp-content\/uploads\/2017\/08\/Dezember.jpg\" alt=\"\" class=\"wp-image-2604\" srcset=\"https:\/\/liebke-foto.de\/maerkischeslicht\/wp-content\/uploads\/2017\/08\/Dezember.jpg 1599w, https:\/\/liebke-foto.de\/maerkischeslicht\/wp-content\/uploads\/2017\/08\/Dezember-1131x800.jpg 1131w, https:\/\/liebke-foto.de\/maerkischeslicht\/wp-content\/uploads\/2017\/08\/Dezember-768x543.jpg 768w\" sizes=\"auto, (max-width: 1599px) 100vw, 1599px\" \/><\/a><\/figure>\n<\/div>\n\n\n<div style=\"padding:20px\" class=\"wp-block-tnp-minimal\"><p>Subscribe to our newsletter!<\/p><div><div class=\"tnp tnp-subscription \">\n<form method=\"post\" action=\"https:\/\/liebke-foto.de\/maerkischeslicht\/wp-admin\/admin-ajax.php?action=tnp&amp;na=s\">\n<input type=\"hidden\" name=\"nlang\" value=\"\">\n<div class=\"tnp-field tnp-field-firstname\"><label for=\"tnp-1\">Vorname oder ganzer Name<\/label>\n<input class=\"tnp-name\" type=\"text\" name=\"nn\" id=\"tnp-1\" value=\"\" placeholder=\"\"><\/div>\n<div class=\"tnp-field tnp-field-email\"><label for=\"tnp-2\">Email<\/label>\n<input class=\"tnp-email\" type=\"email\" name=\"ne\" id=\"tnp-2\" value=\"\" placeholder=\"\" required><\/div>\n<div class=\"tnp-field tnp-privacy-field\"><label><input type=\"checkbox\" name=\"ny\" required class=\"tnp-privacy\"> Indem Du fortf\u00e4hrst, akzeptierst Du unsere Datenschutzerkl\u00e4rung.<\/label><\/div><div class=\"tnp-field tnp-field-button\" style=\"text-align: left\"><input class=\"tnp-submit\" type=\"submit\" value=\"Abonnieren\" style=\"\">\n<\/div>\n<\/form>\n<\/div>\n<\/div><\/div>\n\n\n\n\n","protected":false},"excerpt":{"rendered":"<p>Mein erster neuer Kalender 2018 in der Gr\u00f6\u00dfe A3 ist gedruckt. Er ist sofort erh\u00e4ltlich und wird zum Verkaufspreis von 15,00 \u20ac (darin&#8230;<\/p>\n","protected":false},"author":1,"featured_media":2599,"comment_status":"open","ping_status":"closed","sticky":false,"template":"","format":"image","meta":{"footnotes":""},"categories":[11,10,38],"tags":[],"class_list":["post-2598","post","type-post","status-publish","format-image","has-post-thumbnail","hentry","category-im-land-brandenburg-unterwegs","category-landschaft-mark-brandenburg-oberhavel-barnim","category-menschliches-aus-der-mark","post_format-post-format-image"],"yoast_head":"<!-- This site is optimized with the Yoast SEO plugin v27.5 - https:\/\/yoast.com\/product\/yoast-seo-wordpress\/ -->\n<title>Kalender &quot;Romantisches Storkow 2018&quot; - M\u00e4rkisches Licht - Der Fotograf der Stille<\/title>\n<meta name=\"description\" content=\"Kalender &quot;Romantisches Storkow 2018&quot;\" \/>\n<meta name=\"robots\" content=\"index, follow, max-snippet:-1, max-image-preview:large, max-video-preview:-1\" \/>\n<link rel=\"canonical\" href=\"https:\/\/liebke-foto.de\/maerkischeslicht\/kalender-romantisches-storkow-2018\/\" \/>\n<meta property=\"og:locale\" content=\"de_DE\" \/>\n<meta property=\"og:type\" content=\"article\" \/>\n<meta property=\"og:title\" content=\"Kalender &quot;Romantisches Storkow 2018&quot; - M\u00e4rkisches Licht - Der Fotograf der Stille\" \/>\n<meta property=\"og:description\" content=\"Kalender &quot;Romantisches Storkow 2018&quot;\" \/>\n<meta property=\"og:url\" content=\"https:\/\/liebke-foto.de\/maerkischeslicht\/kalender-romantisches-storkow-2018\/\" \/>\n<meta property=\"og:site_name\" content=\"M\u00e4rkisches Licht - Der Fotograf der Stille\" \/>\n<meta property=\"article:published_time\" content=\"2017-08-09T10:32:58+00:00\" \/>\n<meta property=\"article:modified_time\" content=\"2022-07-04T06:45:07+00:00\" \/>\n<meta property=\"og:image\" content=\"https:\/\/liebke-foto.de\/maerkischeslicht\/wp-content\/uploads\/2017\/08\/Titel-e1502274904704.jpg\" \/>\n\t<meta property=\"og:image:width\" content=\"1400\" \/>\n\t<meta property=\"og:image:height\" content=\"990\" \/>\n\t<meta property=\"og:image:type\" content=\"image\/jpeg\" \/>\n<meta name=\"author\" content=\"Frank Liebke\" \/>\n<meta name=\"twitter:card\" content=\"summary_large_image\" \/>\n<meta name=\"twitter:label1\" content=\"Verfasst von\" \/>\n\t<meta name=\"twitter:data1\" content=\"Frank Liebke\" \/>\n\t<meta name=\"twitter:label2\" content=\"Gesch\u00e4tzte Lesezeit\" \/>\n\t<meta name=\"twitter:data2\" content=\"4\u00a0Minuten\" \/>\n<script type=\"application\/ld+json\" class=\"yoast-schema-graph\">{\"@context\":\"https:\\\/\\\/schema.org\",\"@graph\":[{\"@type\":\"Article\",\"@id\":\"https:\\\/\\\/liebke-foto.de\\\/maerkischeslicht\\\/kalender-romantisches-storkow-2018\\\/#article\",\"isPartOf\":{\"@id\":\"https:\\\/\\\/liebke-foto.de\\\/maerkischeslicht\\\/kalender-romantisches-storkow-2018\\\/\"},\"author\":{\"name\":\"Frank Liebke\",\"@id\":\"https:\\\/\\\/liebke-foto.de\\\/maerkischeslicht\\\/#\\\/schema\\\/person\\\/d71108abc09a723daeeb8526a33137ee\"},\"headline\":\"Kalender &#8222;Romantisches Storkow 2018&#8220;\",\"datePublished\":\"2017-08-09T10:32:58+00:00\",\"dateModified\":\"2022-07-04T06:45:07+00:00\",\"mainEntityOfPage\":{\"@id\":\"https:\\\/\\\/liebke-foto.de\\\/maerkischeslicht\\\/kalender-romantisches-storkow-2018\\\/\"},\"wordCount\":115,\"commentCount\":0,\"publisher\":{\"@id\":\"https:\\\/\\\/liebke-foto.de\\\/maerkischeslicht\\\/#\\\/schema\\\/person\\\/d71108abc09a723daeeb8526a33137ee\"},\"image\":{\"@id\":\"https:\\\/\\\/liebke-foto.de\\\/maerkischeslicht\\\/kalender-romantisches-storkow-2018\\\/#primaryimage\"},\"thumbnailUrl\":\"https:\\\/\\\/liebke-foto.de\\\/maerkischeslicht\\\/wp-content\\\/uploads\\\/2017\\\/08\\\/Titel-e1502274904704.jpg\",\"articleSection\":[\"Im Land Brandenburg unterwegs\",\"Landschaft\",\"Menschliches aus der Mark\"],\"inLanguage\":\"de\",\"potentialAction\":[{\"@type\":\"CommentAction\",\"name\":\"Comment\",\"target\":[\"https:\\\/\\\/liebke-foto.de\\\/maerkischeslicht\\\/kalender-romantisches-storkow-2018\\\/#respond\"]}]},{\"@type\":\"WebPage\",\"@id\":\"https:\\\/\\\/liebke-foto.de\\\/maerkischeslicht\\\/kalender-romantisches-storkow-2018\\\/\",\"url\":\"https:\\\/\\\/liebke-foto.de\\\/maerkischeslicht\\\/kalender-romantisches-storkow-2018\\\/\",\"name\":\"Kalender \\\"Romantisches Storkow 2018\\\" - M\u00e4rkisches Licht - Der Fotograf der Stille\",\"isPartOf\":{\"@id\":\"https:\\\/\\\/liebke-foto.de\\\/maerkischeslicht\\\/#website\"},\"primaryImageOfPage\":{\"@id\":\"https:\\\/\\\/liebke-foto.de\\\/maerkischeslicht\\\/kalender-romantisches-storkow-2018\\\/#primaryimage\"},\"image\":{\"@id\":\"https:\\\/\\\/liebke-foto.de\\\/maerkischeslicht\\\/kalender-romantisches-storkow-2018\\\/#primaryimage\"},\"thumbnailUrl\":\"https:\\\/\\\/liebke-foto.de\\\/maerkischeslicht\\\/wp-content\\\/uploads\\\/2017\\\/08\\\/Titel-e1502274904704.jpg\",\"datePublished\":\"2017-08-09T10:32:58+00:00\",\"dateModified\":\"2022-07-04T06:45:07+00:00\",\"description\":\"Kalender \\\"Romantisches Storkow 2018\\\"\",\"breadcrumb\":{\"@id\":\"https:\\\/\\\/liebke-foto.de\\\/maerkischeslicht\\\/kalender-romantisches-storkow-2018\\\/#breadcrumb\"},\"inLanguage\":\"de\",\"potentialAction\":[{\"@type\":\"ReadAction\",\"target\":[\"https:\\\/\\\/liebke-foto.de\\\/maerkischeslicht\\\/kalender-romantisches-storkow-2018\\\/\"]}]},{\"@type\":\"ImageObject\",\"inLanguage\":\"de\",\"@id\":\"https:\\\/\\\/liebke-foto.de\\\/maerkischeslicht\\\/kalender-romantisches-storkow-2018\\\/#primaryimage\",\"url\":\"https:\\\/\\\/liebke-foto.de\\\/maerkischeslicht\\\/wp-content\\\/uploads\\\/2017\\\/08\\\/Titel-e1502274904704.jpg\",\"contentUrl\":\"https:\\\/\\\/liebke-foto.de\\\/maerkischeslicht\\\/wp-content\\\/uploads\\\/2017\\\/08\\\/Titel-e1502274904704.jpg\",\"width\":1400,\"height\":990},{\"@type\":\"BreadcrumbList\",\"@id\":\"https:\\\/\\\/liebke-foto.de\\\/maerkischeslicht\\\/kalender-romantisches-storkow-2018\\\/#breadcrumb\",\"itemListElement\":[{\"@type\":\"ListItem\",\"position\":1,\"name\":\"Startseite\",\"item\":\"https:\\\/\\\/liebke-foto.de\\\/maerkischeslicht\\\/\"},{\"@type\":\"ListItem\",\"position\":2,\"name\":\"Kalender &#8222;Romantisches Storkow 2018&#8220;\"}]},{\"@type\":\"WebSite\",\"@id\":\"https:\\\/\\\/liebke-foto.de\\\/maerkischeslicht\\\/#website\",\"url\":\"https:\\\/\\\/liebke-foto.de\\\/maerkischeslicht\\\/\",\"name\":\"M\u00e4rkisches Licht - Der Fotograf der Stille\",\"description\":\"Die Liebe zum Leben...\",\"publisher\":{\"@id\":\"https:\\\/\\\/liebke-foto.de\\\/maerkischeslicht\\\/#\\\/schema\\\/person\\\/d71108abc09a723daeeb8526a33137ee\"},\"potentialAction\":[{\"@type\":\"SearchAction\",\"target\":{\"@type\":\"EntryPoint\",\"urlTemplate\":\"https:\\\/\\\/liebke-foto.de\\\/maerkischeslicht\\\/?s={search_term_string}\"},\"query-input\":{\"@type\":\"PropertyValueSpecification\",\"valueRequired\":true,\"valueName\":\"search_term_string\"}}],\"inLanguage\":\"de\"},{\"@type\":[\"Person\",\"Organization\"],\"@id\":\"https:\\\/\\\/liebke-foto.de\\\/maerkischeslicht\\\/#\\\/schema\\\/person\\\/d71108abc09a723daeeb8526a33137ee\",\"name\":\"Frank Liebke\",\"image\":{\"@type\":\"ImageObject\",\"inLanguage\":\"de\",\"@id\":\"https:\\\/\\\/liebke-foto.de\\\/maerkischeslicht\\\/wp-content\\\/uploads\\\/2021\\\/12\\\/IMG-20211024-WA0001.jpg\",\"url\":\"https:\\\/\\\/liebke-foto.de\\\/maerkischeslicht\\\/wp-content\\\/uploads\\\/2021\\\/12\\\/IMG-20211024-WA0001.jpg\",\"contentUrl\":\"https:\\\/\\\/liebke-foto.de\\\/maerkischeslicht\\\/wp-content\\\/uploads\\\/2021\\\/12\\\/IMG-20211024-WA0001.jpg\",\"width\":900,\"height\":1600,\"caption\":\"Frank Liebke\"},\"logo\":{\"@id\":\"https:\\\/\\\/liebke-foto.de\\\/maerkischeslicht\\\/wp-content\\\/uploads\\\/2021\\\/12\\\/IMG-20211024-WA0001.jpg\"},\"sameAs\":[\"https:\\\/\\\/liebke-foto.de\"],\"url\":\"https:\\\/\\\/liebke-foto.de\\\/maerkischeslicht\\\/author\\\/adminuser\\\/\"}]}<\/script>\n<!-- \/ Yoast SEO plugin. -->","yoast_head_json":{"title":"Kalender \"Romantisches Storkow 2018\" - M\u00e4rkisches Licht - Der Fotograf der Stille","description":"Kalender \"Romantisches Storkow 2018\"","robots":{"index":"index","follow":"follow","max-snippet":"max-snippet:-1","max-image-preview":"max-image-preview:large","max-video-preview":"max-video-preview:-1"},"canonical":"https:\/\/liebke-foto.de\/maerkischeslicht\/kalender-romantisches-storkow-2018\/","og_locale":"de_DE","og_type":"article","og_title":"Kalender \"Romantisches Storkow 2018\" - M\u00e4rkisches Licht - Der Fotograf der Stille","og_description":"Kalender \"Romantisches Storkow 2018\"","og_url":"https:\/\/liebke-foto.de\/maerkischeslicht\/kalender-romantisches-storkow-2018\/","og_site_name":"M\u00e4rkisches Licht - Der Fotograf der Stille","article_published_time":"2017-08-09T10:32:58+00:00","article_modified_time":"2022-07-04T06:45:07+00:00","og_image":[{"width":1400,"height":990,"url":"https:\/\/liebke-foto.de\/maerkischeslicht\/wp-content\/uploads\/2017\/08\/Titel-e1502274904704.jpg","type":"image\/jpeg"}],"author":"Frank Liebke","twitter_card":"summary_large_image","twitter_misc":{"Verfasst von":"Frank Liebke","Gesch\u00e4tzte Lesezeit":"4\u00a0Minuten"},"schema":{"@context":"https:\/\/schema.org","@graph":[{"@type":"Article","@id":"https:\/\/liebke-foto.de\/maerkischeslicht\/kalender-romantisches-storkow-2018\/#article","isPartOf":{"@id":"https:\/\/liebke-foto.de\/maerkischeslicht\/kalender-romantisches-storkow-2018\/"},"author":{"name":"Frank Liebke","@id":"https:\/\/liebke-foto.de\/maerkischeslicht\/#\/schema\/person\/d71108abc09a723daeeb8526a33137ee"},"headline":"Kalender &#8222;Romantisches Storkow 2018&#8220;","datePublished":"2017-08-09T10:32:58+00:00","dateModified":"2022-07-04T06:45:07+00:00","mainEntityOfPage":{"@id":"https:\/\/liebke-foto.de\/maerkischeslicht\/kalender-romantisches-storkow-2018\/"},"wordCount":115,"commentCount":0,"publisher":{"@id":"https:\/\/liebke-foto.de\/maerkischeslicht\/#\/schema\/person\/d71108abc09a723daeeb8526a33137ee"},"image":{"@id":"https:\/\/liebke-foto.de\/maerkischeslicht\/kalender-romantisches-storkow-2018\/#primaryimage"},"thumbnailUrl":"https:\/\/liebke-foto.de\/maerkischeslicht\/wp-content\/uploads\/2017\/08\/Titel-e1502274904704.jpg","articleSection":["Im Land Brandenburg unterwegs","Landschaft","Menschliches aus der Mark"],"inLanguage":"de","potentialAction":[{"@type":"CommentAction","name":"Comment","target":["https:\/\/liebke-foto.de\/maerkischeslicht\/kalender-romantisches-storkow-2018\/#respond"]}]},{"@type":"WebPage","@id":"https:\/\/liebke-foto.de\/maerkischeslicht\/kalender-romantisches-storkow-2018\/","url":"https:\/\/liebke-foto.de\/maerkischeslicht\/kalender-romantisches-storkow-2018\/","name":"Kalender \"Romantisches Storkow 2018\" - M\u00e4rkisches Licht - Der Fotograf der Stille","isPartOf":{"@id":"https:\/\/liebke-foto.de\/maerkischeslicht\/#website"},"primaryImageOfPage":{"@id":"https:\/\/liebke-foto.de\/maerkischeslicht\/kalender-romantisches-storkow-2018\/#primaryimage"},"image":{"@id":"https:\/\/liebke-foto.de\/maerkischeslicht\/kalender-romantisches-storkow-2018\/#primaryimage"},"thumbnailUrl":"https:\/\/liebke-foto.de\/maerkischeslicht\/wp-content\/uploads\/2017\/08\/Titel-e1502274904704.jpg","datePublished":"2017-08-09T10:32:58+00:00","dateModified":"2022-07-04T06:45:07+00:00","description":"Kalender \"Romantisches Storkow 2018\"","breadcrumb":{"@id":"https:\/\/liebke-foto.de\/maerkischeslicht\/kalender-romantisches-storkow-2018\/#breadcrumb"},"inLanguage":"de","potentialAction":[{"@type":"ReadAction","target":["https:\/\/liebke-foto.de\/maerkischeslicht\/kalender-romantisches-storkow-2018\/"]}]},{"@type":"ImageObject","inLanguage":"de","@id":"https:\/\/liebke-foto.de\/maerkischeslicht\/kalender-romantisches-storkow-2018\/#primaryimage","url":"https:\/\/liebke-foto.de\/maerkischeslicht\/wp-content\/uploads\/2017\/08\/Titel-e1502274904704.jpg","contentUrl":"https:\/\/liebke-foto.de\/maerkischeslicht\/wp-content\/uploads\/2017\/08\/Titel-e1502274904704.jpg","width":1400,"height":990},{"@type":"BreadcrumbList","@id":"https:\/\/liebke-foto.de\/maerkischeslicht\/kalender-romantisches-storkow-2018\/#breadcrumb","itemListElement":[{"@type":"ListItem","position":1,"name":"Startseite","item":"https:\/\/liebke-foto.de\/maerkischeslicht\/"},{"@type":"ListItem","position":2,"name":"Kalender &#8222;Romantisches Storkow 2018&#8220;"}]},{"@type":"WebSite","@id":"https:\/\/liebke-foto.de\/maerkischeslicht\/#website","url":"https:\/\/liebke-foto.de\/maerkischeslicht\/","name":"M\u00e4rkisches Licht - Der Fotograf der Stille","description":"Die Liebe zum Leben...","publisher":{"@id":"https:\/\/liebke-foto.de\/maerkischeslicht\/#\/schema\/person\/d71108abc09a723daeeb8526a33137ee"},"potentialAction":[{"@type":"SearchAction","target":{"@type":"EntryPoint","urlTemplate":"https:\/\/liebke-foto.de\/maerkischeslicht\/?s={search_term_string}"},"query-input":{"@type":"PropertyValueSpecification","valueRequired":true,"valueName":"search_term_string"}}],"inLanguage":"de"},{"@type":["Person","Organization"],"@id":"https:\/\/liebke-foto.de\/maerkischeslicht\/#\/schema\/person\/d71108abc09a723daeeb8526a33137ee","name":"Frank Liebke","image":{"@type":"ImageObject","inLanguage":"de","@id":"https:\/\/liebke-foto.de\/maerkischeslicht\/wp-content\/uploads\/2021\/12\/IMG-20211024-WA0001.jpg","url":"https:\/\/liebke-foto.de\/maerkischeslicht\/wp-content\/uploads\/2021\/12\/IMG-20211024-WA0001.jpg","contentUrl":"https:\/\/liebke-foto.de\/maerkischeslicht\/wp-content\/uploads\/2021\/12\/IMG-20211024-WA0001.jpg","width":900,"height":1600,"caption":"Frank Liebke"},"logo":{"@id":"https:\/\/liebke-foto.de\/maerkischeslicht\/wp-content\/uploads\/2021\/12\/IMG-20211024-WA0001.jpg"},"sameAs":["https:\/\/liebke-foto.de"],"url":"https:\/\/liebke-foto.de\/maerkischeslicht\/author\/adminuser\/"}]}},"_links":{"self":[{"href":"https:\/\/liebke-foto.de\/maerkischeslicht\/wp-json\/wp\/v2\/posts\/2598","targetHints":{"allow":["GET"]}}],"collection":[{"href":"https:\/\/liebke-foto.de\/maerkischeslicht\/wp-json\/wp\/v2\/posts"}],"about":[{"href":"https:\/\/liebke-foto.de\/maerkischeslicht\/wp-json\/wp\/v2\/types\/post"}],"author":[{"embeddable":true,"href":"https:\/\/liebke-foto.de\/maerkischeslicht\/wp-json\/wp\/v2\/users\/1"}],"replies":[{"embeddable":true,"href":"https:\/\/liebke-foto.de\/maerkischeslicht\/wp-json\/wp\/v2\/comments?post=2598"}],"version-history":[{"count":12,"href":"https:\/\/liebke-foto.de\/maerkischeslicht\/wp-json\/wp\/v2\/posts\/2598\/revisions"}],"predecessor-version":[{"id":6118,"href":"https:\/\/liebke-foto.de\/maerkischeslicht\/wp-json\/wp\/v2\/posts\/2598\/revisions\/6118"}],"wp:featuredmedia":[{"embeddable":true,"href":"https:\/\/liebke-foto.de\/maerkischeslicht\/wp-json\/wp\/v2\/media\/2599"}],"wp:attachment":[{"href":"https:\/\/liebke-foto.de\/maerkischeslicht\/wp-json\/wp\/v2\/media?parent=2598"}],"wp:term":[{"taxonomy":"category","embeddable":true,"href":"https:\/\/liebke-foto.de\/maerkischeslicht\/wp-json\/wp\/v2\/categories?post=2598"},{"taxonomy":"post_tag","embeddable":true,"href":"https:\/\/liebke-foto.de\/maerkischeslicht\/wp-json\/wp\/v2\/tags?post=2598"}],"curies":[{"name":"wp","href":"https:\/\/api.w.org\/{rel}","templated":true}]}}