{"id":2505,"date":"2016-08-24T14:17:31","date_gmt":"2016-08-24T12:17:31","guid":{"rendered":"http:\/\/liebke-foto.de\/maerkischeslicht\/?p=2505"},"modified":"2023-01-30T09:53:23","modified_gmt":"2023-01-30T07:53:23","slug":"kalender-romantisches-koenigs-wusterhausen","status":"publish","type":"post","link":"https:\/\/liebke-foto.de\/maerkischeslicht\/kalender-romantisches-koenigs-wusterhausen\/","title":{"rendered":"Kalender &#8222;Romantisches K\u00f6nigs Wusterhausen&#8220;"},"content":{"rendered":"<div class=\"wp-block-image\">\n<figure class=\"aligncenter\"><a href=\"https:\/\/liebke-foto.de\/maerkischeslicht\/wp-content\/uploads\/2016\/08\/Titel-1.jpg\"><img loading=\"lazy\" decoding=\"async\" width=\"1127\" height=\"800\" src=\"https:\/\/liebke-foto.de\/maerkischeslicht\/wp-content\/uploads\/2016\/08\/Titel-1-1127x800.jpg\" alt=\"Titel\" class=\"wp-image-2518\" srcset=\"https:\/\/liebke-foto.de\/maerkischeslicht\/wp-content\/uploads\/2016\/08\/Titel-1-1127x800.jpg 1127w, https:\/\/liebke-foto.de\/maerkischeslicht\/wp-content\/uploads\/2016\/08\/Titel-1-768x545.jpg 768w, https:\/\/liebke-foto.de\/maerkischeslicht\/wp-content\/uploads\/2016\/08\/Titel-1.jpg 1200w\" sizes=\"auto, (max-width: 1127px) 100vw, 1127px\" \/><\/a><figcaption class=\"wp-element-caption\">Titelbild<\/figcaption><\/figure>\n<\/div>\n\n\n<p>Jetzt bin ich fast ein Jahr im Ortsteil Zeesen der sch\u00f6nen Stadt K\u00f6nigs Wusterhausen ans\u00e4ssig. Und da war ich sehr oft im Ort und drumherum mit der Kamera unterwegs. Es sind so viele stimmungsvolle und romantische Bilder entstanden, dass ich spontan entschieden habe, es mit einen Kalender f\u00fcr das Jahr 2017 zu versuchen. <\/p>\n\n\n\n<p>Dabei habe ich mich bewusst eher f\u00fcr Landschaften entschlossen, das Schloss als Motiv, obwohl im Bestand, habe ich mal ganz zu Gunsten eben sch\u00f6ner Landschaften weggelassen \ud83d\ude09 . <\/p>\n\n\n\n<p>Nun bin ich gespannt ob er Anklang findet, sprich, gekauft wird. Deshalb auch hier im Blog alle Monate als Vorschaubild. In den n\u00e4chsten Tagen wird man sehen ob sich Verkaufsstellen daf\u00fcr interessieren.<\/p>\n\n\n\n<p>Der liegt jetzt gedruckt vorerst als Kleinauflage im Digitaldruck vor. Die Gr\u00f6\u00dfe ist A3 und er kostet 12,50 \u20ac Brutto, also Verkaufspreis inclusive Mehrwertsteuer.<br \/>Die Versandkosten betragen pro Sendung 5,50 \u20ac<\/p>\n\n\n\n<p><span style=\"color: #800000;\">Nun gibt es in K\u00f6nigs Wusterhausen zwei Stellen, wo der Kalender angeboten wird, zum einen die rennomierte Buchhandlung Radwer in der Bahnhofsstra\u00dfe, und in der Tourismusinformation im Bahnhof (freu!! \ud83d\ude00 ). Oder bei mir direkt in Zeesen: <a href=\"mailto:frank@fotoliebke.de\" target=\"_blank\" rel=\"noopener\">mailto:frank@fotoliebke.de<\/a><\/span><\/p>\n\n\n<div class=\"wp-block-image\">\n<figure class=\"aligncenter size-large\"><a href=\"https:\/\/liebke-foto.de\/maerkischeslicht\/wp-content\/uploads\/2016\/08\/Januar-1.jpg\"><img loading=\"lazy\" decoding=\"async\" width=\"1200\" height=\"852\" src=\"https:\/\/liebke-foto.de\/maerkischeslicht\/wp-content\/uploads\/2016\/08\/Januar-1.jpg\" alt=\"\" class=\"wp-image-2510\" srcset=\"https:\/\/liebke-foto.de\/maerkischeslicht\/wp-content\/uploads\/2016\/08\/Januar-1.jpg 1200w, https:\/\/liebke-foto.de\/maerkischeslicht\/wp-content\/uploads\/2016\/08\/Januar-1-1127x800.jpg 1127w, https:\/\/liebke-foto.de\/maerkischeslicht\/wp-content\/uploads\/2016\/08\/Januar-1-768x545.jpg 768w\" sizes=\"auto, (max-width: 1200px) 100vw, 1200px\" \/><\/a><\/figure>\n<\/div>\n\n<div class=\"wp-block-image\">\n<figure class=\"aligncenter size-large\"><a href=\"https:\/\/liebke-foto.de\/maerkischeslicht\/wp-content\/uploads\/2016\/08\/Februar-1.jpg\"><img loading=\"lazy\" decoding=\"async\" width=\"1200\" height=\"852\" src=\"https:\/\/liebke-foto.de\/maerkischeslicht\/wp-content\/uploads\/2016\/08\/Februar-1.jpg\" alt=\"\" class=\"wp-image-2509\" srcset=\"https:\/\/liebke-foto.de\/maerkischeslicht\/wp-content\/uploads\/2016\/08\/Februar-1.jpg 1200w, https:\/\/liebke-foto.de\/maerkischeslicht\/wp-content\/uploads\/2016\/08\/Februar-1-1127x800.jpg 1127w, https:\/\/liebke-foto.de\/maerkischeslicht\/wp-content\/uploads\/2016\/08\/Februar-1-768x545.jpg 768w\" sizes=\"auto, (max-width: 1200px) 100vw, 1200px\" \/><\/a><\/figure>\n<\/div>\n\n<div class=\"wp-block-image\">\n<figure class=\"aligncenter size-large\"><a href=\"https:\/\/liebke-foto.de\/maerkischeslicht\/wp-content\/uploads\/2016\/08\/M\u00e4rz-1.jpg\"><img loading=\"lazy\" decoding=\"async\" width=\"1200\" height=\"852\" src=\"https:\/\/liebke-foto.de\/maerkischeslicht\/wp-content\/uploads\/2016\/08\/M\u00e4rz-1.jpg\" alt=\"\" class=\"wp-image-2514\" srcset=\"https:\/\/liebke-foto.de\/maerkischeslicht\/wp-content\/uploads\/2016\/08\/M\u00e4rz-1.jpg 1200w, https:\/\/liebke-foto.de\/maerkischeslicht\/wp-content\/uploads\/2016\/08\/M\u00e4rz-1-1127x800.jpg 1127w, https:\/\/liebke-foto.de\/maerkischeslicht\/wp-content\/uploads\/2016\/08\/M\u00e4rz-1-768x545.jpg 768w\" sizes=\"auto, (max-width: 1200px) 100vw, 1200px\" \/><\/a><\/figure>\n<\/div>\n\n<div class=\"wp-block-image\">\n<figure class=\"aligncenter size-large\"><a href=\"https:\/\/liebke-foto.de\/maerkischeslicht\/wp-content\/uploads\/2016\/08\/April-1.jpg\"><img loading=\"lazy\" decoding=\"async\" width=\"1200\" height=\"852\" src=\"https:\/\/liebke-foto.de\/maerkischeslicht\/wp-content\/uploads\/2016\/08\/April-1.jpg\" alt=\"\" class=\"wp-image-2506\" srcset=\"https:\/\/liebke-foto.de\/maerkischeslicht\/wp-content\/uploads\/2016\/08\/April-1.jpg 1200w, https:\/\/liebke-foto.de\/maerkischeslicht\/wp-content\/uploads\/2016\/08\/April-1-1127x800.jpg 1127w, https:\/\/liebke-foto.de\/maerkischeslicht\/wp-content\/uploads\/2016\/08\/April-1-768x545.jpg 768w\" sizes=\"auto, (max-width: 1200px) 100vw, 1200px\" \/><\/a><\/figure>\n<\/div>\n\n<div class=\"wp-block-image\">\n<figure class=\"aligncenter size-large\"><a href=\"https:\/\/liebke-foto.de\/maerkischeslicht\/wp-content\/uploads\/2016\/08\/Mai-1.jpg\"><img loading=\"lazy\" decoding=\"async\" width=\"1200\" height=\"852\" src=\"https:\/\/liebke-foto.de\/maerkischeslicht\/wp-content\/uploads\/2016\/08\/Mai-1.jpg\" alt=\"\" class=\"wp-image-2513\" srcset=\"https:\/\/liebke-foto.de\/maerkischeslicht\/wp-content\/uploads\/2016\/08\/Mai-1.jpg 1200w, https:\/\/liebke-foto.de\/maerkischeslicht\/wp-content\/uploads\/2016\/08\/Mai-1-1127x800.jpg 1127w, https:\/\/liebke-foto.de\/maerkischeslicht\/wp-content\/uploads\/2016\/08\/Mai-1-768x545.jpg 768w\" sizes=\"auto, (max-width: 1200px) 100vw, 1200px\" \/><\/a><\/figure>\n<\/div>\n\n<div class=\"wp-block-image\">\n<figure class=\"aligncenter size-large\"><a href=\"https:\/\/liebke-foto.de\/maerkischeslicht\/wp-content\/uploads\/2016\/08\/Juni-1.jpg\"><img loading=\"lazy\" decoding=\"async\" width=\"1200\" height=\"852\" src=\"https:\/\/liebke-foto.de\/maerkischeslicht\/wp-content\/uploads\/2016\/08\/Juni-1.jpg\" alt=\"\" class=\"wp-image-2512\" srcset=\"https:\/\/liebke-foto.de\/maerkischeslicht\/wp-content\/uploads\/2016\/08\/Juni-1.jpg 1200w, https:\/\/liebke-foto.de\/maerkischeslicht\/wp-content\/uploads\/2016\/08\/Juni-1-1127x800.jpg 1127w, https:\/\/liebke-foto.de\/maerkischeslicht\/wp-content\/uploads\/2016\/08\/Juni-1-768x545.jpg 768w\" sizes=\"auto, (max-width: 1200px) 100vw, 1200px\" \/><\/a><\/figure>\n<\/div>\n\n<div class=\"wp-block-image\">\n<figure class=\"aligncenter size-large\"><a href=\"https:\/\/liebke-foto.de\/maerkischeslicht\/wp-content\/uploads\/2016\/08\/Juli-1.jpg\"><img loading=\"lazy\" decoding=\"async\" width=\"1200\" height=\"852\" src=\"https:\/\/liebke-foto.de\/maerkischeslicht\/wp-content\/uploads\/2016\/08\/Juli-1.jpg\" alt=\"\" class=\"wp-image-2511\" srcset=\"https:\/\/liebke-foto.de\/maerkischeslicht\/wp-content\/uploads\/2016\/08\/Juli-1.jpg 1200w, https:\/\/liebke-foto.de\/maerkischeslicht\/wp-content\/uploads\/2016\/08\/Juli-1-1127x800.jpg 1127w, https:\/\/liebke-foto.de\/maerkischeslicht\/wp-content\/uploads\/2016\/08\/Juli-1-768x545.jpg 768w\" sizes=\"auto, (max-width: 1200px) 100vw, 1200px\" \/><\/a><\/figure>\n<\/div>\n\n<div class=\"wp-block-image\">\n<figure class=\"aligncenter size-large\"><a href=\"https:\/\/liebke-foto.de\/maerkischeslicht\/wp-content\/uploads\/2016\/08\/August-1.jpg\"><img loading=\"lazy\" decoding=\"async\" width=\"1200\" height=\"852\" src=\"https:\/\/liebke-foto.de\/maerkischeslicht\/wp-content\/uploads\/2016\/08\/August-1.jpg\" alt=\"\" class=\"wp-image-2507\" srcset=\"https:\/\/liebke-foto.de\/maerkischeslicht\/wp-content\/uploads\/2016\/08\/August-1.jpg 1200w, https:\/\/liebke-foto.de\/maerkischeslicht\/wp-content\/uploads\/2016\/08\/August-1-1127x800.jpg 1127w, https:\/\/liebke-foto.de\/maerkischeslicht\/wp-content\/uploads\/2016\/08\/August-1-768x545.jpg 768w\" sizes=\"auto, (max-width: 1200px) 100vw, 1200px\" \/><\/a><\/figure>\n<\/div>\n\n<div class=\"wp-block-image\">\n<figure class=\"aligncenter size-large\"><a href=\"https:\/\/liebke-foto.de\/maerkischeslicht\/wp-content\/uploads\/2016\/08\/September-1.jpg\"><img loading=\"lazy\" decoding=\"async\" width=\"1200\" height=\"852\" src=\"https:\/\/liebke-foto.de\/maerkischeslicht\/wp-content\/uploads\/2016\/08\/September-1.jpg\" alt=\"\" class=\"wp-image-2517\" srcset=\"https:\/\/liebke-foto.de\/maerkischeslicht\/wp-content\/uploads\/2016\/08\/September-1.jpg 1200w, https:\/\/liebke-foto.de\/maerkischeslicht\/wp-content\/uploads\/2016\/08\/September-1-1127x800.jpg 1127w, https:\/\/liebke-foto.de\/maerkischeslicht\/wp-content\/uploads\/2016\/08\/September-1-768x545.jpg 768w\" sizes=\"auto, (max-width: 1200px) 100vw, 1200px\" \/><\/a><\/figure>\n<\/div>\n\n<div class=\"wp-block-image\">\n<figure class=\"aligncenter size-large\"><a href=\"https:\/\/liebke-foto.de\/maerkischeslicht\/wp-content\/uploads\/2016\/08\/Oktober-1.jpg\"><img loading=\"lazy\" decoding=\"async\" width=\"1200\" height=\"852\" src=\"https:\/\/liebke-foto.de\/maerkischeslicht\/wp-content\/uploads\/2016\/08\/Oktober-1.jpg\" alt=\"\" class=\"wp-image-2516\" srcset=\"https:\/\/liebke-foto.de\/maerkischeslicht\/wp-content\/uploads\/2016\/08\/Oktober-1.jpg 1200w, https:\/\/liebke-foto.de\/maerkischeslicht\/wp-content\/uploads\/2016\/08\/Oktober-1-1127x800.jpg 1127w, https:\/\/liebke-foto.de\/maerkischeslicht\/wp-content\/uploads\/2016\/08\/Oktober-1-768x545.jpg 768w\" sizes=\"auto, (max-width: 1200px) 100vw, 1200px\" \/><\/a><\/figure>\n<\/div>\n\n<div class=\"wp-block-image\">\n<figure class=\"aligncenter size-large\"><a href=\"https:\/\/liebke-foto.de\/maerkischeslicht\/wp-content\/uploads\/2016\/08\/November-1.jpg\"><img loading=\"lazy\" decoding=\"async\" width=\"1200\" height=\"852\" src=\"https:\/\/liebke-foto.de\/maerkischeslicht\/wp-content\/uploads\/2016\/08\/November-1.jpg\" alt=\"\" class=\"wp-image-2515\" srcset=\"https:\/\/liebke-foto.de\/maerkischeslicht\/wp-content\/uploads\/2016\/08\/November-1.jpg 1200w, https:\/\/liebke-foto.de\/maerkischeslicht\/wp-content\/uploads\/2016\/08\/November-1-1127x800.jpg 1127w, https:\/\/liebke-foto.de\/maerkischeslicht\/wp-content\/uploads\/2016\/08\/November-1-768x545.jpg 768w\" sizes=\"auto, (max-width: 1200px) 100vw, 1200px\" \/><\/a><\/figure>\n<\/div>\n\n<div class=\"wp-block-image\">\n<figure class=\"aligncenter size-large\"><a href=\"https:\/\/liebke-foto.de\/maerkischeslicht\/wp-content\/uploads\/2016\/08\/Dezember-1.jpg\"><img loading=\"lazy\" decoding=\"async\" width=\"1200\" height=\"852\" src=\"https:\/\/liebke-foto.de\/maerkischeslicht\/wp-content\/uploads\/2016\/08\/Dezember-1.jpg\" alt=\"\" class=\"wp-image-2508\" srcset=\"https:\/\/liebke-foto.de\/maerkischeslicht\/wp-content\/uploads\/2016\/08\/Dezember-1.jpg 1200w, https:\/\/liebke-foto.de\/maerkischeslicht\/wp-content\/uploads\/2016\/08\/Dezember-1-1127x800.jpg 1127w, https:\/\/liebke-foto.de\/maerkischeslicht\/wp-content\/uploads\/2016\/08\/Dezember-1-768x545.jpg 768w\" sizes=\"auto, (max-width: 1200px) 100vw, 1200px\" \/><\/a><\/figure>\n<\/div>\n\n\n<div style=\"padding:20px\" class=\"wp-block-tnp-minimal\"><p>Subscribe to our newsletter!<\/p><div><div class=\"tnp tnp-subscription \">\n<form method=\"post\" action=\"https:\/\/liebke-foto.de\/maerkischeslicht\/wp-admin\/admin-ajax.php?action=tnp&amp;na=s\">\n<input type=\"hidden\" name=\"nlang\" value=\"\">\n<div class=\"tnp-field tnp-field-firstname\"><label for=\"tnp-1\">Vorname oder ganzer Name<\/label>\n<input class=\"tnp-name\" type=\"text\" name=\"nn\" id=\"tnp-1\" value=\"\" placeholder=\"\"><\/div>\n<div class=\"tnp-field tnp-field-email\"><label for=\"tnp-2\">Email<\/label>\n<input class=\"tnp-email\" type=\"email\" name=\"ne\" id=\"tnp-2\" value=\"\" placeholder=\"\" required><\/div>\n<div class=\"tnp-field tnp-privacy-field\"><label><input type=\"checkbox\" name=\"ny\" required class=\"tnp-privacy\"> Indem Du fortf\u00e4hrst, akzeptierst Du unsere Datenschutzerkl\u00e4rung.<\/label><\/div><div class=\"tnp-field tnp-field-button\" style=\"text-align: left\"><input class=\"tnp-submit\" type=\"submit\" value=\"Abonnieren\" style=\"\">\n<\/div>\n<\/form>\n<\/div>\n<\/div><\/div>\n\n\n\n\n","protected":false},"excerpt":{"rendered":"<p>Jetzt bin ich fast ein Jahr im Ortsteil Zeesen der sch\u00f6nen Stadt K\u00f6nigs Wusterhausen ans\u00e4ssig. Und da war ich sehr oft im Ort&#8230;<\/p>\n","protected":false},"author":1,"featured_media":2518,"comment_status":"open","ping_status":"closed","sticky":false,"template":"","format":"image","meta":{"footnotes":""},"categories":[1,11,10,12],"tags":[],"class_list":["post-2505","post","type-post","status-publish","format-image","has-post-thumbnail","hentry","category-allgemein","category-im-land-brandenburg-unterwegs","category-landschaft-mark-brandenburg-oberhavel-barnim","category-wildes-brandenburg","post_format-post-format-image"],"yoast_head":"<!-- This site is optimized with the Yoast SEO plugin v27.5 - https:\/\/yoast.com\/product\/yoast-seo-wordpress\/ -->\n<title>Kalender &quot;Romantisches K\u00f6nigs Wusterhausen&quot; - M\u00e4rkisches Licht - Der Fotograf der Stille<\/title>\n<meta name=\"description\" content=\"Kalender &quot;Romantisches K\u00f6nigs Wusterhausen&quot;\" \/>\n<meta name=\"robots\" content=\"index, follow, max-snippet:-1, max-image-preview:large, max-video-preview:-1\" \/>\n<link rel=\"canonical\" href=\"https:\/\/liebke-foto.de\/maerkischeslicht\/kalender-romantisches-koenigs-wusterhausen\/\" \/>\n<meta property=\"og:locale\" content=\"de_DE\" \/>\n<meta property=\"og:type\" content=\"article\" \/>\n<meta property=\"og:title\" content=\"Kalender &quot;Romantisches K\u00f6nigs Wusterhausen&quot; - M\u00e4rkisches Licht - Der Fotograf der Stille\" \/>\n<meta property=\"og:description\" content=\"Kalender &quot;Romantisches K\u00f6nigs Wusterhausen&quot;\" \/>\n<meta property=\"og:url\" content=\"https:\/\/liebke-foto.de\/maerkischeslicht\/kalender-romantisches-koenigs-wusterhausen\/\" \/>\n<meta property=\"og:site_name\" content=\"M\u00e4rkisches Licht - Der Fotograf der Stille\" \/>\n<meta property=\"article:published_time\" content=\"2016-08-24T12:17:31+00:00\" \/>\n<meta property=\"article:modified_time\" content=\"2023-01-30T07:53:23+00:00\" \/>\n<meta property=\"og:image\" content=\"https:\/\/liebke-foto.de\/maerkischeslicht\/wp-content\/uploads\/2016\/08\/Titel-1.jpg\" \/>\n\t<meta property=\"og:image:width\" content=\"1200\" \/>\n\t<meta property=\"og:image:height\" content=\"852\" \/>\n\t<meta property=\"og:image:type\" content=\"image\/jpeg\" \/>\n<meta name=\"author\" content=\"Frank Liebke\" \/>\n<meta name=\"twitter:card\" content=\"summary_large_image\" \/>\n<meta name=\"twitter:label1\" content=\"Verfasst von\" \/>\n\t<meta name=\"twitter:data1\" content=\"Frank Liebke\" \/>\n\t<meta name=\"twitter:label2\" content=\"Gesch\u00e4tzte Lesezeit\" \/>\n\t<meta name=\"twitter:data2\" content=\"4\u00a0Minuten\" \/>\n<script type=\"application\/ld+json\" class=\"yoast-schema-graph\">{\"@context\":\"https:\\\/\\\/schema.org\",\"@graph\":[{\"@type\":\"Article\",\"@id\":\"https:\\\/\\\/liebke-foto.de\\\/maerkischeslicht\\\/kalender-romantisches-koenigs-wusterhausen\\\/#article\",\"isPartOf\":{\"@id\":\"https:\\\/\\\/liebke-foto.de\\\/maerkischeslicht\\\/kalender-romantisches-koenigs-wusterhausen\\\/\"},\"author\":{\"name\":\"Frank Liebke\",\"@id\":\"https:\\\/\\\/liebke-foto.de\\\/maerkischeslicht\\\/#\\\/schema\\\/person\\\/d71108abc09a723daeeb8526a33137ee\"},\"headline\":\"Kalender &#8222;Romantisches K\u00f6nigs Wusterhausen&#8220;\",\"datePublished\":\"2016-08-24T12:17:31+00:00\",\"dateModified\":\"2023-01-30T07:53:23+00:00\",\"mainEntityOfPage\":{\"@id\":\"https:\\\/\\\/liebke-foto.de\\\/maerkischeslicht\\\/kalender-romantisches-koenigs-wusterhausen\\\/\"},\"wordCount\":200,\"commentCount\":8,\"publisher\":{\"@id\":\"https:\\\/\\\/liebke-foto.de\\\/maerkischeslicht\\\/#\\\/schema\\\/person\\\/d71108abc09a723daeeb8526a33137ee\"},\"image\":{\"@id\":\"https:\\\/\\\/liebke-foto.de\\\/maerkischeslicht\\\/kalender-romantisches-koenigs-wusterhausen\\\/#primaryimage\"},\"thumbnailUrl\":\"https:\\\/\\\/liebke-foto.de\\\/maerkischeslicht\\\/wp-content\\\/uploads\\\/2016\\\/08\\\/Titel-1.jpg\",\"articleSection\":{\"1\":\"Im Land Brandenburg unterwegs\",\"2\":\"Landschaft\",\"3\":\"Wildes Brandenburg\"},\"inLanguage\":\"de\",\"potentialAction\":[{\"@type\":\"CommentAction\",\"name\":\"Comment\",\"target\":[\"https:\\\/\\\/liebke-foto.de\\\/maerkischeslicht\\\/kalender-romantisches-koenigs-wusterhausen\\\/#respond\"]}]},{\"@type\":\"WebPage\",\"@id\":\"https:\\\/\\\/liebke-foto.de\\\/maerkischeslicht\\\/kalender-romantisches-koenigs-wusterhausen\\\/\",\"url\":\"https:\\\/\\\/liebke-foto.de\\\/maerkischeslicht\\\/kalender-romantisches-koenigs-wusterhausen\\\/\",\"name\":\"Kalender \\\"Romantisches K\u00f6nigs Wusterhausen\\\" - M\u00e4rkisches Licht - Der Fotograf der Stille\",\"isPartOf\":{\"@id\":\"https:\\\/\\\/liebke-foto.de\\\/maerkischeslicht\\\/#website\"},\"primaryImageOfPage\":{\"@id\":\"https:\\\/\\\/liebke-foto.de\\\/maerkischeslicht\\\/kalender-romantisches-koenigs-wusterhausen\\\/#primaryimage\"},\"image\":{\"@id\":\"https:\\\/\\\/liebke-foto.de\\\/maerkischeslicht\\\/kalender-romantisches-koenigs-wusterhausen\\\/#primaryimage\"},\"thumbnailUrl\":\"https:\\\/\\\/liebke-foto.de\\\/maerkischeslicht\\\/wp-content\\\/uploads\\\/2016\\\/08\\\/Titel-1.jpg\",\"datePublished\":\"2016-08-24T12:17:31+00:00\",\"dateModified\":\"2023-01-30T07:53:23+00:00\",\"description\":\"Kalender \\\"Romantisches K\u00f6nigs Wusterhausen\\\"\",\"breadcrumb\":{\"@id\":\"https:\\\/\\\/liebke-foto.de\\\/maerkischeslicht\\\/kalender-romantisches-koenigs-wusterhausen\\\/#breadcrumb\"},\"inLanguage\":\"de\",\"potentialAction\":[{\"@type\":\"ReadAction\",\"target\":[\"https:\\\/\\\/liebke-foto.de\\\/maerkischeslicht\\\/kalender-romantisches-koenigs-wusterhausen\\\/\"]}]},{\"@type\":\"ImageObject\",\"inLanguage\":\"de\",\"@id\":\"https:\\\/\\\/liebke-foto.de\\\/maerkischeslicht\\\/kalender-romantisches-koenigs-wusterhausen\\\/#primaryimage\",\"url\":\"https:\\\/\\\/liebke-foto.de\\\/maerkischeslicht\\\/wp-content\\\/uploads\\\/2016\\\/08\\\/Titel-1.jpg\",\"contentUrl\":\"https:\\\/\\\/liebke-foto.de\\\/maerkischeslicht\\\/wp-content\\\/uploads\\\/2016\\\/08\\\/Titel-1.jpg\",\"width\":1200,\"height\":852},{\"@type\":\"BreadcrumbList\",\"@id\":\"https:\\\/\\\/liebke-foto.de\\\/maerkischeslicht\\\/kalender-romantisches-koenigs-wusterhausen\\\/#breadcrumb\",\"itemListElement\":[{\"@type\":\"ListItem\",\"position\":1,\"name\":\"Startseite\",\"item\":\"https:\\\/\\\/liebke-foto.de\\\/maerkischeslicht\\\/\"},{\"@type\":\"ListItem\",\"position\":2,\"name\":\"Kalender &#8222;Romantisches K\u00f6nigs Wusterhausen&#8220;\"}]},{\"@type\":\"WebSite\",\"@id\":\"https:\\\/\\\/liebke-foto.de\\\/maerkischeslicht\\\/#website\",\"url\":\"https:\\\/\\\/liebke-foto.de\\\/maerkischeslicht\\\/\",\"name\":\"M\u00e4rkisches Licht - Der Fotograf der Stille\",\"description\":\"Die Liebe zum Leben...\",\"publisher\":{\"@id\":\"https:\\\/\\\/liebke-foto.de\\\/maerkischeslicht\\\/#\\\/schema\\\/person\\\/d71108abc09a723daeeb8526a33137ee\"},\"potentialAction\":[{\"@type\":\"SearchAction\",\"target\":{\"@type\":\"EntryPoint\",\"urlTemplate\":\"https:\\\/\\\/liebke-foto.de\\\/maerkischeslicht\\\/?s={search_term_string}\"},\"query-input\":{\"@type\":\"PropertyValueSpecification\",\"valueRequired\":true,\"valueName\":\"search_term_string\"}}],\"inLanguage\":\"de\"},{\"@type\":[\"Person\",\"Organization\"],\"@id\":\"https:\\\/\\\/liebke-foto.de\\\/maerkischeslicht\\\/#\\\/schema\\\/person\\\/d71108abc09a723daeeb8526a33137ee\",\"name\":\"Frank Liebke\",\"image\":{\"@type\":\"ImageObject\",\"inLanguage\":\"de\",\"@id\":\"https:\\\/\\\/liebke-foto.de\\\/maerkischeslicht\\\/wp-content\\\/uploads\\\/2021\\\/12\\\/IMG-20211024-WA0001.jpg\",\"url\":\"https:\\\/\\\/liebke-foto.de\\\/maerkischeslicht\\\/wp-content\\\/uploads\\\/2021\\\/12\\\/IMG-20211024-WA0001.jpg\",\"contentUrl\":\"https:\\\/\\\/liebke-foto.de\\\/maerkischeslicht\\\/wp-content\\\/uploads\\\/2021\\\/12\\\/IMG-20211024-WA0001.jpg\",\"width\":900,\"height\":1600,\"caption\":\"Frank Liebke\"},\"logo\":{\"@id\":\"https:\\\/\\\/liebke-foto.de\\\/maerkischeslicht\\\/wp-content\\\/uploads\\\/2021\\\/12\\\/IMG-20211024-WA0001.jpg\"},\"sameAs\":[\"https:\\\/\\\/liebke-foto.de\"],\"url\":\"https:\\\/\\\/liebke-foto.de\\\/maerkischeslicht\\\/author\\\/adminuser\\\/\"}]}<\/script>\n<!-- \/ Yoast SEO plugin. -->","yoast_head_json":{"title":"Kalender \"Romantisches K\u00f6nigs Wusterhausen\" - M\u00e4rkisches Licht - Der Fotograf der Stille","description":"Kalender \"Romantisches K\u00f6nigs Wusterhausen\"","robots":{"index":"index","follow":"follow","max-snippet":"max-snippet:-1","max-image-preview":"max-image-preview:large","max-video-preview":"max-video-preview:-1"},"canonical":"https:\/\/liebke-foto.de\/maerkischeslicht\/kalender-romantisches-koenigs-wusterhausen\/","og_locale":"de_DE","og_type":"article","og_title":"Kalender \"Romantisches K\u00f6nigs Wusterhausen\" - M\u00e4rkisches Licht - Der Fotograf der Stille","og_description":"Kalender \"Romantisches K\u00f6nigs Wusterhausen\"","og_url":"https:\/\/liebke-foto.de\/maerkischeslicht\/kalender-romantisches-koenigs-wusterhausen\/","og_site_name":"M\u00e4rkisches Licht - Der Fotograf der Stille","article_published_time":"2016-08-24T12:17:31+00:00","article_modified_time":"2023-01-30T07:53:23+00:00","og_image":[{"width":1200,"height":852,"url":"https:\/\/liebke-foto.de\/maerkischeslicht\/wp-content\/uploads\/2016\/08\/Titel-1.jpg","type":"image\/jpeg"}],"author":"Frank Liebke","twitter_card":"summary_large_image","twitter_misc":{"Verfasst von":"Frank Liebke","Gesch\u00e4tzte Lesezeit":"4\u00a0Minuten"},"schema":{"@context":"https:\/\/schema.org","@graph":[{"@type":"Article","@id":"https:\/\/liebke-foto.de\/maerkischeslicht\/kalender-romantisches-koenigs-wusterhausen\/#article","isPartOf":{"@id":"https:\/\/liebke-foto.de\/maerkischeslicht\/kalender-romantisches-koenigs-wusterhausen\/"},"author":{"name":"Frank Liebke","@id":"https:\/\/liebke-foto.de\/maerkischeslicht\/#\/schema\/person\/d71108abc09a723daeeb8526a33137ee"},"headline":"Kalender &#8222;Romantisches K\u00f6nigs Wusterhausen&#8220;","datePublished":"2016-08-24T12:17:31+00:00","dateModified":"2023-01-30T07:53:23+00:00","mainEntityOfPage":{"@id":"https:\/\/liebke-foto.de\/maerkischeslicht\/kalender-romantisches-koenigs-wusterhausen\/"},"wordCount":200,"commentCount":8,"publisher":{"@id":"https:\/\/liebke-foto.de\/maerkischeslicht\/#\/schema\/person\/d71108abc09a723daeeb8526a33137ee"},"image":{"@id":"https:\/\/liebke-foto.de\/maerkischeslicht\/kalender-romantisches-koenigs-wusterhausen\/#primaryimage"},"thumbnailUrl":"https:\/\/liebke-foto.de\/maerkischeslicht\/wp-content\/uploads\/2016\/08\/Titel-1.jpg","articleSection":{"1":"Im Land Brandenburg unterwegs","2":"Landschaft","3":"Wildes Brandenburg"},"inLanguage":"de","potentialAction":[{"@type":"CommentAction","name":"Comment","target":["https:\/\/liebke-foto.de\/maerkischeslicht\/kalender-romantisches-koenigs-wusterhausen\/#respond"]}]},{"@type":"WebPage","@id":"https:\/\/liebke-foto.de\/maerkischeslicht\/kalender-romantisches-koenigs-wusterhausen\/","url":"https:\/\/liebke-foto.de\/maerkischeslicht\/kalender-romantisches-koenigs-wusterhausen\/","name":"Kalender \"Romantisches K\u00f6nigs Wusterhausen\" - M\u00e4rkisches Licht - Der Fotograf der Stille","isPartOf":{"@id":"https:\/\/liebke-foto.de\/maerkischeslicht\/#website"},"primaryImageOfPage":{"@id":"https:\/\/liebke-foto.de\/maerkischeslicht\/kalender-romantisches-koenigs-wusterhausen\/#primaryimage"},"image":{"@id":"https:\/\/liebke-foto.de\/maerkischeslicht\/kalender-romantisches-koenigs-wusterhausen\/#primaryimage"},"thumbnailUrl":"https:\/\/liebke-foto.de\/maerkischeslicht\/wp-content\/uploads\/2016\/08\/Titel-1.jpg","datePublished":"2016-08-24T12:17:31+00:00","dateModified":"2023-01-30T07:53:23+00:00","description":"Kalender \"Romantisches K\u00f6nigs Wusterhausen\"","breadcrumb":{"@id":"https:\/\/liebke-foto.de\/maerkischeslicht\/kalender-romantisches-koenigs-wusterhausen\/#breadcrumb"},"inLanguage":"de","potentialAction":[{"@type":"ReadAction","target":["https:\/\/liebke-foto.de\/maerkischeslicht\/kalender-romantisches-koenigs-wusterhausen\/"]}]},{"@type":"ImageObject","inLanguage":"de","@id":"https:\/\/liebke-foto.de\/maerkischeslicht\/kalender-romantisches-koenigs-wusterhausen\/#primaryimage","url":"https:\/\/liebke-foto.de\/maerkischeslicht\/wp-content\/uploads\/2016\/08\/Titel-1.jpg","contentUrl":"https:\/\/liebke-foto.de\/maerkischeslicht\/wp-content\/uploads\/2016\/08\/Titel-1.jpg","width":1200,"height":852},{"@type":"BreadcrumbList","@id":"https:\/\/liebke-foto.de\/maerkischeslicht\/kalender-romantisches-koenigs-wusterhausen\/#breadcrumb","itemListElement":[{"@type":"ListItem","position":1,"name":"Startseite","item":"https:\/\/liebke-foto.de\/maerkischeslicht\/"},{"@type":"ListItem","position":2,"name":"Kalender &#8222;Romantisches K\u00f6nigs Wusterhausen&#8220;"}]},{"@type":"WebSite","@id":"https:\/\/liebke-foto.de\/maerkischeslicht\/#website","url":"https:\/\/liebke-foto.de\/maerkischeslicht\/","name":"M\u00e4rkisches Licht - Der Fotograf der Stille","description":"Die Liebe zum Leben...","publisher":{"@id":"https:\/\/liebke-foto.de\/maerkischeslicht\/#\/schema\/person\/d71108abc09a723daeeb8526a33137ee"},"potentialAction":[{"@type":"SearchAction","target":{"@type":"EntryPoint","urlTemplate":"https:\/\/liebke-foto.de\/maerkischeslicht\/?s={search_term_string}"},"query-input":{"@type":"PropertyValueSpecification","valueRequired":true,"valueName":"search_term_string"}}],"inLanguage":"de"},{"@type":["Person","Organization"],"@id":"https:\/\/liebke-foto.de\/maerkischeslicht\/#\/schema\/person\/d71108abc09a723daeeb8526a33137ee","name":"Frank Liebke","image":{"@type":"ImageObject","inLanguage":"de","@id":"https:\/\/liebke-foto.de\/maerkischeslicht\/wp-content\/uploads\/2021\/12\/IMG-20211024-WA0001.jpg","url":"https:\/\/liebke-foto.de\/maerkischeslicht\/wp-content\/uploads\/2021\/12\/IMG-20211024-WA0001.jpg","contentUrl":"https:\/\/liebke-foto.de\/maerkischeslicht\/wp-content\/uploads\/2021\/12\/IMG-20211024-WA0001.jpg","width":900,"height":1600,"caption":"Frank Liebke"},"logo":{"@id":"https:\/\/liebke-foto.de\/maerkischeslicht\/wp-content\/uploads\/2021\/12\/IMG-20211024-WA0001.jpg"},"sameAs":["https:\/\/liebke-foto.de"],"url":"https:\/\/liebke-foto.de\/maerkischeslicht\/author\/adminuser\/"}]}},"_links":{"self":[{"href":"https:\/\/liebke-foto.de\/maerkischeslicht\/wp-json\/wp\/v2\/posts\/2505","targetHints":{"allow":["GET"]}}],"collection":[{"href":"https:\/\/liebke-foto.de\/maerkischeslicht\/wp-json\/wp\/v2\/posts"}],"about":[{"href":"https:\/\/liebke-foto.de\/maerkischeslicht\/wp-json\/wp\/v2\/types\/post"}],"author":[{"embeddable":true,"href":"https:\/\/liebke-foto.de\/maerkischeslicht\/wp-json\/wp\/v2\/users\/1"}],"replies":[{"embeddable":true,"href":"https:\/\/liebke-foto.de\/maerkischeslicht\/wp-json\/wp\/v2\/comments?post=2505"}],"version-history":[{"count":12,"href":"https:\/\/liebke-foto.de\/maerkischeslicht\/wp-json\/wp\/v2\/posts\/2505\/revisions"}],"predecessor-version":[{"id":6937,"href":"https:\/\/liebke-foto.de\/maerkischeslicht\/wp-json\/wp\/v2\/posts\/2505\/revisions\/6937"}],"wp:featuredmedia":[{"embeddable":true,"href":"https:\/\/liebke-foto.de\/maerkischeslicht\/wp-json\/wp\/v2\/media\/2518"}],"wp:attachment":[{"href":"https:\/\/liebke-foto.de\/maerkischeslicht\/wp-json\/wp\/v2\/media?parent=2505"}],"wp:term":[{"taxonomy":"category","embeddable":true,"href":"https:\/\/liebke-foto.de\/maerkischeslicht\/wp-json\/wp\/v2\/categories?post=2505"},{"taxonomy":"post_tag","embeddable":true,"href":"https:\/\/liebke-foto.de\/maerkischeslicht\/wp-json\/wp\/v2\/tags?post=2505"}],"curies":[{"name":"wp","href":"https:\/\/api.w.org\/{rel}","templated":true}]}}