{"id":249,"date":"2014-01-08T21:23:47","date_gmt":"2014-01-08T19:23:47","guid":{"rendered":"http:\/\/liebke-foto.de\/maerkischeslicht\/?p=249"},"modified":"2022-07-03T16:26:43","modified_gmt":"2022-07-03T14:26:43","slug":"wildes-brandenburg-oberhavel","status":"publish","type":"post","link":"https:\/\/liebke-foto.de\/maerkischeslicht\/wildes-brandenburg-oberhavel\/","title":{"rendered":"Regen, Wolken, Wind und Licht"},"content":{"rendered":"\n<p>Na das ist ja ein &#8222;Winterwetter&#8220;, Regen, eine W\u00e4rme wie im Vorfr\u00fchling, St\u00fcrme und Wettrennen der Wolken am Himmel, wow, was f\u00fcr ein Tag. Da will man sich gar nicht beschweren, von mir aus k\u00f6nnte es jetzt nahtlos in den Fr\u00fchling \u00fcbergehen. Aber die Wetterwebsite ist da nicht meiner Meinung, ab n\u00e4chste Woche soll es schon schneien und bis zur Wochenmitte recht kalt werden. Na m\u00e4g, wir haben eben Winter&#8230;<\/p>\n\n\n\n<p>Heute freute ich mich auf meinen Termin in Hennigsdorf, wichtige Motivabsprachen in einer innovativen jungen Firma f\u00fcr eine neue Bilderserie. Danach wollte ich mal wieder ins Land rollen und ein bischen frische Luft tanken, eventuell ein Foto mitbringen, falls widererwarten etwas Licht werden sollte, Kamera war jedenfalls dabei.<\/p>\n\n\n\n<p><br \/>Der Gang zur Garage war schon nicht so verhei\u00dfungsvoll, Dauerregen, grau, nass \ud83d\ude41 , die Fahrt bis Hennigsdorf eine &#8222;Wasserschlacht&#8220;, sch\u00f6ne Sch\u2026.., das kann ich ja wohl knicken. Im Ort hatte ich dann noch eine Viertelstunde Zeit, gut f\u00fcr einen kleinen Spaziergang an frischer Luft, Zielort: Kanal hinter dem &#8222;Blauen Wunder&#8220;. <\/p>\n\n\n\n<p>Und dann, wie ein Zeichen, gab es am Horizont Licht! Richtig sch\u00f6nes Licht!! Na wunderbar, bekomme ich ja doch ein paar Motive. Am Wasser ist in so einem Fall dann noch der Vorteil, dass der Boden nicht in Dunkelheit &#8222;absumpft&#8220;, sich der Himmel sch\u00f6n spiegelt und ein sch\u00f6nes Bild m\u00f6glich werden l\u00e4sst, sofern man versteht damit umzugehen \ud83d\ude09 .<\/p>\n\n\n\n<p>Nach meinem Termin, kurz nach der Mittagszeit entschloss ich spontan nicht die Autobahn zur\u00fcck zu nehmen. Ich hatte keinen weiteren Termindruck, also besuchte ich mal wieder eine meiner Lieblingsgegenden im Oberkr\u00e4mer. Auf der Fahrt von Hennigsdorf nach Marwitz tat sich am Horizont ein sagenhaftes Licht auf, als ob Jemand den &#8222;Wolkendeckel&#8220; etwas beiseite geschoben hat und die Sonne die Chance sofort nutzte. <\/p>\n\n\n\n<p>Wir beide, Sonne und ich, strahlten um die Wette. Ich kenne ja da eine Stelle gleich hinter Marwitz, da k\u00f6nnte es f\u00fcr dieses Licht gute, einfache m\u00e4rkische Bilder geben, nur sollte man schnell hinkommen bevor alles vorbei ist. Zu oft habe ich das sch\u00f6nste Licht IM Auto erlebt, um dann beim Aussteigen zu sehen, wie die letzten Strahlen gerade verschwunden sind. <\/p>\n\n\n\n<p>Aber heute war mein Gl\u00fcckstag. Der Dauerlauf am Himmel ging in immer neue Runden, und jedes Mal anders und immer wundersch\u00f6n. Jedenfalls f\u00fcr mich. Genau dieses Licht, welches in die tristeste Jahreszeit pl\u00f6tzlich unwiederbringliche Bilder malt, liebe ich unendlich. Ist sicher nicht Jedermanns Sache, aber da sind zum Gl\u00fcck die Geschm\u00e4cker so verschieden wie die Menschen&#8230;<\/p>\n\n\n\n<p>Ich habe jedenfalls alles was vor mir ausgestreut wurde schnellstens eingesammelt und zeige Euch hier meine Erlebnisse. Ich freue mich \u00fcber Jeden, der meine Passion teilen mag. Einfach auf das Bild klicken, dann wird es sch\u00f6n und ansehnlich gro\u00df, im Bild rechts klicken, schon kommt das n\u00e4chste&#8230;<\/p>\n\n\n<div class=\"wp-block-image is-style-default\">\n<figure class=\"aligncenter\"><a href=\"https:\/\/liebke-foto.de\/maerkischeslicht\/wp-content\/uploads\/2014\/01\/FL8_8897.jpg\"><img loading=\"lazy\" decoding=\"async\" width=\"1200\" height=\"800\" src=\"https:\/\/liebke-foto.de\/maerkischeslicht\/wp-content\/uploads\/2014\/01\/FL8_8897-1200x800.jpg\" alt=\"Marwitz, Oberhavel\" class=\"wp-image-262\" srcset=\"https:\/\/liebke-foto.de\/maerkischeslicht\/wp-content\/uploads\/2014\/01\/FL8_8897-1200x800.jpg 1200w, https:\/\/liebke-foto.de\/maerkischeslicht\/wp-content\/uploads\/2014\/01\/FL8_8897-150x100.jpg 150w, https:\/\/liebke-foto.de\/maerkischeslicht\/wp-content\/uploads\/2014\/01\/FL8_8897-1199x800.jpg 1199w, https:\/\/liebke-foto.de\/maerkischeslicht\/wp-content\/uploads\/2014\/01\/FL8_8897-450x300.jpg 450w, https:\/\/liebke-foto.de\/maerkischeslicht\/wp-content\/uploads\/2014\/01\/FL8_8897.jpg 1400w\" sizes=\"auto, (max-width: 1200px) 100vw, 1200px\" \/><\/a><figcaption>Marwitz, Oberhavel<\/figcaption><\/figure>\n<\/div>\n\n\n<figure class=\"wp-block-image size-large\"><a href=\"https:\/\/liebke-foto.de\/maerkischeslicht\/wp-content\/uploads\/2014\/01\/FL8_8812.jpg\"><img loading=\"lazy\" decoding=\"async\" width=\"1400\" height=\"934\" src=\"https:\/\/liebke-foto.de\/maerkischeslicht\/wp-content\/uploads\/2014\/01\/FL8_8812.jpg\" alt=\"Hennigsdorf, Regen auf der Windschutzscheibe\" class=\"wp-image-250\" srcset=\"https:\/\/liebke-foto.de\/maerkischeslicht\/wp-content\/uploads\/2014\/01\/FL8_8812.jpg 1400w, https:\/\/liebke-foto.de\/maerkischeslicht\/wp-content\/uploads\/2014\/01\/FL8_8812-100x66.jpg 100w, https:\/\/liebke-foto.de\/maerkischeslicht\/wp-content\/uploads\/2014\/01\/FL8_8812-300x200.jpg 300w, https:\/\/liebke-foto.de\/maerkischeslicht\/wp-content\/uploads\/2014\/01\/FL8_8812-1199x800.jpg 1199w, https:\/\/liebke-foto.de\/maerkischeslicht\/wp-content\/uploads\/2014\/01\/FL8_8812-450x300.jpg 450w\" sizes=\"auto, (max-width: 1400px) 100vw, 1400px\" \/><\/a><figcaption>Hennigsdorf, Regen auf der Windschutzscheibe<\/figcaption><\/figure>\n\n\n\n<figure class=\"wp-block-image size-large\"><a href=\"https:\/\/liebke-foto.de\/maerkischeslicht\/wp-content\/uploads\/2014\/01\/FL8_8820.jpg\"><img loading=\"lazy\" decoding=\"async\" width=\"1400\" height=\"934\" src=\"https:\/\/liebke-foto.de\/maerkischeslicht\/wp-content\/uploads\/2014\/01\/FL8_8820.jpg\" alt=\"Hennigsdorf, am Kanal\" class=\"wp-image-251\" srcset=\"https:\/\/liebke-foto.de\/maerkischeslicht\/wp-content\/uploads\/2014\/01\/FL8_8820.jpg 1400w, https:\/\/liebke-foto.de\/maerkischeslicht\/wp-content\/uploads\/2014\/01\/FL8_8820-100x66.jpg 100w, https:\/\/liebke-foto.de\/maerkischeslicht\/wp-content\/uploads\/2014\/01\/FL8_8820-300x200.jpg 300w, https:\/\/liebke-foto.de\/maerkischeslicht\/wp-content\/uploads\/2014\/01\/FL8_8820-1199x800.jpg 1199w, https:\/\/liebke-foto.de\/maerkischeslicht\/wp-content\/uploads\/2014\/01\/FL8_8820-450x300.jpg 450w\" sizes=\"auto, (max-width: 1400px) 100vw, 1400px\" \/><\/a><figcaption>Hennigsdorf, am Kanal<\/figcaption><\/figure>\n\n\n\n<figure class=\"wp-block-image size-large\"><a href=\"https:\/\/liebke-foto.de\/maerkischeslicht\/wp-content\/uploads\/2014\/01\/FL8_8827.jpg\"><img loading=\"lazy\" decoding=\"async\" width=\"1400\" height=\"934\" src=\"https:\/\/liebke-foto.de\/maerkischeslicht\/wp-content\/uploads\/2014\/01\/FL8_8827.jpg\" alt=\"Hennigsdorf, S-Bahnbr\u00fccke\" class=\"wp-image-252\" srcset=\"https:\/\/liebke-foto.de\/maerkischeslicht\/wp-content\/uploads\/2014\/01\/FL8_8827.jpg 1400w, https:\/\/liebke-foto.de\/maerkischeslicht\/wp-content\/uploads\/2014\/01\/FL8_8827-100x66.jpg 100w, https:\/\/liebke-foto.de\/maerkischeslicht\/wp-content\/uploads\/2014\/01\/FL8_8827-300x200.jpg 300w, https:\/\/liebke-foto.de\/maerkischeslicht\/wp-content\/uploads\/2014\/01\/FL8_8827-1199x800.jpg 1199w, https:\/\/liebke-foto.de\/maerkischeslicht\/wp-content\/uploads\/2014\/01\/FL8_8827-450x300.jpg 450w\" sizes=\"auto, (max-width: 1400px) 100vw, 1400px\" \/><\/a><figcaption>Hennigsdorf, S-Bahnbr\u00fccke<\/figcaption><\/figure>\n\n\n\n<figure class=\"wp-block-image size-large\"><a href=\"https:\/\/liebke-foto.de\/maerkischeslicht\/wp-content\/uploads\/2014\/01\/FL8_8832.jpg\"><img loading=\"lazy\" decoding=\"async\" width=\"1400\" height=\"934\" src=\"https:\/\/liebke-foto.de\/maerkischeslicht\/wp-content\/uploads\/2014\/01\/FL8_8832.jpg\" alt=\"Hennigsdorf, Martha kommt\" class=\"wp-image-253\" srcset=\"https:\/\/liebke-foto.de\/maerkischeslicht\/wp-content\/uploads\/2014\/01\/FL8_8832.jpg 1400w, https:\/\/liebke-foto.de\/maerkischeslicht\/wp-content\/uploads\/2014\/01\/FL8_8832-100x66.jpg 100w, https:\/\/liebke-foto.de\/maerkischeslicht\/wp-content\/uploads\/2014\/01\/FL8_8832-300x200.jpg 300w, https:\/\/liebke-foto.de\/maerkischeslicht\/wp-content\/uploads\/2014\/01\/FL8_8832-1199x800.jpg 1199w, https:\/\/liebke-foto.de\/maerkischeslicht\/wp-content\/uploads\/2014\/01\/FL8_8832-450x300.jpg 450w\" sizes=\"auto, (max-width: 1400px) 100vw, 1400px\" \/><\/a><figcaption>Hennigsdorf, Martha kommt<\/figcaption><\/figure>\n\n\n\n<figure class=\"wp-block-image size-large\"><a href=\"https:\/\/liebke-foto.de\/maerkischeslicht\/wp-content\/uploads\/2014\/01\/FL8_8873.jpg\"><img loading=\"lazy\" decoding=\"async\" width=\"1400\" height=\"934\" src=\"https:\/\/liebke-foto.de\/maerkischeslicht\/wp-content\/uploads\/2014\/01\/FL8_8873.jpg\" alt=\"Marwitz unter M\u00e4rkisches Licht\" class=\"wp-image-254\" srcset=\"https:\/\/liebke-foto.de\/maerkischeslicht\/wp-content\/uploads\/2014\/01\/FL8_8873.jpg 1400w, https:\/\/liebke-foto.de\/maerkischeslicht\/wp-content\/uploads\/2014\/01\/FL8_8873-100x66.jpg 100w, https:\/\/liebke-foto.de\/maerkischeslicht\/wp-content\/uploads\/2014\/01\/FL8_8873-300x200.jpg 300w, https:\/\/liebke-foto.de\/maerkischeslicht\/wp-content\/uploads\/2014\/01\/FL8_8873-1199x800.jpg 1199w, https:\/\/liebke-foto.de\/maerkischeslicht\/wp-content\/uploads\/2014\/01\/FL8_8873-450x300.jpg 450w\" sizes=\"auto, (max-width: 1400px) 100vw, 1400px\" \/><\/a><figcaption>Marwitz unter M\u00e4rkisches Licht<\/figcaption><\/figure>\n\n\n\n<figure class=\"wp-block-image size-large\"><a href=\"https:\/\/liebke-foto.de\/maerkischeslicht\/wp-content\/uploads\/2014\/01\/FL8_8875.jpg\"><img loading=\"lazy\" decoding=\"async\" width=\"1400\" height=\"934\" src=\"https:\/\/liebke-foto.de\/maerkischeslicht\/wp-content\/uploads\/2014\/01\/FL8_8875.jpg\" alt=\"In der N\u00e4he von Marwitz, Oberkr\u00e4mer\" class=\"wp-image-255\" srcset=\"https:\/\/liebke-foto.de\/maerkischeslicht\/wp-content\/uploads\/2014\/01\/FL8_8875.jpg 1400w, https:\/\/liebke-foto.de\/maerkischeslicht\/wp-content\/uploads\/2014\/01\/FL8_8875-100x66.jpg 100w, https:\/\/liebke-foto.de\/maerkischeslicht\/wp-content\/uploads\/2014\/01\/FL8_8875-300x200.jpg 300w, https:\/\/liebke-foto.de\/maerkischeslicht\/wp-content\/uploads\/2014\/01\/FL8_8875-1199x800.jpg 1199w, https:\/\/liebke-foto.de\/maerkischeslicht\/wp-content\/uploads\/2014\/01\/FL8_8875-450x300.jpg 450w\" sizes=\"auto, (max-width: 1400px) 100vw, 1400px\" \/><\/a><figcaption>In der N\u00e4he von Marwitz, Oberkr\u00e4mer<\/figcaption><\/figure>\n\n\n\n<figure class=\"wp-block-image size-large\"><a href=\"https:\/\/liebke-foto.de\/maerkischeslicht\/wp-content\/uploads\/2014\/01\/FL8_8907.jpg\"><img loading=\"lazy\" decoding=\"async\" width=\"1400\" height=\"934\" src=\"https:\/\/liebke-foto.de\/maerkischeslicht\/wp-content\/uploads\/2014\/01\/FL8_8907.jpg\" alt=\"Marwitz, Oberkr\u00e4mer in Oberhavel\" class=\"wp-image-256\" srcset=\"https:\/\/liebke-foto.de\/maerkischeslicht\/wp-content\/uploads\/2014\/01\/FL8_8907.jpg 1400w, https:\/\/liebke-foto.de\/maerkischeslicht\/wp-content\/uploads\/2014\/01\/FL8_8907-100x66.jpg 100w, https:\/\/liebke-foto.de\/maerkischeslicht\/wp-content\/uploads\/2014\/01\/FL8_8907-300x200.jpg 300w, https:\/\/liebke-foto.de\/maerkischeslicht\/wp-content\/uploads\/2014\/01\/FL8_8907-1199x800.jpg 1199w, https:\/\/liebke-foto.de\/maerkischeslicht\/wp-content\/uploads\/2014\/01\/FL8_8907-450x300.jpg 450w\" sizes=\"auto, (max-width: 1400px) 100vw, 1400px\" \/><\/a><figcaption>Marwitz, Oberkr\u00e4mer in Oberhavel<\/figcaption><\/figure>\n\n\n\n<figure class=\"wp-block-image size-large\"><a href=\"https:\/\/liebke-foto.de\/maerkischeslicht\/wp-content\/uploads\/2014\/01\/FL8_8920.jpg\"><img loading=\"lazy\" decoding=\"async\" width=\"1400\" height=\"934\" src=\"https:\/\/liebke-foto.de\/maerkischeslicht\/wp-content\/uploads\/2014\/01\/FL8_8920.jpg\" alt=\"Marwitz\" class=\"wp-image-257\" srcset=\"https:\/\/liebke-foto.de\/maerkischeslicht\/wp-content\/uploads\/2014\/01\/FL8_8920.jpg 1400w, https:\/\/liebke-foto.de\/maerkischeslicht\/wp-content\/uploads\/2014\/01\/FL8_8920-100x66.jpg 100w, https:\/\/liebke-foto.de\/maerkischeslicht\/wp-content\/uploads\/2014\/01\/FL8_8920-300x200.jpg 300w, https:\/\/liebke-foto.de\/maerkischeslicht\/wp-content\/uploads\/2014\/01\/FL8_8920-1199x800.jpg 1199w, https:\/\/liebke-foto.de\/maerkischeslicht\/wp-content\/uploads\/2014\/01\/FL8_8920-450x300.jpg 450w\" sizes=\"auto, (max-width: 1400px) 100vw, 1400px\" \/><\/a><figcaption>Marwitz<\/figcaption><\/figure>\n\n\n\n<figure class=\"wp-block-image size-large\"><a href=\"https:\/\/liebke-foto.de\/maerkischeslicht\/wp-content\/uploads\/2014\/01\/FL8_8932.jpg\"><img loading=\"lazy\" decoding=\"async\" width=\"1400\" height=\"934\" src=\"https:\/\/liebke-foto.de\/maerkischeslicht\/wp-content\/uploads\/2014\/01\/FL8_8932.jpg\" alt=\"Marwitz, Spielzeug f\u00fcr den Wind\" class=\"wp-image-258\" srcset=\"https:\/\/liebke-foto.de\/maerkischeslicht\/wp-content\/uploads\/2014\/01\/FL8_8932.jpg 1400w, https:\/\/liebke-foto.de\/maerkischeslicht\/wp-content\/uploads\/2014\/01\/FL8_8932-100x66.jpg 100w, https:\/\/liebke-foto.de\/maerkischeslicht\/wp-content\/uploads\/2014\/01\/FL8_8932-300x200.jpg 300w, https:\/\/liebke-foto.de\/maerkischeslicht\/wp-content\/uploads\/2014\/01\/FL8_8932-1199x800.jpg 1199w, https:\/\/liebke-foto.de\/maerkischeslicht\/wp-content\/uploads\/2014\/01\/FL8_8932-450x300.jpg 450w\" sizes=\"auto, (max-width: 1400px) 100vw, 1400px\" \/><\/a><figcaption>Marwitz, Spielzeug f\u00fcr den Wind<\/figcaption><\/figure>\n\n\n\n<div style=\"padding:20px\" class=\"wp-block-tnp-minimal\"><p>Subscribe to our newsletter!<\/p><div><div class=\"tnp tnp-subscription \">\n<form method=\"post\" action=\"https:\/\/liebke-foto.de\/maerkischeslicht\/wp-admin\/admin-ajax.php?action=tnp&amp;na=s\">\n<input type=\"hidden\" name=\"nlang\" value=\"\">\n<div class=\"tnp-field tnp-field-firstname\"><label for=\"tnp-1\">Vorname oder ganzer Name<\/label>\n<input class=\"tnp-name\" type=\"text\" name=\"nn\" id=\"tnp-1\" value=\"\" placeholder=\"\"><\/div>\n<div class=\"tnp-field tnp-field-email\"><label for=\"tnp-2\">Email<\/label>\n<input class=\"tnp-email\" type=\"email\" name=\"ne\" id=\"tnp-2\" value=\"\" placeholder=\"\" required><\/div>\n<div class=\"tnp-field tnp-privacy-field\"><label><input type=\"checkbox\" name=\"ny\" required class=\"tnp-privacy\"> Indem Du fortf\u00e4hrst, akzeptierst Du unsere Datenschutzerkl\u00e4rung.<\/label><\/div><div class=\"tnp-field tnp-field-button\" style=\"text-align: left\"><input class=\"tnp-submit\" type=\"submit\" value=\"Abonnieren\" style=\"\">\n<\/div>\n<\/form>\n<\/div>\n<\/div><\/div>\n\n\n\n\n","protected":false},"excerpt":{"rendered":"<p>Na das ist ja ein &#8222;Winterwetter&#8220;, Regen, eine W\u00e4rme wie im Vorfr\u00fchling, St\u00fcrme und Wettrennen der Wolken am Himmel, wow, was f\u00fcr ein&#8230;<\/p>\n","protected":false},"author":1,"featured_media":262,"comment_status":"open","ping_status":"open","sticky":false,"template":"","format":"standard","meta":{"footnotes":""},"categories":[11,10],"tags":[],"class_list":["post-249","post","type-post","status-publish","format-standard","has-post-thumbnail","hentry","category-im-land-brandenburg-unterwegs","category-landschaft-mark-brandenburg-oberhavel-barnim"],"yoast_head":"<!-- This site is optimized with the Yoast SEO plugin v27.5 - https:\/\/yoast.com\/product\/yoast-seo-wordpress\/ -->\n<title>Regen, Wolken, Wind und Licht - M\u00e4rkisches Licht - Der Fotograf der Stille<\/title>\n<meta name=\"description\" content=\"Regen, Wolken, Wind und Licht\" \/>\n<meta name=\"robots\" content=\"index, follow, max-snippet:-1, max-image-preview:large, max-video-preview:-1\" \/>\n<link rel=\"canonical\" href=\"https:\/\/liebke-foto.de\/maerkischeslicht\/wildes-brandenburg-oberhavel\/\" \/>\n<meta property=\"og:locale\" content=\"de_DE\" \/>\n<meta property=\"og:type\" content=\"article\" \/>\n<meta property=\"og:title\" content=\"Regen, Wolken, Wind und Licht - M\u00e4rkisches Licht - Der Fotograf der Stille\" \/>\n<meta property=\"og:description\" content=\"Regen, Wolken, Wind und Licht\" \/>\n<meta property=\"og:url\" content=\"https:\/\/liebke-foto.de\/maerkischeslicht\/wildes-brandenburg-oberhavel\/\" \/>\n<meta property=\"og:site_name\" content=\"M\u00e4rkisches Licht - Der Fotograf der Stille\" \/>\n<meta property=\"article:published_time\" content=\"2014-01-08T19:23:47+00:00\" \/>\n<meta property=\"article:modified_time\" content=\"2022-07-03T14:26:43+00:00\" \/>\n<meta property=\"og:image\" content=\"https:\/\/liebke-foto.de\/maerkischeslicht\/wp-content\/uploads\/2014\/01\/FL8_8897.jpg\" \/>\n\t<meta property=\"og:image:width\" content=\"1400\" \/>\n\t<meta property=\"og:image:height\" content=\"934\" \/>\n\t<meta property=\"og:image:type\" content=\"image\/jpeg\" \/>\n<meta name=\"author\" content=\"Frank Liebke\" \/>\n<meta name=\"twitter:card\" content=\"summary_large_image\" \/>\n<meta name=\"twitter:label1\" content=\"Verfasst von\" \/>\n\t<meta name=\"twitter:data1\" content=\"Frank Liebke\" \/>\n\t<meta name=\"twitter:label2\" content=\"Gesch\u00e4tzte Lesezeit\" \/>\n\t<meta name=\"twitter:data2\" content=\"5\u00a0Minuten\" \/>\n<script type=\"application\/ld+json\" class=\"yoast-schema-graph\">{\"@context\":\"https:\\\/\\\/schema.org\",\"@graph\":[{\"@type\":\"Article\",\"@id\":\"https:\\\/\\\/liebke-foto.de\\\/maerkischeslicht\\\/wildes-brandenburg-oberhavel\\\/#article\",\"isPartOf\":{\"@id\":\"https:\\\/\\\/liebke-foto.de\\\/maerkischeslicht\\\/wildes-brandenburg-oberhavel\\\/\"},\"author\":{\"name\":\"Frank Liebke\",\"@id\":\"https:\\\/\\\/liebke-foto.de\\\/maerkischeslicht\\\/#\\\/schema\\\/person\\\/d71108abc09a723daeeb8526a33137ee\"},\"headline\":\"Regen, Wolken, Wind und Licht\",\"datePublished\":\"2014-01-08T19:23:47+00:00\",\"dateModified\":\"2022-07-03T14:26:43+00:00\",\"mainEntityOfPage\":{\"@id\":\"https:\\\/\\\/liebke-foto.de\\\/maerkischeslicht\\\/wildes-brandenburg-oberhavel\\\/\"},\"wordCount\":533,\"commentCount\":0,\"publisher\":{\"@id\":\"https:\\\/\\\/liebke-foto.de\\\/maerkischeslicht\\\/#\\\/schema\\\/person\\\/d71108abc09a723daeeb8526a33137ee\"},\"image\":{\"@id\":\"https:\\\/\\\/liebke-foto.de\\\/maerkischeslicht\\\/wildes-brandenburg-oberhavel\\\/#primaryimage\"},\"thumbnailUrl\":\"https:\\\/\\\/liebke-foto.de\\\/maerkischeslicht\\\/wp-content\\\/uploads\\\/2014\\\/01\\\/FL8_8897.jpg\",\"articleSection\":[\"Im Land Brandenburg unterwegs\",\"Landschaft\"],\"inLanguage\":\"de\",\"potentialAction\":[{\"@type\":\"CommentAction\",\"name\":\"Comment\",\"target\":[\"https:\\\/\\\/liebke-foto.de\\\/maerkischeslicht\\\/wildes-brandenburg-oberhavel\\\/#respond\"]}]},{\"@type\":\"WebPage\",\"@id\":\"https:\\\/\\\/liebke-foto.de\\\/maerkischeslicht\\\/wildes-brandenburg-oberhavel\\\/\",\"url\":\"https:\\\/\\\/liebke-foto.de\\\/maerkischeslicht\\\/wildes-brandenburg-oberhavel\\\/\",\"name\":\"Regen, Wolken, Wind und Licht - M\u00e4rkisches Licht - Der Fotograf der Stille\",\"isPartOf\":{\"@id\":\"https:\\\/\\\/liebke-foto.de\\\/maerkischeslicht\\\/#website\"},\"primaryImageOfPage\":{\"@id\":\"https:\\\/\\\/liebke-foto.de\\\/maerkischeslicht\\\/wildes-brandenburg-oberhavel\\\/#primaryimage\"},\"image\":{\"@id\":\"https:\\\/\\\/liebke-foto.de\\\/maerkischeslicht\\\/wildes-brandenburg-oberhavel\\\/#primaryimage\"},\"thumbnailUrl\":\"https:\\\/\\\/liebke-foto.de\\\/maerkischeslicht\\\/wp-content\\\/uploads\\\/2014\\\/01\\\/FL8_8897.jpg\",\"datePublished\":\"2014-01-08T19:23:47+00:00\",\"dateModified\":\"2022-07-03T14:26:43+00:00\",\"description\":\"Regen, Wolken, Wind und Licht\",\"breadcrumb\":{\"@id\":\"https:\\\/\\\/liebke-foto.de\\\/maerkischeslicht\\\/wildes-brandenburg-oberhavel\\\/#breadcrumb\"},\"inLanguage\":\"de\",\"potentialAction\":[{\"@type\":\"ReadAction\",\"target\":[\"https:\\\/\\\/liebke-foto.de\\\/maerkischeslicht\\\/wildes-brandenburg-oberhavel\\\/\"]}]},{\"@type\":\"ImageObject\",\"inLanguage\":\"de\",\"@id\":\"https:\\\/\\\/liebke-foto.de\\\/maerkischeslicht\\\/wildes-brandenburg-oberhavel\\\/#primaryimage\",\"url\":\"https:\\\/\\\/liebke-foto.de\\\/maerkischeslicht\\\/wp-content\\\/uploads\\\/2014\\\/01\\\/FL8_8897.jpg\",\"contentUrl\":\"https:\\\/\\\/liebke-foto.de\\\/maerkischeslicht\\\/wp-content\\\/uploads\\\/2014\\\/01\\\/FL8_8897.jpg\",\"width\":1400,\"height\":934},{\"@type\":\"BreadcrumbList\",\"@id\":\"https:\\\/\\\/liebke-foto.de\\\/maerkischeslicht\\\/wildes-brandenburg-oberhavel\\\/#breadcrumb\",\"itemListElement\":[{\"@type\":\"ListItem\",\"position\":1,\"name\":\"Startseite\",\"item\":\"https:\\\/\\\/liebke-foto.de\\\/maerkischeslicht\\\/\"},{\"@type\":\"ListItem\",\"position\":2,\"name\":\"Regen, Wolken, Wind und Licht\"}]},{\"@type\":\"WebSite\",\"@id\":\"https:\\\/\\\/liebke-foto.de\\\/maerkischeslicht\\\/#website\",\"url\":\"https:\\\/\\\/liebke-foto.de\\\/maerkischeslicht\\\/\",\"name\":\"M\u00e4rkisches Licht - Der Fotograf der Stille\",\"description\":\"Die Liebe zum Leben...\",\"publisher\":{\"@id\":\"https:\\\/\\\/liebke-foto.de\\\/maerkischeslicht\\\/#\\\/schema\\\/person\\\/d71108abc09a723daeeb8526a33137ee\"},\"potentialAction\":[{\"@type\":\"SearchAction\",\"target\":{\"@type\":\"EntryPoint\",\"urlTemplate\":\"https:\\\/\\\/liebke-foto.de\\\/maerkischeslicht\\\/?s={search_term_string}\"},\"query-input\":{\"@type\":\"PropertyValueSpecification\",\"valueRequired\":true,\"valueName\":\"search_term_string\"}}],\"inLanguage\":\"de\"},{\"@type\":[\"Person\",\"Organization\"],\"@id\":\"https:\\\/\\\/liebke-foto.de\\\/maerkischeslicht\\\/#\\\/schema\\\/person\\\/d71108abc09a723daeeb8526a33137ee\",\"name\":\"Frank Liebke\",\"image\":{\"@type\":\"ImageObject\",\"inLanguage\":\"de\",\"@id\":\"https:\\\/\\\/liebke-foto.de\\\/maerkischeslicht\\\/wp-content\\\/uploads\\\/2021\\\/12\\\/IMG-20211024-WA0001.jpg\",\"url\":\"https:\\\/\\\/liebke-foto.de\\\/maerkischeslicht\\\/wp-content\\\/uploads\\\/2021\\\/12\\\/IMG-20211024-WA0001.jpg\",\"contentUrl\":\"https:\\\/\\\/liebke-foto.de\\\/maerkischeslicht\\\/wp-content\\\/uploads\\\/2021\\\/12\\\/IMG-20211024-WA0001.jpg\",\"width\":900,\"height\":1600,\"caption\":\"Frank Liebke\"},\"logo\":{\"@id\":\"https:\\\/\\\/liebke-foto.de\\\/maerkischeslicht\\\/wp-content\\\/uploads\\\/2021\\\/12\\\/IMG-20211024-WA0001.jpg\"},\"sameAs\":[\"https:\\\/\\\/liebke-foto.de\"],\"url\":\"https:\\\/\\\/liebke-foto.de\\\/maerkischeslicht\\\/author\\\/adminuser\\\/\"}]}<\/script>\n<!-- \/ Yoast SEO plugin. -->","yoast_head_json":{"title":"Regen, Wolken, Wind und Licht - M\u00e4rkisches Licht - Der Fotograf der Stille","description":"Regen, Wolken, Wind und Licht","robots":{"index":"index","follow":"follow","max-snippet":"max-snippet:-1","max-image-preview":"max-image-preview:large","max-video-preview":"max-video-preview:-1"},"canonical":"https:\/\/liebke-foto.de\/maerkischeslicht\/wildes-brandenburg-oberhavel\/","og_locale":"de_DE","og_type":"article","og_title":"Regen, Wolken, Wind und Licht - M\u00e4rkisches Licht - Der Fotograf der Stille","og_description":"Regen, Wolken, Wind und Licht","og_url":"https:\/\/liebke-foto.de\/maerkischeslicht\/wildes-brandenburg-oberhavel\/","og_site_name":"M\u00e4rkisches Licht - Der Fotograf der Stille","article_published_time":"2014-01-08T19:23:47+00:00","article_modified_time":"2022-07-03T14:26:43+00:00","og_image":[{"width":1400,"height":934,"url":"https:\/\/liebke-foto.de\/maerkischeslicht\/wp-content\/uploads\/2014\/01\/FL8_8897.jpg","type":"image\/jpeg"}],"author":"Frank Liebke","twitter_card":"summary_large_image","twitter_misc":{"Verfasst von":"Frank Liebke","Gesch\u00e4tzte Lesezeit":"5\u00a0Minuten"},"schema":{"@context":"https:\/\/schema.org","@graph":[{"@type":"Article","@id":"https:\/\/liebke-foto.de\/maerkischeslicht\/wildes-brandenburg-oberhavel\/#article","isPartOf":{"@id":"https:\/\/liebke-foto.de\/maerkischeslicht\/wildes-brandenburg-oberhavel\/"},"author":{"name":"Frank Liebke","@id":"https:\/\/liebke-foto.de\/maerkischeslicht\/#\/schema\/person\/d71108abc09a723daeeb8526a33137ee"},"headline":"Regen, Wolken, Wind und Licht","datePublished":"2014-01-08T19:23:47+00:00","dateModified":"2022-07-03T14:26:43+00:00","mainEntityOfPage":{"@id":"https:\/\/liebke-foto.de\/maerkischeslicht\/wildes-brandenburg-oberhavel\/"},"wordCount":533,"commentCount":0,"publisher":{"@id":"https:\/\/liebke-foto.de\/maerkischeslicht\/#\/schema\/person\/d71108abc09a723daeeb8526a33137ee"},"image":{"@id":"https:\/\/liebke-foto.de\/maerkischeslicht\/wildes-brandenburg-oberhavel\/#primaryimage"},"thumbnailUrl":"https:\/\/liebke-foto.de\/maerkischeslicht\/wp-content\/uploads\/2014\/01\/FL8_8897.jpg","articleSection":["Im Land Brandenburg unterwegs","Landschaft"],"inLanguage":"de","potentialAction":[{"@type":"CommentAction","name":"Comment","target":["https:\/\/liebke-foto.de\/maerkischeslicht\/wildes-brandenburg-oberhavel\/#respond"]}]},{"@type":"WebPage","@id":"https:\/\/liebke-foto.de\/maerkischeslicht\/wildes-brandenburg-oberhavel\/","url":"https:\/\/liebke-foto.de\/maerkischeslicht\/wildes-brandenburg-oberhavel\/","name":"Regen, Wolken, Wind und Licht - M\u00e4rkisches Licht - Der Fotograf der Stille","isPartOf":{"@id":"https:\/\/liebke-foto.de\/maerkischeslicht\/#website"},"primaryImageOfPage":{"@id":"https:\/\/liebke-foto.de\/maerkischeslicht\/wildes-brandenburg-oberhavel\/#primaryimage"},"image":{"@id":"https:\/\/liebke-foto.de\/maerkischeslicht\/wildes-brandenburg-oberhavel\/#primaryimage"},"thumbnailUrl":"https:\/\/liebke-foto.de\/maerkischeslicht\/wp-content\/uploads\/2014\/01\/FL8_8897.jpg","datePublished":"2014-01-08T19:23:47+00:00","dateModified":"2022-07-03T14:26:43+00:00","description":"Regen, Wolken, Wind und Licht","breadcrumb":{"@id":"https:\/\/liebke-foto.de\/maerkischeslicht\/wildes-brandenburg-oberhavel\/#breadcrumb"},"inLanguage":"de","potentialAction":[{"@type":"ReadAction","target":["https:\/\/liebke-foto.de\/maerkischeslicht\/wildes-brandenburg-oberhavel\/"]}]},{"@type":"ImageObject","inLanguage":"de","@id":"https:\/\/liebke-foto.de\/maerkischeslicht\/wildes-brandenburg-oberhavel\/#primaryimage","url":"https:\/\/liebke-foto.de\/maerkischeslicht\/wp-content\/uploads\/2014\/01\/FL8_8897.jpg","contentUrl":"https:\/\/liebke-foto.de\/maerkischeslicht\/wp-content\/uploads\/2014\/01\/FL8_8897.jpg","width":1400,"height":934},{"@type":"BreadcrumbList","@id":"https:\/\/liebke-foto.de\/maerkischeslicht\/wildes-brandenburg-oberhavel\/#breadcrumb","itemListElement":[{"@type":"ListItem","position":1,"name":"Startseite","item":"https:\/\/liebke-foto.de\/maerkischeslicht\/"},{"@type":"ListItem","position":2,"name":"Regen, Wolken, Wind und Licht"}]},{"@type":"WebSite","@id":"https:\/\/liebke-foto.de\/maerkischeslicht\/#website","url":"https:\/\/liebke-foto.de\/maerkischeslicht\/","name":"M\u00e4rkisches Licht - Der Fotograf der Stille","description":"Die Liebe zum Leben...","publisher":{"@id":"https:\/\/liebke-foto.de\/maerkischeslicht\/#\/schema\/person\/d71108abc09a723daeeb8526a33137ee"},"potentialAction":[{"@type":"SearchAction","target":{"@type":"EntryPoint","urlTemplate":"https:\/\/liebke-foto.de\/maerkischeslicht\/?s={search_term_string}"},"query-input":{"@type":"PropertyValueSpecification","valueRequired":true,"valueName":"search_term_string"}}],"inLanguage":"de"},{"@type":["Person","Organization"],"@id":"https:\/\/liebke-foto.de\/maerkischeslicht\/#\/schema\/person\/d71108abc09a723daeeb8526a33137ee","name":"Frank Liebke","image":{"@type":"ImageObject","inLanguage":"de","@id":"https:\/\/liebke-foto.de\/maerkischeslicht\/wp-content\/uploads\/2021\/12\/IMG-20211024-WA0001.jpg","url":"https:\/\/liebke-foto.de\/maerkischeslicht\/wp-content\/uploads\/2021\/12\/IMG-20211024-WA0001.jpg","contentUrl":"https:\/\/liebke-foto.de\/maerkischeslicht\/wp-content\/uploads\/2021\/12\/IMG-20211024-WA0001.jpg","width":900,"height":1600,"caption":"Frank Liebke"},"logo":{"@id":"https:\/\/liebke-foto.de\/maerkischeslicht\/wp-content\/uploads\/2021\/12\/IMG-20211024-WA0001.jpg"},"sameAs":["https:\/\/liebke-foto.de"],"url":"https:\/\/liebke-foto.de\/maerkischeslicht\/author\/adminuser\/"}]}},"_links":{"self":[{"href":"https:\/\/liebke-foto.de\/maerkischeslicht\/wp-json\/wp\/v2\/posts\/249","targetHints":{"allow":["GET"]}}],"collection":[{"href":"https:\/\/liebke-foto.de\/maerkischeslicht\/wp-json\/wp\/v2\/posts"}],"about":[{"href":"https:\/\/liebke-foto.de\/maerkischeslicht\/wp-json\/wp\/v2\/types\/post"}],"author":[{"embeddable":true,"href":"https:\/\/liebke-foto.de\/maerkischeslicht\/wp-json\/wp\/v2\/users\/1"}],"replies":[{"embeddable":true,"href":"https:\/\/liebke-foto.de\/maerkischeslicht\/wp-json\/wp\/v2\/comments?post=249"}],"version-history":[{"count":20,"href":"https:\/\/liebke-foto.de\/maerkischeslicht\/wp-json\/wp\/v2\/posts\/249\/revisions"}],"predecessor-version":[{"id":5998,"href":"https:\/\/liebke-foto.de\/maerkischeslicht\/wp-json\/wp\/v2\/posts\/249\/revisions\/5998"}],"wp:featuredmedia":[{"embeddable":true,"href":"https:\/\/liebke-foto.de\/maerkischeslicht\/wp-json\/wp\/v2\/media\/262"}],"wp:attachment":[{"href":"https:\/\/liebke-foto.de\/maerkischeslicht\/wp-json\/wp\/v2\/media?parent=249"}],"wp:term":[{"taxonomy":"category","embeddable":true,"href":"https:\/\/liebke-foto.de\/maerkischeslicht\/wp-json\/wp\/v2\/categories?post=249"},{"taxonomy":"post_tag","embeddable":true,"href":"https:\/\/liebke-foto.de\/maerkischeslicht\/wp-json\/wp\/v2\/tags?post=249"}],"curies":[{"name":"wp","href":"https:\/\/api.w.org\/{rel}","templated":true}]}}