{"id":2412,"date":"2015-09-14T17:52:27","date_gmt":"2015-09-14T15:52:27","guid":{"rendered":"http:\/\/liebke-foto.de\/maerkischeslicht\/?p=2412"},"modified":"2022-07-04T08:34:45","modified_gmt":"2022-07-04T06:34:45","slug":"kalender-maerkisches-licht-2016","status":"publish","type":"post","link":"https:\/\/liebke-foto.de\/maerkischeslicht\/kalender-maerkisches-licht-2016\/","title":{"rendered":"Kalender &#8222;M\u00e4rkisches Licht 2016&#8220;"},"content":{"rendered":"<div class=\"wp-block-image\">\n<figure class=\"aligncenter\"><a href=\"https:\/\/liebke-foto.de\/maerkischeslicht\/wp-content\/uploads\/2015\/09\/Titel.jpg\"><img loading=\"lazy\" decoding=\"async\" width=\"1600\" height=\"694\" src=\"https:\/\/liebke-foto.de\/maerkischeslicht\/wp-content\/uploads\/2015\/09\/Titel-1600x694.jpg\" alt=\"\" class=\"wp-image-2429\" srcset=\"https:\/\/liebke-foto.de\/maerkischeslicht\/wp-content\/uploads\/2015\/09\/Titel-1600x694.jpg 1600w, https:\/\/liebke-foto.de\/maerkischeslicht\/wp-content\/uploads\/2015\/09\/Titel-1300x564.jpg 1300w, https:\/\/liebke-foto.de\/maerkischeslicht\/wp-content\/uploads\/2015\/09\/Titel.jpg 2000w\" sizes=\"auto, (max-width: 1600px) 100vw, 1600px\" \/><\/a><figcaption>Titel<\/figcaption><\/figure>\n<\/div>\n\n\n<p>Das ist der neue&nbsp;Panoramakalender &#8222;M\u00e4rkisches Licht 2016&#8220;. Er ist fertig und kann bestellt werden. Die Druckqualit\u00e4t ist wieder super!<\/p>\n\n\n\n<p><br \/>Der Verkaufspreis ist wieder 14,50 \u20ac, direkt wird er in der Touristinfo gegen\u00fcber dem Schloss Oranienburg und in den Filialen der B\u00e4ckerei Plentz zu bekommen sein. Hennigsdorfer k\u00f6nnen den auch in der dortigen Stadtinfo im Rathaus erhalten.<\/p>\n\n\n\n<p><span style=\"color: #ff6600;\">Und jetzt ist er auch in K\u00f6nigs Wusterhausen im Kaufhaus, Buchladen und in der Touristinfo am Bahnhof erh\u00e4ltlich!!<\/span><\/p>\n\n\n\n<p>Es gibt auch die M\u00f6glichkeit, verbindlich bei mir zu bestellen, ich verschicke ihn dann zu den \u00fcblichen Verpackung- und Versandkosten. F\u00fcr Bestellungen dann bitte nur \u00fcber folgende Mailadresse:&nbsp;<a href=\"mailto:Kalender2016@fotoliebke.de\" target=\"_blank\" rel=\"noopener\">Kalender2016@fotoliebke.de<br \/><\/a>Ich schicke dann per Mail meine Bankverbindung zu, nach \u00dcberweisung geht der Kalender dann umgehend in die Post.<\/p>\n\n\n\n<p>Das erw\u00e4hnte Layout wird genau so sein wie im letzten Kalender, hier nochmal zur Erinnerung <a href=\"https:\/\/liebke-foto.de\/maerkischeslicht\/mein-kalender-2015\/\" target=\"_blank\" rel=\"noopener\">(Kalender 2015)<\/a>. Genauso wird er dieselbe R\u00fcckpappe, dieselbe Ringbindung und nur eine \u00d6se zum Aufh\u00e4ngen haben. Das sind leider die Kompromisse die man eingehen muss, wenn man den g\u00fcnstigen Verkaufspreis halten m\u00f6chte. <\/p>\n\n\n\n<p>Vielleicht \u00e4ndere ich das im n\u00e4chsten Jahr f\u00fcr 2017, vielleicht sogar das Format und die Proportionen. (Der Kalender f\u00fcr Hennigsdorf erscheint dieses Mal im A3-Format, nicht Panorama und ist auch in der Hennigsdorfer Stadtinfo im Rathaus zu erhalten). <\/p>\n\n\n\n<p>Nun w\u00fcnsche ich erst einmal viel Spa\u00df beim Schauen \ud83d\ude42<\/p>\n\n\n<div class=\"wp-block-image\">\n<figure class=\"aligncenter size-large\"><a href=\"https:\/\/liebke-foto.de\/maerkischeslicht\/wp-content\/uploads\/2015\/09\/Januar1.jpg\"><img loading=\"lazy\" decoding=\"async\" width=\"2000\" height=\"867\" src=\"https:\/\/liebke-foto.de\/maerkischeslicht\/wp-content\/uploads\/2015\/09\/Januar1.jpg\" alt=\"Januar\" class=\"wp-image-2434\" srcset=\"https:\/\/liebke-foto.de\/maerkischeslicht\/wp-content\/uploads\/2015\/09\/Januar1.jpg 2000w, https:\/\/liebke-foto.de\/maerkischeslicht\/wp-content\/uploads\/2015\/09\/Januar1-1300x564.jpg 1300w, https:\/\/liebke-foto.de\/maerkischeslicht\/wp-content\/uploads\/2015\/09\/Januar1-1600x694.jpg 1600w\" sizes=\"auto, (max-width: 2000px) 100vw, 2000px\" \/><\/a><\/figure>\n<\/div>\n\n<div class=\"wp-block-image\">\n<figure class=\"aligncenter size-large\"><a href=\"https:\/\/liebke-foto.de\/maerkischeslicht\/wp-content\/uploads\/2015\/09\/Februar1.jpg\"><img loading=\"lazy\" decoding=\"async\" width=\"2000\" height=\"867\" src=\"https:\/\/liebke-foto.de\/maerkischeslicht\/wp-content\/uploads\/2015\/09\/Februar1.jpg\" alt=\"Februar\" class=\"wp-image-2433\" srcset=\"https:\/\/liebke-foto.de\/maerkischeslicht\/wp-content\/uploads\/2015\/09\/Februar1.jpg 2000w, https:\/\/liebke-foto.de\/maerkischeslicht\/wp-content\/uploads\/2015\/09\/Februar1-1300x564.jpg 1300w, https:\/\/liebke-foto.de\/maerkischeslicht\/wp-content\/uploads\/2015\/09\/Februar1-1600x694.jpg 1600w\" sizes=\"auto, (max-width: 2000px) 100vw, 2000px\" \/><\/a><\/figure>\n<\/div>\n\n<div class=\"wp-block-image\">\n<figure class=\"aligncenter size-large\"><a href=\"https:\/\/liebke-foto.de\/maerkischeslicht\/wp-content\/uploads\/2015\/09\/Maerz1.jpg\"><img loading=\"lazy\" decoding=\"async\" width=\"2000\" height=\"867\" src=\"https:\/\/liebke-foto.de\/maerkischeslicht\/wp-content\/uploads\/2015\/09\/Maerz1.jpg\" alt=\"Maerz\" class=\"wp-image-2437\" srcset=\"https:\/\/liebke-foto.de\/maerkischeslicht\/wp-content\/uploads\/2015\/09\/Maerz1.jpg 2000w, https:\/\/liebke-foto.de\/maerkischeslicht\/wp-content\/uploads\/2015\/09\/Maerz1-1300x564.jpg 1300w, https:\/\/liebke-foto.de\/maerkischeslicht\/wp-content\/uploads\/2015\/09\/Maerz1-1600x694.jpg 1600w\" sizes=\"auto, (max-width: 2000px) 100vw, 2000px\" \/><\/a><\/figure>\n<\/div>\n\n<div class=\"wp-block-image\">\n<figure class=\"aligncenter size-large\"><a href=\"https:\/\/liebke-foto.de\/maerkischeslicht\/wp-content\/uploads\/2015\/09\/April1.jpg\"><img loading=\"lazy\" decoding=\"async\" width=\"2000\" height=\"867\" src=\"https:\/\/liebke-foto.de\/maerkischeslicht\/wp-content\/uploads\/2015\/09\/April1.jpg\" alt=\"April\" class=\"wp-image-2430\" srcset=\"https:\/\/liebke-foto.de\/maerkischeslicht\/wp-content\/uploads\/2015\/09\/April1.jpg 2000w, https:\/\/liebke-foto.de\/maerkischeslicht\/wp-content\/uploads\/2015\/09\/April1-1300x564.jpg 1300w, https:\/\/liebke-foto.de\/maerkischeslicht\/wp-content\/uploads\/2015\/09\/April1-1600x694.jpg 1600w\" sizes=\"auto, (max-width: 2000px) 100vw, 2000px\" \/><\/a><\/figure>\n<\/div>\n\n<div class=\"wp-block-image\">\n<figure class=\"aligncenter size-large\"><a href=\"https:\/\/liebke-foto.de\/maerkischeslicht\/wp-content\/uploads\/2015\/09\/Mai1.jpg\"><img loading=\"lazy\" decoding=\"async\" width=\"2000\" height=\"867\" src=\"https:\/\/liebke-foto.de\/maerkischeslicht\/wp-content\/uploads\/2015\/09\/Mai1.jpg\" alt=\"Mai\" class=\"wp-image-2438\" srcset=\"https:\/\/liebke-foto.de\/maerkischeslicht\/wp-content\/uploads\/2015\/09\/Mai1.jpg 2000w, https:\/\/liebke-foto.de\/maerkischeslicht\/wp-content\/uploads\/2015\/09\/Mai1-1300x564.jpg 1300w, https:\/\/liebke-foto.de\/maerkischeslicht\/wp-content\/uploads\/2015\/09\/Mai1-1600x694.jpg 1600w\" sizes=\"auto, (max-width: 2000px) 100vw, 2000px\" \/><\/a><\/figure>\n<\/div>\n\n<div class=\"wp-block-image\">\n<figure class=\"aligncenter size-large\"><a href=\"https:\/\/liebke-foto.de\/maerkischeslicht\/wp-content\/uploads\/2015\/09\/Juni1.jpg\"><img loading=\"lazy\" decoding=\"async\" width=\"2000\" height=\"867\" src=\"https:\/\/liebke-foto.de\/maerkischeslicht\/wp-content\/uploads\/2015\/09\/Juni1.jpg\" alt=\"Juni\" class=\"wp-image-2436\" srcset=\"https:\/\/liebke-foto.de\/maerkischeslicht\/wp-content\/uploads\/2015\/09\/Juni1.jpg 2000w, https:\/\/liebke-foto.de\/maerkischeslicht\/wp-content\/uploads\/2015\/09\/Juni1-1300x564.jpg 1300w, https:\/\/liebke-foto.de\/maerkischeslicht\/wp-content\/uploads\/2015\/09\/Juni1-1600x694.jpg 1600w\" sizes=\"auto, (max-width: 2000px) 100vw, 2000px\" \/><\/a><\/figure>\n<\/div>\n\n<div class=\"wp-block-image\">\n<figure class=\"aligncenter size-large\"><a href=\"https:\/\/liebke-foto.de\/maerkischeslicht\/wp-content\/uploads\/2015\/09\/Juli1.jpg\"><img loading=\"lazy\" decoding=\"async\" width=\"2000\" height=\"867\" src=\"https:\/\/liebke-foto.de\/maerkischeslicht\/wp-content\/uploads\/2015\/09\/Juli1.jpg\" alt=\"Juli\" class=\"wp-image-2435\" srcset=\"https:\/\/liebke-foto.de\/maerkischeslicht\/wp-content\/uploads\/2015\/09\/Juli1.jpg 2000w, https:\/\/liebke-foto.de\/maerkischeslicht\/wp-content\/uploads\/2015\/09\/Juli1-1300x564.jpg 1300w, https:\/\/liebke-foto.de\/maerkischeslicht\/wp-content\/uploads\/2015\/09\/Juli1-1600x694.jpg 1600w\" sizes=\"auto, (max-width: 2000px) 100vw, 2000px\" \/><\/a><\/figure>\n<\/div>\n\n<div class=\"wp-block-image\">\n<figure class=\"aligncenter size-large\"><a href=\"https:\/\/liebke-foto.de\/maerkischeslicht\/wp-content\/uploads\/2015\/09\/August1.jpg\"><img loading=\"lazy\" decoding=\"async\" width=\"2000\" height=\"867\" src=\"https:\/\/liebke-foto.de\/maerkischeslicht\/wp-content\/uploads\/2015\/09\/August1.jpg\" alt=\"August\" class=\"wp-image-2431\" srcset=\"https:\/\/liebke-foto.de\/maerkischeslicht\/wp-content\/uploads\/2015\/09\/August1.jpg 2000w, https:\/\/liebke-foto.de\/maerkischeslicht\/wp-content\/uploads\/2015\/09\/August1-1300x564.jpg 1300w, https:\/\/liebke-foto.de\/maerkischeslicht\/wp-content\/uploads\/2015\/09\/August1-1600x694.jpg 1600w\" sizes=\"auto, (max-width: 2000px) 100vw, 2000px\" \/><\/a><\/figure>\n<\/div>\n\n<div class=\"wp-block-image\">\n<figure class=\"aligncenter size-large\"><a href=\"https:\/\/liebke-foto.de\/maerkischeslicht\/wp-content\/uploads\/2015\/09\/September.jpg\"><img loading=\"lazy\" decoding=\"async\" width=\"2000\" height=\"867\" src=\"https:\/\/liebke-foto.de\/maerkischeslicht\/wp-content\/uploads\/2015\/09\/September.jpg\" alt=\"September\" class=\"wp-image-2441\" srcset=\"https:\/\/liebke-foto.de\/maerkischeslicht\/wp-content\/uploads\/2015\/09\/September.jpg 2000w, https:\/\/liebke-foto.de\/maerkischeslicht\/wp-content\/uploads\/2015\/09\/September-1300x564.jpg 1300w, https:\/\/liebke-foto.de\/maerkischeslicht\/wp-content\/uploads\/2015\/09\/September-1600x694.jpg 1600w\" sizes=\"auto, (max-width: 2000px) 100vw, 2000px\" \/><\/a><\/figure>\n<\/div>\n\n<div class=\"wp-block-image\">\n<figure class=\"aligncenter size-large\"><a href=\"https:\/\/liebke-foto.de\/maerkischeslicht\/wp-content\/uploads\/2015\/09\/Oktober1.jpg\"><img loading=\"lazy\" decoding=\"async\" width=\"2000\" height=\"867\" src=\"https:\/\/liebke-foto.de\/maerkischeslicht\/wp-content\/uploads\/2015\/09\/Oktober1.jpg\" alt=\"Oktober\" class=\"wp-image-2440\" srcset=\"https:\/\/liebke-foto.de\/maerkischeslicht\/wp-content\/uploads\/2015\/09\/Oktober1.jpg 2000w, https:\/\/liebke-foto.de\/maerkischeslicht\/wp-content\/uploads\/2015\/09\/Oktober1-1300x564.jpg 1300w, https:\/\/liebke-foto.de\/maerkischeslicht\/wp-content\/uploads\/2015\/09\/Oktober1-1600x694.jpg 1600w\" sizes=\"auto, (max-width: 2000px) 100vw, 2000px\" \/><\/a><\/figure>\n<\/div>\n\n<div class=\"wp-block-image\">\n<figure class=\"aligncenter size-large\"><a href=\"https:\/\/liebke-foto.de\/maerkischeslicht\/wp-content\/uploads\/2015\/09\/November1.jpg\"><img loading=\"lazy\" decoding=\"async\" width=\"2000\" height=\"867\" src=\"https:\/\/liebke-foto.de\/maerkischeslicht\/wp-content\/uploads\/2015\/09\/November1.jpg\" alt=\"November\" class=\"wp-image-2439\" srcset=\"https:\/\/liebke-foto.de\/maerkischeslicht\/wp-content\/uploads\/2015\/09\/November1.jpg 2000w, https:\/\/liebke-foto.de\/maerkischeslicht\/wp-content\/uploads\/2015\/09\/November1-1300x564.jpg 1300w, https:\/\/liebke-foto.de\/maerkischeslicht\/wp-content\/uploads\/2015\/09\/November1-1600x694.jpg 1600w\" sizes=\"auto, (max-width: 2000px) 100vw, 2000px\" \/><\/a><\/figure>\n<\/div>\n\n<div class=\"wp-block-image\">\n<figure class=\"aligncenter size-large\"><a href=\"https:\/\/liebke-foto.de\/maerkischeslicht\/wp-content\/uploads\/2015\/09\/Dezember1.jpg\"><img loading=\"lazy\" decoding=\"async\" width=\"2000\" height=\"867\" src=\"https:\/\/liebke-foto.de\/maerkischeslicht\/wp-content\/uploads\/2015\/09\/Dezember1.jpg\" alt=\"Dezember\" class=\"wp-image-2432\" srcset=\"https:\/\/liebke-foto.de\/maerkischeslicht\/wp-content\/uploads\/2015\/09\/Dezember1.jpg 2000w, https:\/\/liebke-foto.de\/maerkischeslicht\/wp-content\/uploads\/2015\/09\/Dezember1-1300x564.jpg 1300w, https:\/\/liebke-foto.de\/maerkischeslicht\/wp-content\/uploads\/2015\/09\/Dezember1-1600x694.jpg 1600w\" sizes=\"auto, (max-width: 2000px) 100vw, 2000px\" \/><\/a><\/figure>\n<\/div>\n\n\n<div style=\"padding:20px\" class=\"wp-block-tnp-minimal\"><p>Subscribe to our newsletter!<\/p><div><div class=\"tnp tnp-subscription \">\n<form method=\"post\" action=\"https:\/\/liebke-foto.de\/maerkischeslicht\/wp-admin\/admin-ajax.php?action=tnp&amp;na=s\">\n<input type=\"hidden\" name=\"nlang\" value=\"\">\n<div class=\"tnp-field tnp-field-firstname\"><label for=\"tnp-1\">Vorname oder ganzer Name<\/label>\n<input class=\"tnp-name\" type=\"text\" name=\"nn\" id=\"tnp-1\" value=\"\" placeholder=\"\"><\/div>\n<div class=\"tnp-field tnp-field-email\"><label for=\"tnp-2\">Email<\/label>\n<input class=\"tnp-email\" type=\"email\" name=\"ne\" id=\"tnp-2\" value=\"\" placeholder=\"\" required><\/div>\n<div class=\"tnp-field tnp-privacy-field\"><label><input type=\"checkbox\" name=\"ny\" required class=\"tnp-privacy\"> Indem Du fortf\u00e4hrst, akzeptierst Du unsere Datenschutzerkl\u00e4rung.<\/label><\/div><div class=\"tnp-field tnp-field-button\" style=\"text-align: left\"><input class=\"tnp-submit\" type=\"submit\" value=\"Abonnieren\" style=\"\">\n<\/div>\n<\/form>\n<\/div>\n<\/div><\/div>\n\n\n\n\n","protected":false},"excerpt":{"rendered":"<p>Das ist der neue&nbsp;Panoramakalender &#8222;M\u00e4rkisches Licht 2016&#8220;. Er ist fertig und kann bestellt werden. Die Druckqualit\u00e4t ist wieder super! Der Verkaufspreis ist wieder&#8230;<\/p>\n","protected":false},"author":1,"featured_media":2429,"comment_status":"open","ping_status":"closed","sticky":false,"template":"","format":"image","meta":{"footnotes":""},"categories":[11,10,34,2],"tags":[63],"class_list":["post-2412","post","type-post","status-publish","format-image","has-post-thumbnail","hentry","category-im-land-brandenburg-unterwegs","category-landschaft-mark-brandenburg-oberhavel-barnim","category-naturpark-barnim","category-panoramafotos","tag-kalender-2017","post_format-post-format-image"],"yoast_head":"<!-- This site is optimized with the Yoast SEO plugin v27.5 - https:\/\/yoast.com\/product\/yoast-seo-wordpress\/ -->\n<title>Kalender &quot;M\u00e4rkisches Licht 2016&quot; - M\u00e4rkisches Licht - Der Fotograf der Stille<\/title>\n<meta name=\"description\" content=\"Kalender &quot;M\u00e4rkisches Licht 2016&quot;\" \/>\n<meta name=\"robots\" content=\"index, follow, max-snippet:-1, max-image-preview:large, max-video-preview:-1\" \/>\n<link rel=\"canonical\" href=\"https:\/\/liebke-foto.de\/maerkischeslicht\/kalender-maerkisches-licht-2016\/\" \/>\n<meta property=\"og:locale\" content=\"de_DE\" \/>\n<meta property=\"og:type\" content=\"article\" \/>\n<meta property=\"og:title\" content=\"Kalender &quot;M\u00e4rkisches Licht 2016&quot; - M\u00e4rkisches Licht - Der Fotograf der Stille\" \/>\n<meta property=\"og:description\" content=\"Kalender &quot;M\u00e4rkisches Licht 2016&quot;\" \/>\n<meta property=\"og:url\" content=\"https:\/\/liebke-foto.de\/maerkischeslicht\/kalender-maerkisches-licht-2016\/\" \/>\n<meta property=\"og:site_name\" content=\"M\u00e4rkisches Licht - Der Fotograf der Stille\" \/>\n<meta property=\"article:published_time\" content=\"2015-09-14T15:52:27+00:00\" \/>\n<meta property=\"article:modified_time\" content=\"2022-07-04T06:34:45+00:00\" \/>\n<meta property=\"og:image\" content=\"https:\/\/liebke-foto.de\/maerkischeslicht\/wp-content\/uploads\/2015\/09\/Titel.jpg\" \/>\n\t<meta property=\"og:image:width\" content=\"2000\" \/>\n\t<meta property=\"og:image:height\" content=\"867\" \/>\n\t<meta property=\"og:image:type\" content=\"image\/jpeg\" \/>\n<meta name=\"author\" content=\"Frank Liebke\" \/>\n<meta name=\"twitter:card\" content=\"summary_large_image\" \/>\n<meta name=\"twitter:label1\" content=\"Verfasst von\" \/>\n\t<meta name=\"twitter:data1\" content=\"Frank Liebke\" \/>\n\t<meta name=\"twitter:label2\" content=\"Gesch\u00e4tzte Lesezeit\" \/>\n\t<meta name=\"twitter:data2\" content=\"4\u00a0Minuten\" \/>\n<script type=\"application\/ld+json\" class=\"yoast-schema-graph\">{\"@context\":\"https:\\\/\\\/schema.org\",\"@graph\":[{\"@type\":\"Article\",\"@id\":\"https:\\\/\\\/liebke-foto.de\\\/maerkischeslicht\\\/kalender-maerkisches-licht-2016\\\/#article\",\"isPartOf\":{\"@id\":\"https:\\\/\\\/liebke-foto.de\\\/maerkischeslicht\\\/kalender-maerkisches-licht-2016\\\/\"},\"author\":{\"name\":\"Frank Liebke\",\"@id\":\"https:\\\/\\\/liebke-foto.de\\\/maerkischeslicht\\\/#\\\/schema\\\/person\\\/d71108abc09a723daeeb8526a33137ee\"},\"headline\":\"Kalender &#8222;M\u00e4rkisches Licht 2016&#8220;\",\"datePublished\":\"2015-09-14T15:52:27+00:00\",\"dateModified\":\"2022-07-04T06:34:45+00:00\",\"mainEntityOfPage\":{\"@id\":\"https:\\\/\\\/liebke-foto.de\\\/maerkischeslicht\\\/kalender-maerkisches-licht-2016\\\/\"},\"wordCount\":245,\"commentCount\":18,\"publisher\":{\"@id\":\"https:\\\/\\\/liebke-foto.de\\\/maerkischeslicht\\\/#\\\/schema\\\/person\\\/d71108abc09a723daeeb8526a33137ee\"},\"image\":{\"@id\":\"https:\\\/\\\/liebke-foto.de\\\/maerkischeslicht\\\/kalender-maerkisches-licht-2016\\\/#primaryimage\"},\"thumbnailUrl\":\"https:\\\/\\\/liebke-foto.de\\\/maerkischeslicht\\\/wp-content\\\/uploads\\\/2015\\\/09\\\/Titel.jpg\",\"keywords\":[\"Kalender 2017\"],\"articleSection\":[\"Im Land Brandenburg unterwegs\",\"Landschaft\",\"Naturpark Barnim\",\"Panoramafotografie\"],\"inLanguage\":\"de\",\"potentialAction\":[{\"@type\":\"CommentAction\",\"name\":\"Comment\",\"target\":[\"https:\\\/\\\/liebke-foto.de\\\/maerkischeslicht\\\/kalender-maerkisches-licht-2016\\\/#respond\"]}]},{\"@type\":\"WebPage\",\"@id\":\"https:\\\/\\\/liebke-foto.de\\\/maerkischeslicht\\\/kalender-maerkisches-licht-2016\\\/\",\"url\":\"https:\\\/\\\/liebke-foto.de\\\/maerkischeslicht\\\/kalender-maerkisches-licht-2016\\\/\",\"name\":\"Kalender \\\"M\u00e4rkisches Licht 2016\\\" - M\u00e4rkisches Licht - Der Fotograf der Stille\",\"isPartOf\":{\"@id\":\"https:\\\/\\\/liebke-foto.de\\\/maerkischeslicht\\\/#website\"},\"primaryImageOfPage\":{\"@id\":\"https:\\\/\\\/liebke-foto.de\\\/maerkischeslicht\\\/kalender-maerkisches-licht-2016\\\/#primaryimage\"},\"image\":{\"@id\":\"https:\\\/\\\/liebke-foto.de\\\/maerkischeslicht\\\/kalender-maerkisches-licht-2016\\\/#primaryimage\"},\"thumbnailUrl\":\"https:\\\/\\\/liebke-foto.de\\\/maerkischeslicht\\\/wp-content\\\/uploads\\\/2015\\\/09\\\/Titel.jpg\",\"datePublished\":\"2015-09-14T15:52:27+00:00\",\"dateModified\":\"2022-07-04T06:34:45+00:00\",\"description\":\"Kalender \\\"M\u00e4rkisches Licht 2016\\\"\",\"breadcrumb\":{\"@id\":\"https:\\\/\\\/liebke-foto.de\\\/maerkischeslicht\\\/kalender-maerkisches-licht-2016\\\/#breadcrumb\"},\"inLanguage\":\"de\",\"potentialAction\":[{\"@type\":\"ReadAction\",\"target\":[\"https:\\\/\\\/liebke-foto.de\\\/maerkischeslicht\\\/kalender-maerkisches-licht-2016\\\/\"]}]},{\"@type\":\"ImageObject\",\"inLanguage\":\"de\",\"@id\":\"https:\\\/\\\/liebke-foto.de\\\/maerkischeslicht\\\/kalender-maerkisches-licht-2016\\\/#primaryimage\",\"url\":\"https:\\\/\\\/liebke-foto.de\\\/maerkischeslicht\\\/wp-content\\\/uploads\\\/2015\\\/09\\\/Titel.jpg\",\"contentUrl\":\"https:\\\/\\\/liebke-foto.de\\\/maerkischeslicht\\\/wp-content\\\/uploads\\\/2015\\\/09\\\/Titel.jpg\",\"width\":2000,\"height\":867,\"caption\":\"Titel\"},{\"@type\":\"BreadcrumbList\",\"@id\":\"https:\\\/\\\/liebke-foto.de\\\/maerkischeslicht\\\/kalender-maerkisches-licht-2016\\\/#breadcrumb\",\"itemListElement\":[{\"@type\":\"ListItem\",\"position\":1,\"name\":\"Startseite\",\"item\":\"https:\\\/\\\/liebke-foto.de\\\/maerkischeslicht\\\/\"},{\"@type\":\"ListItem\",\"position\":2,\"name\":\"Kalender &#8222;M\u00e4rkisches Licht 2016&#8220;\"}]},{\"@type\":\"WebSite\",\"@id\":\"https:\\\/\\\/liebke-foto.de\\\/maerkischeslicht\\\/#website\",\"url\":\"https:\\\/\\\/liebke-foto.de\\\/maerkischeslicht\\\/\",\"name\":\"M\u00e4rkisches Licht - Der Fotograf der Stille\",\"description\":\"Die Liebe zum Leben...\",\"publisher\":{\"@id\":\"https:\\\/\\\/liebke-foto.de\\\/maerkischeslicht\\\/#\\\/schema\\\/person\\\/d71108abc09a723daeeb8526a33137ee\"},\"potentialAction\":[{\"@type\":\"SearchAction\",\"target\":{\"@type\":\"EntryPoint\",\"urlTemplate\":\"https:\\\/\\\/liebke-foto.de\\\/maerkischeslicht\\\/?s={search_term_string}\"},\"query-input\":{\"@type\":\"PropertyValueSpecification\",\"valueRequired\":true,\"valueName\":\"search_term_string\"}}],\"inLanguage\":\"de\"},{\"@type\":[\"Person\",\"Organization\"],\"@id\":\"https:\\\/\\\/liebke-foto.de\\\/maerkischeslicht\\\/#\\\/schema\\\/person\\\/d71108abc09a723daeeb8526a33137ee\",\"name\":\"Frank Liebke\",\"image\":{\"@type\":\"ImageObject\",\"inLanguage\":\"de\",\"@id\":\"https:\\\/\\\/liebke-foto.de\\\/maerkischeslicht\\\/wp-content\\\/uploads\\\/2021\\\/12\\\/IMG-20211024-WA0001.jpg\",\"url\":\"https:\\\/\\\/liebke-foto.de\\\/maerkischeslicht\\\/wp-content\\\/uploads\\\/2021\\\/12\\\/IMG-20211024-WA0001.jpg\",\"contentUrl\":\"https:\\\/\\\/liebke-foto.de\\\/maerkischeslicht\\\/wp-content\\\/uploads\\\/2021\\\/12\\\/IMG-20211024-WA0001.jpg\",\"width\":900,\"height\":1600,\"caption\":\"Frank Liebke\"},\"logo\":{\"@id\":\"https:\\\/\\\/liebke-foto.de\\\/maerkischeslicht\\\/wp-content\\\/uploads\\\/2021\\\/12\\\/IMG-20211024-WA0001.jpg\"},\"sameAs\":[\"https:\\\/\\\/liebke-foto.de\"],\"url\":\"https:\\\/\\\/liebke-foto.de\\\/maerkischeslicht\\\/author\\\/adminuser\\\/\"}]}<\/script>\n<!-- \/ Yoast SEO plugin. -->","yoast_head_json":{"title":"Kalender \"M\u00e4rkisches Licht 2016\" - M\u00e4rkisches Licht - Der Fotograf der Stille","description":"Kalender \"M\u00e4rkisches Licht 2016\"","robots":{"index":"index","follow":"follow","max-snippet":"max-snippet:-1","max-image-preview":"max-image-preview:large","max-video-preview":"max-video-preview:-1"},"canonical":"https:\/\/liebke-foto.de\/maerkischeslicht\/kalender-maerkisches-licht-2016\/","og_locale":"de_DE","og_type":"article","og_title":"Kalender \"M\u00e4rkisches Licht 2016\" - M\u00e4rkisches Licht - Der Fotograf der Stille","og_description":"Kalender \"M\u00e4rkisches Licht 2016\"","og_url":"https:\/\/liebke-foto.de\/maerkischeslicht\/kalender-maerkisches-licht-2016\/","og_site_name":"M\u00e4rkisches Licht - Der Fotograf der Stille","article_published_time":"2015-09-14T15:52:27+00:00","article_modified_time":"2022-07-04T06:34:45+00:00","og_image":[{"width":2000,"height":867,"url":"https:\/\/liebke-foto.de\/maerkischeslicht\/wp-content\/uploads\/2015\/09\/Titel.jpg","type":"image\/jpeg"}],"author":"Frank Liebke","twitter_card":"summary_large_image","twitter_misc":{"Verfasst von":"Frank Liebke","Gesch\u00e4tzte Lesezeit":"4\u00a0Minuten"},"schema":{"@context":"https:\/\/schema.org","@graph":[{"@type":"Article","@id":"https:\/\/liebke-foto.de\/maerkischeslicht\/kalender-maerkisches-licht-2016\/#article","isPartOf":{"@id":"https:\/\/liebke-foto.de\/maerkischeslicht\/kalender-maerkisches-licht-2016\/"},"author":{"name":"Frank Liebke","@id":"https:\/\/liebke-foto.de\/maerkischeslicht\/#\/schema\/person\/d71108abc09a723daeeb8526a33137ee"},"headline":"Kalender &#8222;M\u00e4rkisches Licht 2016&#8220;","datePublished":"2015-09-14T15:52:27+00:00","dateModified":"2022-07-04T06:34:45+00:00","mainEntityOfPage":{"@id":"https:\/\/liebke-foto.de\/maerkischeslicht\/kalender-maerkisches-licht-2016\/"},"wordCount":245,"commentCount":18,"publisher":{"@id":"https:\/\/liebke-foto.de\/maerkischeslicht\/#\/schema\/person\/d71108abc09a723daeeb8526a33137ee"},"image":{"@id":"https:\/\/liebke-foto.de\/maerkischeslicht\/kalender-maerkisches-licht-2016\/#primaryimage"},"thumbnailUrl":"https:\/\/liebke-foto.de\/maerkischeslicht\/wp-content\/uploads\/2015\/09\/Titel.jpg","keywords":["Kalender 2017"],"articleSection":["Im Land Brandenburg unterwegs","Landschaft","Naturpark Barnim","Panoramafotografie"],"inLanguage":"de","potentialAction":[{"@type":"CommentAction","name":"Comment","target":["https:\/\/liebke-foto.de\/maerkischeslicht\/kalender-maerkisches-licht-2016\/#respond"]}]},{"@type":"WebPage","@id":"https:\/\/liebke-foto.de\/maerkischeslicht\/kalender-maerkisches-licht-2016\/","url":"https:\/\/liebke-foto.de\/maerkischeslicht\/kalender-maerkisches-licht-2016\/","name":"Kalender \"M\u00e4rkisches Licht 2016\" - M\u00e4rkisches Licht - Der Fotograf der Stille","isPartOf":{"@id":"https:\/\/liebke-foto.de\/maerkischeslicht\/#website"},"primaryImageOfPage":{"@id":"https:\/\/liebke-foto.de\/maerkischeslicht\/kalender-maerkisches-licht-2016\/#primaryimage"},"image":{"@id":"https:\/\/liebke-foto.de\/maerkischeslicht\/kalender-maerkisches-licht-2016\/#primaryimage"},"thumbnailUrl":"https:\/\/liebke-foto.de\/maerkischeslicht\/wp-content\/uploads\/2015\/09\/Titel.jpg","datePublished":"2015-09-14T15:52:27+00:00","dateModified":"2022-07-04T06:34:45+00:00","description":"Kalender \"M\u00e4rkisches Licht 2016\"","breadcrumb":{"@id":"https:\/\/liebke-foto.de\/maerkischeslicht\/kalender-maerkisches-licht-2016\/#breadcrumb"},"inLanguage":"de","potentialAction":[{"@type":"ReadAction","target":["https:\/\/liebke-foto.de\/maerkischeslicht\/kalender-maerkisches-licht-2016\/"]}]},{"@type":"ImageObject","inLanguage":"de","@id":"https:\/\/liebke-foto.de\/maerkischeslicht\/kalender-maerkisches-licht-2016\/#primaryimage","url":"https:\/\/liebke-foto.de\/maerkischeslicht\/wp-content\/uploads\/2015\/09\/Titel.jpg","contentUrl":"https:\/\/liebke-foto.de\/maerkischeslicht\/wp-content\/uploads\/2015\/09\/Titel.jpg","width":2000,"height":867,"caption":"Titel"},{"@type":"BreadcrumbList","@id":"https:\/\/liebke-foto.de\/maerkischeslicht\/kalender-maerkisches-licht-2016\/#breadcrumb","itemListElement":[{"@type":"ListItem","position":1,"name":"Startseite","item":"https:\/\/liebke-foto.de\/maerkischeslicht\/"},{"@type":"ListItem","position":2,"name":"Kalender &#8222;M\u00e4rkisches Licht 2016&#8220;"}]},{"@type":"WebSite","@id":"https:\/\/liebke-foto.de\/maerkischeslicht\/#website","url":"https:\/\/liebke-foto.de\/maerkischeslicht\/","name":"M\u00e4rkisches Licht - Der Fotograf der Stille","description":"Die Liebe zum Leben...","publisher":{"@id":"https:\/\/liebke-foto.de\/maerkischeslicht\/#\/schema\/person\/d71108abc09a723daeeb8526a33137ee"},"potentialAction":[{"@type":"SearchAction","target":{"@type":"EntryPoint","urlTemplate":"https:\/\/liebke-foto.de\/maerkischeslicht\/?s={search_term_string}"},"query-input":{"@type":"PropertyValueSpecification","valueRequired":true,"valueName":"search_term_string"}}],"inLanguage":"de"},{"@type":["Person","Organization"],"@id":"https:\/\/liebke-foto.de\/maerkischeslicht\/#\/schema\/person\/d71108abc09a723daeeb8526a33137ee","name":"Frank Liebke","image":{"@type":"ImageObject","inLanguage":"de","@id":"https:\/\/liebke-foto.de\/maerkischeslicht\/wp-content\/uploads\/2021\/12\/IMG-20211024-WA0001.jpg","url":"https:\/\/liebke-foto.de\/maerkischeslicht\/wp-content\/uploads\/2021\/12\/IMG-20211024-WA0001.jpg","contentUrl":"https:\/\/liebke-foto.de\/maerkischeslicht\/wp-content\/uploads\/2021\/12\/IMG-20211024-WA0001.jpg","width":900,"height":1600,"caption":"Frank Liebke"},"logo":{"@id":"https:\/\/liebke-foto.de\/maerkischeslicht\/wp-content\/uploads\/2021\/12\/IMG-20211024-WA0001.jpg"},"sameAs":["https:\/\/liebke-foto.de"],"url":"https:\/\/liebke-foto.de\/maerkischeslicht\/author\/adminuser\/"}]}},"_links":{"self":[{"href":"https:\/\/liebke-foto.de\/maerkischeslicht\/wp-json\/wp\/v2\/posts\/2412","targetHints":{"allow":["GET"]}}],"collection":[{"href":"https:\/\/liebke-foto.de\/maerkischeslicht\/wp-json\/wp\/v2\/posts"}],"about":[{"href":"https:\/\/liebke-foto.de\/maerkischeslicht\/wp-json\/wp\/v2\/types\/post"}],"author":[{"embeddable":true,"href":"https:\/\/liebke-foto.de\/maerkischeslicht\/wp-json\/wp\/v2\/users\/1"}],"replies":[{"embeddable":true,"href":"https:\/\/liebke-foto.de\/maerkischeslicht\/wp-json\/wp\/v2\/comments?post=2412"}],"version-history":[{"count":8,"href":"https:\/\/liebke-foto.de\/maerkischeslicht\/wp-json\/wp\/v2\/posts\/2412\/revisions"}],"predecessor-version":[{"id":6109,"href":"https:\/\/liebke-foto.de\/maerkischeslicht\/wp-json\/wp\/v2\/posts\/2412\/revisions\/6109"}],"wp:featuredmedia":[{"embeddable":true,"href":"https:\/\/liebke-foto.de\/maerkischeslicht\/wp-json\/wp\/v2\/media\/2429"}],"wp:attachment":[{"href":"https:\/\/liebke-foto.de\/maerkischeslicht\/wp-json\/wp\/v2\/media?parent=2412"}],"wp:term":[{"taxonomy":"category","embeddable":true,"href":"https:\/\/liebke-foto.de\/maerkischeslicht\/wp-json\/wp\/v2\/categories?post=2412"},{"taxonomy":"post_tag","embeddable":true,"href":"https:\/\/liebke-foto.de\/maerkischeslicht\/wp-json\/wp\/v2\/tags?post=2412"}],"curies":[{"name":"wp","href":"https:\/\/api.w.org\/{rel}","templated":true}]}}