{"id":2335,"date":"2015-07-30T15:17:11","date_gmt":"2015-07-30T13:17:11","guid":{"rendered":"http:\/\/liebke-foto.de\/maerkischeslicht\/?p=2335"},"modified":"2024-02-21T11:59:26","modified_gmt":"2024-02-21T09:59:26","slug":"kampagne-ffw-hennigsdorf","status":"publish","type":"post","link":"https:\/\/liebke-foto.de\/maerkischeslicht\/kampagne-ffw-hennigsdorf\/","title":{"rendered":"Kampagne FFW Hennigsdorf"},"content":{"rendered":"<div class=\"wp-block-image\">\n<figure class=\"aligncenter\"><a href=\"https:\/\/liebke-foto.de\/maerkischeslicht\/wp-content\/uploads\/2015\/07\/HDF_FFW__FL88074_C1.jpg\"><img loading=\"lazy\" decoding=\"async\" width=\"1199\" height=\"800\" src=\"https:\/\/liebke-foto.de\/maerkischeslicht\/wp-content\/uploads\/2015\/07\/HDF_FFW__FL88074_C1-1199x800.jpg\" alt=\"Gruppenbild vor dem gestalteten L\u00f6schfahrzeug der Hennigsdorfer Feuerwehr. Kameraden mit B\u00fcrgermeister (mitte) und Marketingbeauftragten (2.v.l.)\" class=\"wp-image-2365\" srcset=\"https:\/\/liebke-foto.de\/maerkischeslicht\/wp-content\/uploads\/2015\/07\/HDF_FFW__FL88074_C1-1199x800.jpg 1199w, https:\/\/liebke-foto.de\/maerkischeslicht\/wp-content\/uploads\/2015\/07\/HDF_FFW__FL88074_C1.jpg 1500w\" sizes=\"auto, (max-width: 1199px) 100vw, 1199px\" \/><\/a><figcaption class=\"wp-element-caption\">Gruppenbild vor dem gestalteten L\u00f6schfahrzeug der Hennigsdorfer Feuerwehr. Kameraden mit B\u00fcrgermeister (mitte) und Marketingbeauftragten (2.v.l.)<\/figcaption><\/figure>\n<\/div>\n\n\n<p>Die Feuerwehren im Land haben fast alle dasselbe Problem, sie ben\u00f6tigen Nachwuchs. Mehr freiwillige Mitglieder und Unterst\u00fctzung von au\u00dfen. Das war dann auch das Thema der von der Stadt Hennigsdorf initiierten und vom Marketingbeauftragten Christoph Schneider entwickelten neuen Werbekampagne. Zu der ich Ideen mit einbringen durfte und den Auftrag f\u00fcr die komplette Fotoproduktion bekam \ud83d\ude42 <\/p>\n\n\n\n<p>(Dazu und making of in einem weiteren sp\u00e4teren Beitrag). Nach einer Arbeits- und Entwicklungszeit von einem dreiviertel Jahr war heute der offizielle Vorstellungstermin. Die eingeladenen Pressevertreter und einige Mitwirkenden der Kampagne wurden am Rathaus Hennigsdorf begr\u00fc\u00dft. <\/p>\n\n\n\n<p>Ein mit der Werbung von Ren\u00e9 Reichwald fertig ausgestattetes L\u00f6schfahrzeug stand zur Pr\u00e4sentation bereit. Damit wurden dann alle stilgerecht zum naheliegenden B\u00fcrgerhaus der Stadt chauffiert. Im Saal war die Vorstellung der Kampagne, zu der es sich B\u00fcrgermeister Andreas Schulz nicht nehmen lie\u00df mit Fakten die Notwendigkeit dieser Kampagne eindrucksvoll zu untermauern.<\/p>\n\n\n\n<p> Christoph Schneider \u00e4u\u00dferte sich zu Idee und Umsetzung des Projekts, dann war der Moment von Frage und Antwort der Pressevertreter gekommen.<\/p>\n\n\n\n<p><\/p>\n\n\n\n<p><\/p>\n\n\n\n<p>Hier nun der Link zur offiziellen Webseite der Kampagne:\u00a0<a href=\"http:\/\/www.112prozent.info\" target=\"_blank\" rel=\"noopener\">www.112prozent.info<\/a><\/p>\n\n\n\n<p>Genug der Worte, nun lasse ich nur noch die Bilder sprechen&#8230; \ud83d\ude42<\/p>\n\n\n<div class=\"wp-block-image\">\n<figure class=\"aligncenter size-large\"><a href=\"https:\/\/liebke-foto.de\/maerkischeslicht\/wp-content\/uploads\/2015\/07\/HDF_FFW__FL87952_C1.jpg\"><img loading=\"lazy\" decoding=\"async\" width=\"1500\" height=\"1001\" src=\"https:\/\/liebke-foto.de\/maerkischeslicht\/wp-content\/uploads\/2015\/07\/HDF_FFW__FL87952_C1.jpg\" alt=\"\" class=\"wp-image-2337\" srcset=\"https:\/\/liebke-foto.de\/maerkischeslicht\/wp-content\/uploads\/2015\/07\/HDF_FFW__FL87952_C1.jpg 1500w, https:\/\/liebke-foto.de\/maerkischeslicht\/wp-content\/uploads\/2015\/07\/HDF_FFW__FL87952_C1-1199x800.jpg 1199w\" sizes=\"auto, (max-width: 1500px) 100vw, 1500px\" \/><\/a><\/figure>\n<\/div>\n\n\n<p><\/p>\n\n\n\n<p><\/p>\n\n\n<div class=\"wp-block-image\">\n<figure class=\"aligncenter size-large\"><a href=\"https:\/\/liebke-foto.de\/maerkischeslicht\/wp-content\/uploads\/2015\/07\/HDF_FFW__FL87954_C1.jpg\"><img loading=\"lazy\" decoding=\"async\" width=\"1500\" height=\"1001\" src=\"https:\/\/liebke-foto.de\/maerkischeslicht\/wp-content\/uploads\/2015\/07\/HDF_FFW__FL87954_C1.jpg\" alt=\"\" class=\"wp-image-2338\" srcset=\"https:\/\/liebke-foto.de\/maerkischeslicht\/wp-content\/uploads\/2015\/07\/HDF_FFW__FL87954_C1.jpg 1500w, https:\/\/liebke-foto.de\/maerkischeslicht\/wp-content\/uploads\/2015\/07\/HDF_FFW__FL87954_C1-1199x800.jpg 1199w\" sizes=\"auto, (max-width: 1500px) 100vw, 1500px\" \/><\/a><\/figure>\n<\/div>\n\n\n<p><\/p>\n\n\n\n<p><\/p>\n\n\n<div class=\"wp-block-image\">\n<figure class=\"aligncenter size-large\"><a href=\"https:\/\/liebke-foto.de\/maerkischeslicht\/wp-content\/uploads\/2015\/07\/HDF_FFW__FL87969_C1.jpg\"><img loading=\"lazy\" decoding=\"async\" width=\"1500\" height=\"1001\" src=\"https:\/\/liebke-foto.de\/maerkischeslicht\/wp-content\/uploads\/2015\/07\/HDF_FFW__FL87969_C1.jpg\" alt=\"\" class=\"wp-image-2341\" srcset=\"https:\/\/liebke-foto.de\/maerkischeslicht\/wp-content\/uploads\/2015\/07\/HDF_FFW__FL87969_C1.jpg 1500w, https:\/\/liebke-foto.de\/maerkischeslicht\/wp-content\/uploads\/2015\/07\/HDF_FFW__FL87969_C1-1199x800.jpg 1199w\" sizes=\"auto, (max-width: 1500px) 100vw, 1500px\" \/><\/a><\/figure>\n<\/div>\n\n\n<p><\/p>\n\n\n\n<p><\/p>\n\n\n<div class=\"wp-block-image\">\n<figure class=\"aligncenter size-large\"><a href=\"https:\/\/liebke-foto.de\/maerkischeslicht\/wp-content\/uploads\/2015\/07\/HDF_FFW__FL87971_C1.jpg\"><img loading=\"lazy\" decoding=\"async\" width=\"1500\" height=\"1001\" src=\"https:\/\/liebke-foto.de\/maerkischeslicht\/wp-content\/uploads\/2015\/07\/HDF_FFW__FL87971_C1.jpg\" alt=\"\" class=\"wp-image-2342\" srcset=\"https:\/\/liebke-foto.de\/maerkischeslicht\/wp-content\/uploads\/2015\/07\/HDF_FFW__FL87971_C1.jpg 1500w, https:\/\/liebke-foto.de\/maerkischeslicht\/wp-content\/uploads\/2015\/07\/HDF_FFW__FL87971_C1-1199x800.jpg 1199w\" sizes=\"auto, (max-width: 1500px) 100vw, 1500px\" \/><\/a><\/figure>\n<\/div>\n\n\n<p><\/p>\n\n\n\n<p><\/p>\n\n\n<div class=\"wp-block-image\">\n<figure class=\"aligncenter size-large\"><a href=\"https:\/\/liebke-foto.de\/maerkischeslicht\/wp-content\/uploads\/2015\/07\/HDF_FFW__FL87979_C1.jpg\"><img loading=\"lazy\" decoding=\"async\" width=\"1500\" height=\"1001\" src=\"https:\/\/liebke-foto.de\/maerkischeslicht\/wp-content\/uploads\/2015\/07\/HDF_FFW__FL87979_C1.jpg\" alt=\"\" class=\"wp-image-2345\" srcset=\"https:\/\/liebke-foto.de\/maerkischeslicht\/wp-content\/uploads\/2015\/07\/HDF_FFW__FL87979_C1.jpg 1500w, https:\/\/liebke-foto.de\/maerkischeslicht\/wp-content\/uploads\/2015\/07\/HDF_FFW__FL87979_C1-1199x800.jpg 1199w\" sizes=\"auto, (max-width: 1500px) 100vw, 1500px\" \/><\/a><\/figure>\n<\/div>\n\n\n<p><\/p>\n\n\n\n<p><\/p>\n\n\n<div class=\"wp-block-image\">\n<figure class=\"aligncenter size-large\"><a href=\"https:\/\/liebke-foto.de\/maerkischeslicht\/wp-content\/uploads\/2015\/07\/HDF_FFW__FL87973_C1.jpg\"><img loading=\"lazy\" decoding=\"async\" width=\"1500\" height=\"1001\" src=\"https:\/\/liebke-foto.de\/maerkischeslicht\/wp-content\/uploads\/2015\/07\/HDF_FFW__FL87973_C1.jpg\" alt=\"\" class=\"wp-image-2343\" srcset=\"https:\/\/liebke-foto.de\/maerkischeslicht\/wp-content\/uploads\/2015\/07\/HDF_FFW__FL87973_C1.jpg 1500w, https:\/\/liebke-foto.de\/maerkischeslicht\/wp-content\/uploads\/2015\/07\/HDF_FFW__FL87973_C1-1199x800.jpg 1199w\" sizes=\"auto, (max-width: 1500px) 100vw, 1500px\" \/><\/a><\/figure>\n<\/div>\n\n\n<p><\/p>\n\n\n\n<p><\/p>\n\n\n<div class=\"wp-block-image\">\n<figure class=\"aligncenter size-large\"><a href=\"https:\/\/liebke-foto.de\/maerkischeslicht\/wp-content\/uploads\/2015\/07\/HDF_FFW__FL87975_C1.jpg\"><img loading=\"lazy\" decoding=\"async\" width=\"1500\" height=\"1001\" src=\"https:\/\/liebke-foto.de\/maerkischeslicht\/wp-content\/uploads\/2015\/07\/HDF_FFW__FL87975_C1.jpg\" alt=\"\" class=\"wp-image-2344\" srcset=\"https:\/\/liebke-foto.de\/maerkischeslicht\/wp-content\/uploads\/2015\/07\/HDF_FFW__FL87975_C1.jpg 1500w, https:\/\/liebke-foto.de\/maerkischeslicht\/wp-content\/uploads\/2015\/07\/HDF_FFW__FL87975_C1-1199x800.jpg 1199w\" sizes=\"auto, (max-width: 1500px) 100vw, 1500px\" \/><\/a><\/figure>\n<\/div>\n\n\n<p><\/p>\n\n\n\n<p><\/p>\n\n\n<div class=\"wp-block-image\">\n<figure class=\"aligncenter size-large\"><a href=\"https:\/\/liebke-foto.de\/maerkischeslicht\/wp-content\/uploads\/2015\/07\/HDF_FFW__FL87994_C1.jpg\"><img loading=\"lazy\" decoding=\"async\" width=\"1500\" height=\"1001\" src=\"https:\/\/liebke-foto.de\/maerkischeslicht\/wp-content\/uploads\/2015\/07\/HDF_FFW__FL87994_C1.jpg\" alt=\"\" class=\"wp-image-2349\" srcset=\"https:\/\/liebke-foto.de\/maerkischeslicht\/wp-content\/uploads\/2015\/07\/HDF_FFW__FL87994_C1.jpg 1500w, https:\/\/liebke-foto.de\/maerkischeslicht\/wp-content\/uploads\/2015\/07\/HDF_FFW__FL87994_C1-1199x800.jpg 1199w\" sizes=\"auto, (max-width: 1500px) 100vw, 1500px\" \/><\/a><\/figure>\n<\/div>\n\n\n<p><\/p>\n\n\n\n<p><\/p>\n\n\n<div class=\"wp-block-image\">\n<figure class=\"aligncenter size-large\"><a href=\"https:\/\/liebke-foto.de\/maerkischeslicht\/wp-content\/uploads\/2015\/07\/HDF_FFW__FL88001_C1.jpg\"><img loading=\"lazy\" decoding=\"async\" width=\"1500\" height=\"1001\" src=\"https:\/\/liebke-foto.de\/maerkischeslicht\/wp-content\/uploads\/2015\/07\/HDF_FFW__FL88001_C1.jpg\" alt=\"\" class=\"wp-image-2350\" srcset=\"https:\/\/liebke-foto.de\/maerkischeslicht\/wp-content\/uploads\/2015\/07\/HDF_FFW__FL88001_C1.jpg 1500w, https:\/\/liebke-foto.de\/maerkischeslicht\/wp-content\/uploads\/2015\/07\/HDF_FFW__FL88001_C1-1199x800.jpg 1199w\" sizes=\"auto, (max-width: 1500px) 100vw, 1500px\" \/><\/a><\/figure>\n<\/div>\n\n\n<p><\/p>\n\n\n\n<p><\/p>\n\n\n<div class=\"wp-block-image\">\n<figure class=\"aligncenter size-large\"><a href=\"https:\/\/liebke-foto.de\/maerkischeslicht\/wp-content\/uploads\/2015\/07\/HDF_FFW__FL88006_C1.jpg\"><img loading=\"lazy\" decoding=\"async\" width=\"1500\" height=\"1001\" src=\"https:\/\/liebke-foto.de\/maerkischeslicht\/wp-content\/uploads\/2015\/07\/HDF_FFW__FL88006_C1.jpg\" alt=\"\" class=\"wp-image-2351\" srcset=\"https:\/\/liebke-foto.de\/maerkischeslicht\/wp-content\/uploads\/2015\/07\/HDF_FFW__FL88006_C1.jpg 1500w, https:\/\/liebke-foto.de\/maerkischeslicht\/wp-content\/uploads\/2015\/07\/HDF_FFW__FL88006_C1-1199x800.jpg 1199w\" sizes=\"auto, (max-width: 1500px) 100vw, 1500px\" \/><\/a><\/figure>\n<\/div>\n\n\n<p><\/p>\n\n\n\n<p><\/p>\n\n\n<div class=\"wp-block-image\">\n<figure class=\"aligncenter size-large\"><a href=\"https:\/\/liebke-foto.de\/maerkischeslicht\/wp-content\/uploads\/2015\/07\/HDF_FFW__FL88009_C1.jpg\"><img loading=\"lazy\" decoding=\"async\" width=\"1500\" height=\"1001\" src=\"https:\/\/liebke-foto.de\/maerkischeslicht\/wp-content\/uploads\/2015\/07\/HDF_FFW__FL88009_C1.jpg\" alt=\"\" class=\"wp-image-2352\" srcset=\"https:\/\/liebke-foto.de\/maerkischeslicht\/wp-content\/uploads\/2015\/07\/HDF_FFW__FL88009_C1.jpg 1500w, https:\/\/liebke-foto.de\/maerkischeslicht\/wp-content\/uploads\/2015\/07\/HDF_FFW__FL88009_C1-1199x800.jpg 1199w\" sizes=\"auto, (max-width: 1500px) 100vw, 1500px\" \/><\/a><\/figure>\n<\/div>\n\n\n<p><\/p>\n\n\n\n<p><\/p>\n\n\n<div class=\"wp-block-image\">\n<figure class=\"aligncenter size-large\"><a href=\"https:\/\/liebke-foto.de\/maerkischeslicht\/wp-content\/uploads\/2015\/07\/HDF_FFW__FL88017_C1.jpg\"><img loading=\"lazy\" decoding=\"async\" width=\"1500\" height=\"1001\" src=\"https:\/\/liebke-foto.de\/maerkischeslicht\/wp-content\/uploads\/2015\/07\/HDF_FFW__FL88017_C1.jpg\" alt=\"\" class=\"wp-image-2355\" srcset=\"https:\/\/liebke-foto.de\/maerkischeslicht\/wp-content\/uploads\/2015\/07\/HDF_FFW__FL88017_C1.jpg 1500w, https:\/\/liebke-foto.de\/maerkischeslicht\/wp-content\/uploads\/2015\/07\/HDF_FFW__FL88017_C1-1199x800.jpg 1199w\" sizes=\"auto, (max-width: 1500px) 100vw, 1500px\" \/><\/a><\/figure>\n<\/div>\n\n\n<p><\/p>\n\n\n\n<p><\/p>\n\n\n<div class=\"wp-block-image\">\n<figure class=\"aligncenter size-large\"><a href=\"https:\/\/liebke-foto.de\/maerkischeslicht\/wp-content\/uploads\/2015\/07\/HDF_FFW__FL88022_C1.jpg\"><img loading=\"lazy\" decoding=\"async\" width=\"1500\" height=\"1001\" src=\"https:\/\/liebke-foto.de\/maerkischeslicht\/wp-content\/uploads\/2015\/07\/HDF_FFW__FL88022_C1.jpg\" alt=\"\" class=\"wp-image-2356\" srcset=\"https:\/\/liebke-foto.de\/maerkischeslicht\/wp-content\/uploads\/2015\/07\/HDF_FFW__FL88022_C1.jpg 1500w, https:\/\/liebke-foto.de\/maerkischeslicht\/wp-content\/uploads\/2015\/07\/HDF_FFW__FL88022_C1-1199x800.jpg 1199w\" sizes=\"auto, (max-width: 1500px) 100vw, 1500px\" \/><\/a><\/figure>\n<\/div>\n\n\n<p><\/p>\n\n\n\n<p><\/p>\n\n\n<div class=\"wp-block-image\">\n<figure class=\"aligncenter size-large\"><a href=\"https:\/\/liebke-foto.de\/maerkischeslicht\/wp-content\/uploads\/2015\/07\/HDF_FFW__FL88024_C1.jpg\"><img loading=\"lazy\" decoding=\"async\" width=\"1500\" height=\"1001\" src=\"https:\/\/liebke-foto.de\/maerkischeslicht\/wp-content\/uploads\/2015\/07\/HDF_FFW__FL88024_C1.jpg\" alt=\"\" class=\"wp-image-2357\" srcset=\"https:\/\/liebke-foto.de\/maerkischeslicht\/wp-content\/uploads\/2015\/07\/HDF_FFW__FL88024_C1.jpg 1500w, https:\/\/liebke-foto.de\/maerkischeslicht\/wp-content\/uploads\/2015\/07\/HDF_FFW__FL88024_C1-1199x800.jpg 1199w\" sizes=\"auto, (max-width: 1500px) 100vw, 1500px\" \/><\/a><\/figure>\n<\/div>\n\n\n<p><\/p>\n\n\n\n<p><\/p>\n\n\n<div class=\"wp-block-image\">\n<figure class=\"aligncenter size-large\"><a href=\"https:\/\/liebke-foto.de\/maerkischeslicht\/wp-content\/uploads\/2015\/07\/HDF_FFW__FL88030_C1.jpg\"><img loading=\"lazy\" decoding=\"async\" width=\"1500\" height=\"1001\" src=\"https:\/\/liebke-foto.de\/maerkischeslicht\/wp-content\/uploads\/2015\/07\/HDF_FFW__FL88030_C1.jpg\" alt=\"\" class=\"wp-image-2358\" srcset=\"https:\/\/liebke-foto.de\/maerkischeslicht\/wp-content\/uploads\/2015\/07\/HDF_FFW__FL88030_C1.jpg 1500w, https:\/\/liebke-foto.de\/maerkischeslicht\/wp-content\/uploads\/2015\/07\/HDF_FFW__FL88030_C1-1199x800.jpg 1199w\" sizes=\"auto, (max-width: 1500px) 100vw, 1500px\" \/><\/a><\/figure>\n<\/div>\n\n\n<p><\/p>\n\n\n\n<p><\/p>\n\n\n<div class=\"wp-block-image\">\n<figure class=\"aligncenter size-large\"><a href=\"https:\/\/liebke-foto.de\/maerkischeslicht\/wp-content\/uploads\/2015\/07\/HDF_FFW__FL88039_C1.jpg\"><img loading=\"lazy\" decoding=\"async\" width=\"1500\" height=\"1001\" src=\"https:\/\/liebke-foto.de\/maerkischeslicht\/wp-content\/uploads\/2015\/07\/HDF_FFW__FL88039_C1.jpg\" alt=\"\" class=\"wp-image-2359\" srcset=\"https:\/\/liebke-foto.de\/maerkischeslicht\/wp-content\/uploads\/2015\/07\/HDF_FFW__FL88039_C1.jpg 1500w, https:\/\/liebke-foto.de\/maerkischeslicht\/wp-content\/uploads\/2015\/07\/HDF_FFW__FL88039_C1-1199x800.jpg 1199w\" sizes=\"auto, (max-width: 1500px) 100vw, 1500px\" \/><\/a><\/figure>\n<\/div>\n\n\n<p><\/p>\n\n\n\n<p><\/p>\n\n\n<div class=\"wp-block-image\">\n<figure class=\"aligncenter size-large\"><a href=\"https:\/\/liebke-foto.de\/maerkischeslicht\/wp-content\/uploads\/2015\/07\/HDF_FFW__FL88045_C1.jpg\"><img loading=\"lazy\" decoding=\"async\" width=\"1500\" height=\"1001\" src=\"https:\/\/liebke-foto.de\/maerkischeslicht\/wp-content\/uploads\/2015\/07\/HDF_FFW__FL88045_C1.jpg\" alt=\"\" class=\"wp-image-2360\" srcset=\"https:\/\/liebke-foto.de\/maerkischeslicht\/wp-content\/uploads\/2015\/07\/HDF_FFW__FL88045_C1.jpg 1500w, https:\/\/liebke-foto.de\/maerkischeslicht\/wp-content\/uploads\/2015\/07\/HDF_FFW__FL88045_C1-1199x800.jpg 1199w\" sizes=\"auto, (max-width: 1500px) 100vw, 1500px\" \/><\/a><\/figure>\n<\/div>\n\n\n<p><\/p>\n\n\n\n<p><\/p>\n\n\n<div class=\"wp-block-image\">\n<figure class=\"aligncenter size-large\"><a href=\"https:\/\/liebke-foto.de\/maerkischeslicht\/wp-content\/uploads\/2015\/07\/HDF_FFW__FL88049_C1.jpg\"><img loading=\"lazy\" decoding=\"async\" width=\"1500\" height=\"1001\" src=\"https:\/\/liebke-foto.de\/maerkischeslicht\/wp-content\/uploads\/2015\/07\/HDF_FFW__FL88049_C1.jpg\" alt=\"\" class=\"wp-image-2361\" srcset=\"https:\/\/liebke-foto.de\/maerkischeslicht\/wp-content\/uploads\/2015\/07\/HDF_FFW__FL88049_C1.jpg 1500w, https:\/\/liebke-foto.de\/maerkischeslicht\/wp-content\/uploads\/2015\/07\/HDF_FFW__FL88049_C1-1199x800.jpg 1199w\" sizes=\"auto, (max-width: 1500px) 100vw, 1500px\" \/><\/a><\/figure>\n<\/div>\n\n\n<p><\/p>\n\n\n\n<p><\/p>\n\n\n<div class=\"wp-block-image\">\n<figure class=\"aligncenter size-large\"><a href=\"https:\/\/liebke-foto.de\/maerkischeslicht\/wp-content\/uploads\/2015\/07\/HDF_FFW__FL88054_C1.jpg\"><img loading=\"lazy\" decoding=\"async\" width=\"1500\" height=\"1001\" src=\"https:\/\/liebke-foto.de\/maerkischeslicht\/wp-content\/uploads\/2015\/07\/HDF_FFW__FL88054_C1.jpg\" alt=\"\" class=\"wp-image-2362\" srcset=\"https:\/\/liebke-foto.de\/maerkischeslicht\/wp-content\/uploads\/2015\/07\/HDF_FFW__FL88054_C1.jpg 1500w, https:\/\/liebke-foto.de\/maerkischeslicht\/wp-content\/uploads\/2015\/07\/HDF_FFW__FL88054_C1-1199x800.jpg 1199w\" sizes=\"auto, (max-width: 1500px) 100vw, 1500px\" \/><\/a><\/figure>\n<\/div>\n\n\n<p><\/p>\n\n\n\n<p><\/p>\n\n\n\n<div style=\"padding:20px\" class=\"wp-block-tnp-minimal\"><p>Subscribe to our newsletter!<\/p><div><div class=\"tnp tnp-subscription \">\n<form method=\"post\" action=\"https:\/\/liebke-foto.de\/maerkischeslicht\/wp-admin\/admin-ajax.php?action=tnp&amp;na=s\">\n<input type=\"hidden\" name=\"nlang\" value=\"\">\n<div class=\"tnp-field tnp-field-firstname\"><label for=\"tnp-1\">Vorname oder ganzer Name<\/label>\n<input class=\"tnp-name\" type=\"text\" name=\"nn\" id=\"tnp-1\" value=\"\" placeholder=\"\"><\/div>\n<div class=\"tnp-field tnp-field-email\"><label for=\"tnp-2\">Email<\/label>\n<input class=\"tnp-email\" type=\"email\" name=\"ne\" id=\"tnp-2\" value=\"\" placeholder=\"\" required><\/div>\n<div class=\"tnp-field tnp-privacy-field\"><label><input type=\"checkbox\" name=\"ny\" required class=\"tnp-privacy\"> Indem Du fortf\u00e4hrst, akzeptierst Du unsere Datenschutzerkl\u00e4rung.<\/label><\/div><div class=\"tnp-field tnp-field-button\" style=\"text-align: left\"><input class=\"tnp-submit\" type=\"submit\" value=\"Abonnieren\" style=\"\">\n<\/div>\n<\/form>\n<\/div>\n<\/div><\/div>\n\n\n\n\n","protected":false},"excerpt":{"rendered":"<p>Die Feuerwehren im Land haben fast alle dasselbe Problem, sie ben\u00f6tigen Nachwuchs. Mehr freiwillige Mitglieder und Unterst\u00fctzung von au\u00dfen. Das war dann auch&#8230;<\/p>\n","protected":false},"author":1,"featured_media":2362,"comment_status":"open","ping_status":"closed","sticky":false,"template":"","format":"image","meta":{"footnotes":""},"categories":[11,38],"tags":[],"class_list":["post-2335","post","type-post","status-publish","format-image","has-post-thumbnail","hentry","category-im-land-brandenburg-unterwegs","category-menschliches-aus-der-mark","post_format-post-format-image"],"yoast_head":"<!-- This site is optimized with the Yoast SEO plugin v27.5 - https:\/\/yoast.com\/product\/yoast-seo-wordpress\/ -->\n<title>Kampagne FFW Hennigsdorf - M\u00e4rkisches Licht - Der Fotograf der Stille<\/title>\n<meta name=\"description\" content=\"Kampagne FFW Hennigsdorf\" \/>\n<meta name=\"robots\" content=\"index, follow, max-snippet:-1, max-image-preview:large, max-video-preview:-1\" \/>\n<link rel=\"canonical\" href=\"https:\/\/liebke-foto.de\/maerkischeslicht\/kampagne-ffw-hennigsdorf\/\" \/>\n<meta property=\"og:locale\" content=\"de_DE\" \/>\n<meta property=\"og:type\" content=\"article\" \/>\n<meta property=\"og:title\" content=\"Kampagne FFW Hennigsdorf - M\u00e4rkisches Licht - Der Fotograf der Stille\" \/>\n<meta property=\"og:description\" content=\"Kampagne FFW Hennigsdorf\" \/>\n<meta property=\"og:url\" content=\"https:\/\/liebke-foto.de\/maerkischeslicht\/kampagne-ffw-hennigsdorf\/\" \/>\n<meta property=\"og:site_name\" content=\"M\u00e4rkisches Licht - Der Fotograf der Stille\" \/>\n<meta property=\"article:published_time\" content=\"2015-07-30T13:17:11+00:00\" \/>\n<meta property=\"article:modified_time\" content=\"2024-02-21T09:59:26+00:00\" \/>\n<meta property=\"og:image\" content=\"https:\/\/liebke-foto.de\/maerkischeslicht\/wp-content\/uploads\/2015\/07\/HDF_FFW__FL88054_C1.jpg\" \/>\n\t<meta property=\"og:image:width\" content=\"1500\" \/>\n\t<meta property=\"og:image:height\" content=\"1001\" \/>\n\t<meta property=\"og:image:type\" content=\"image\/jpeg\" \/>\n<meta name=\"author\" content=\"Frank Liebke\" \/>\n<meta name=\"twitter:card\" content=\"summary_large_image\" \/>\n<meta name=\"twitter:label1\" content=\"Verfasst von\" \/>\n\t<meta name=\"twitter:data1\" content=\"Frank Liebke\" \/>\n\t<meta name=\"twitter:label2\" content=\"Gesch\u00e4tzte Lesezeit\" \/>\n\t<meta name=\"twitter:data2\" content=\"8\u00a0Minuten\" \/>\n<script type=\"application\/ld+json\" class=\"yoast-schema-graph\">{\"@context\":\"https:\\\/\\\/schema.org\",\"@graph\":[{\"@type\":\"Article\",\"@id\":\"https:\\\/\\\/liebke-foto.de\\\/maerkischeslicht\\\/kampagne-ffw-hennigsdorf\\\/#article\",\"isPartOf\":{\"@id\":\"https:\\\/\\\/liebke-foto.de\\\/maerkischeslicht\\\/kampagne-ffw-hennigsdorf\\\/\"},\"author\":{\"name\":\"Frank Liebke\",\"@id\":\"https:\\\/\\\/liebke-foto.de\\\/maerkischeslicht\\\/#\\\/schema\\\/person\\\/d71108abc09a723daeeb8526a33137ee\"},\"headline\":\"Kampagne FFW Hennigsdorf\",\"datePublished\":\"2015-07-30T13:17:11+00:00\",\"dateModified\":\"2024-02-21T09:59:26+00:00\",\"mainEntityOfPage\":{\"@id\":\"https:\\\/\\\/liebke-foto.de\\\/maerkischeslicht\\\/kampagne-ffw-hennigsdorf\\\/\"},\"wordCount\":223,\"commentCount\":2,\"publisher\":{\"@id\":\"https:\\\/\\\/liebke-foto.de\\\/maerkischeslicht\\\/#\\\/schema\\\/person\\\/d71108abc09a723daeeb8526a33137ee\"},\"image\":{\"@id\":\"https:\\\/\\\/liebke-foto.de\\\/maerkischeslicht\\\/kampagne-ffw-hennigsdorf\\\/#primaryimage\"},\"thumbnailUrl\":\"https:\\\/\\\/liebke-foto.de\\\/maerkischeslicht\\\/wp-content\\\/uploads\\\/2015\\\/07\\\/HDF_FFW__FL88054_C1.jpg\",\"articleSection\":[\"Im Land Brandenburg unterwegs\",\"Menschliches aus der Mark\"],\"inLanguage\":\"de\",\"potentialAction\":[{\"@type\":\"CommentAction\",\"name\":\"Comment\",\"target\":[\"https:\\\/\\\/liebke-foto.de\\\/maerkischeslicht\\\/kampagne-ffw-hennigsdorf\\\/#respond\"]}]},{\"@type\":\"WebPage\",\"@id\":\"https:\\\/\\\/liebke-foto.de\\\/maerkischeslicht\\\/kampagne-ffw-hennigsdorf\\\/\",\"url\":\"https:\\\/\\\/liebke-foto.de\\\/maerkischeslicht\\\/kampagne-ffw-hennigsdorf\\\/\",\"name\":\"Kampagne FFW Hennigsdorf - M\u00e4rkisches Licht - Der Fotograf der Stille\",\"isPartOf\":{\"@id\":\"https:\\\/\\\/liebke-foto.de\\\/maerkischeslicht\\\/#website\"},\"primaryImageOfPage\":{\"@id\":\"https:\\\/\\\/liebke-foto.de\\\/maerkischeslicht\\\/kampagne-ffw-hennigsdorf\\\/#primaryimage\"},\"image\":{\"@id\":\"https:\\\/\\\/liebke-foto.de\\\/maerkischeslicht\\\/kampagne-ffw-hennigsdorf\\\/#primaryimage\"},\"thumbnailUrl\":\"https:\\\/\\\/liebke-foto.de\\\/maerkischeslicht\\\/wp-content\\\/uploads\\\/2015\\\/07\\\/HDF_FFW__FL88054_C1.jpg\",\"datePublished\":\"2015-07-30T13:17:11+00:00\",\"dateModified\":\"2024-02-21T09:59:26+00:00\",\"description\":\"Kampagne FFW Hennigsdorf\",\"breadcrumb\":{\"@id\":\"https:\\\/\\\/liebke-foto.de\\\/maerkischeslicht\\\/kampagne-ffw-hennigsdorf\\\/#breadcrumb\"},\"inLanguage\":\"de\",\"potentialAction\":[{\"@type\":\"ReadAction\",\"target\":[\"https:\\\/\\\/liebke-foto.de\\\/maerkischeslicht\\\/kampagne-ffw-hennigsdorf\\\/\"]}]},{\"@type\":\"ImageObject\",\"inLanguage\":\"de\",\"@id\":\"https:\\\/\\\/liebke-foto.de\\\/maerkischeslicht\\\/kampagne-ffw-hennigsdorf\\\/#primaryimage\",\"url\":\"https:\\\/\\\/liebke-foto.de\\\/maerkischeslicht\\\/wp-content\\\/uploads\\\/2015\\\/07\\\/HDF_FFW__FL88054_C1.jpg\",\"contentUrl\":\"https:\\\/\\\/liebke-foto.de\\\/maerkischeslicht\\\/wp-content\\\/uploads\\\/2015\\\/07\\\/HDF_FFW__FL88054_C1.jpg\",\"width\":1500,\"height\":1001},{\"@type\":\"BreadcrumbList\",\"@id\":\"https:\\\/\\\/liebke-foto.de\\\/maerkischeslicht\\\/kampagne-ffw-hennigsdorf\\\/#breadcrumb\",\"itemListElement\":[{\"@type\":\"ListItem\",\"position\":1,\"name\":\"Startseite\",\"item\":\"https:\\\/\\\/liebke-foto.de\\\/maerkischeslicht\\\/\"},{\"@type\":\"ListItem\",\"position\":2,\"name\":\"Kampagne FFW Hennigsdorf\"}]},{\"@type\":\"WebSite\",\"@id\":\"https:\\\/\\\/liebke-foto.de\\\/maerkischeslicht\\\/#website\",\"url\":\"https:\\\/\\\/liebke-foto.de\\\/maerkischeslicht\\\/\",\"name\":\"M\u00e4rkisches Licht - Der Fotograf der Stille\",\"description\":\"Die Liebe zum Leben...\",\"publisher\":{\"@id\":\"https:\\\/\\\/liebke-foto.de\\\/maerkischeslicht\\\/#\\\/schema\\\/person\\\/d71108abc09a723daeeb8526a33137ee\"},\"potentialAction\":[{\"@type\":\"SearchAction\",\"target\":{\"@type\":\"EntryPoint\",\"urlTemplate\":\"https:\\\/\\\/liebke-foto.de\\\/maerkischeslicht\\\/?s={search_term_string}\"},\"query-input\":{\"@type\":\"PropertyValueSpecification\",\"valueRequired\":true,\"valueName\":\"search_term_string\"}}],\"inLanguage\":\"de\"},{\"@type\":[\"Person\",\"Organization\"],\"@id\":\"https:\\\/\\\/liebke-foto.de\\\/maerkischeslicht\\\/#\\\/schema\\\/person\\\/d71108abc09a723daeeb8526a33137ee\",\"name\":\"Frank Liebke\",\"image\":{\"@type\":\"ImageObject\",\"inLanguage\":\"de\",\"@id\":\"https:\\\/\\\/liebke-foto.de\\\/maerkischeslicht\\\/wp-content\\\/uploads\\\/2021\\\/12\\\/IMG-20211024-WA0001.jpg\",\"url\":\"https:\\\/\\\/liebke-foto.de\\\/maerkischeslicht\\\/wp-content\\\/uploads\\\/2021\\\/12\\\/IMG-20211024-WA0001.jpg\",\"contentUrl\":\"https:\\\/\\\/liebke-foto.de\\\/maerkischeslicht\\\/wp-content\\\/uploads\\\/2021\\\/12\\\/IMG-20211024-WA0001.jpg\",\"width\":900,\"height\":1600,\"caption\":\"Frank Liebke\"},\"logo\":{\"@id\":\"https:\\\/\\\/liebke-foto.de\\\/maerkischeslicht\\\/wp-content\\\/uploads\\\/2021\\\/12\\\/IMG-20211024-WA0001.jpg\"},\"sameAs\":[\"https:\\\/\\\/liebke-foto.de\"],\"url\":\"https:\\\/\\\/liebke-foto.de\\\/maerkischeslicht\\\/author\\\/adminuser\\\/\"}]}<\/script>\n<!-- \/ Yoast SEO plugin. -->","yoast_head_json":{"title":"Kampagne FFW Hennigsdorf - M\u00e4rkisches Licht - Der Fotograf der Stille","description":"Kampagne FFW Hennigsdorf","robots":{"index":"index","follow":"follow","max-snippet":"max-snippet:-1","max-image-preview":"max-image-preview:large","max-video-preview":"max-video-preview:-1"},"canonical":"https:\/\/liebke-foto.de\/maerkischeslicht\/kampagne-ffw-hennigsdorf\/","og_locale":"de_DE","og_type":"article","og_title":"Kampagne FFW Hennigsdorf - M\u00e4rkisches Licht - Der Fotograf der Stille","og_description":"Kampagne FFW Hennigsdorf","og_url":"https:\/\/liebke-foto.de\/maerkischeslicht\/kampagne-ffw-hennigsdorf\/","og_site_name":"M\u00e4rkisches Licht - Der Fotograf der Stille","article_published_time":"2015-07-30T13:17:11+00:00","article_modified_time":"2024-02-21T09:59:26+00:00","og_image":[{"width":1500,"height":1001,"url":"https:\/\/liebke-foto.de\/maerkischeslicht\/wp-content\/uploads\/2015\/07\/HDF_FFW__FL88054_C1.jpg","type":"image\/jpeg"}],"author":"Frank Liebke","twitter_card":"summary_large_image","twitter_misc":{"Verfasst von":"Frank Liebke","Gesch\u00e4tzte Lesezeit":"8\u00a0Minuten"},"schema":{"@context":"https:\/\/schema.org","@graph":[{"@type":"Article","@id":"https:\/\/liebke-foto.de\/maerkischeslicht\/kampagne-ffw-hennigsdorf\/#article","isPartOf":{"@id":"https:\/\/liebke-foto.de\/maerkischeslicht\/kampagne-ffw-hennigsdorf\/"},"author":{"name":"Frank Liebke","@id":"https:\/\/liebke-foto.de\/maerkischeslicht\/#\/schema\/person\/d71108abc09a723daeeb8526a33137ee"},"headline":"Kampagne FFW Hennigsdorf","datePublished":"2015-07-30T13:17:11+00:00","dateModified":"2024-02-21T09:59:26+00:00","mainEntityOfPage":{"@id":"https:\/\/liebke-foto.de\/maerkischeslicht\/kampagne-ffw-hennigsdorf\/"},"wordCount":223,"commentCount":2,"publisher":{"@id":"https:\/\/liebke-foto.de\/maerkischeslicht\/#\/schema\/person\/d71108abc09a723daeeb8526a33137ee"},"image":{"@id":"https:\/\/liebke-foto.de\/maerkischeslicht\/kampagne-ffw-hennigsdorf\/#primaryimage"},"thumbnailUrl":"https:\/\/liebke-foto.de\/maerkischeslicht\/wp-content\/uploads\/2015\/07\/HDF_FFW__FL88054_C1.jpg","articleSection":["Im Land Brandenburg unterwegs","Menschliches aus der Mark"],"inLanguage":"de","potentialAction":[{"@type":"CommentAction","name":"Comment","target":["https:\/\/liebke-foto.de\/maerkischeslicht\/kampagne-ffw-hennigsdorf\/#respond"]}]},{"@type":"WebPage","@id":"https:\/\/liebke-foto.de\/maerkischeslicht\/kampagne-ffw-hennigsdorf\/","url":"https:\/\/liebke-foto.de\/maerkischeslicht\/kampagne-ffw-hennigsdorf\/","name":"Kampagne FFW Hennigsdorf - M\u00e4rkisches Licht - Der Fotograf der Stille","isPartOf":{"@id":"https:\/\/liebke-foto.de\/maerkischeslicht\/#website"},"primaryImageOfPage":{"@id":"https:\/\/liebke-foto.de\/maerkischeslicht\/kampagne-ffw-hennigsdorf\/#primaryimage"},"image":{"@id":"https:\/\/liebke-foto.de\/maerkischeslicht\/kampagne-ffw-hennigsdorf\/#primaryimage"},"thumbnailUrl":"https:\/\/liebke-foto.de\/maerkischeslicht\/wp-content\/uploads\/2015\/07\/HDF_FFW__FL88054_C1.jpg","datePublished":"2015-07-30T13:17:11+00:00","dateModified":"2024-02-21T09:59:26+00:00","description":"Kampagne FFW Hennigsdorf","breadcrumb":{"@id":"https:\/\/liebke-foto.de\/maerkischeslicht\/kampagne-ffw-hennigsdorf\/#breadcrumb"},"inLanguage":"de","potentialAction":[{"@type":"ReadAction","target":["https:\/\/liebke-foto.de\/maerkischeslicht\/kampagne-ffw-hennigsdorf\/"]}]},{"@type":"ImageObject","inLanguage":"de","@id":"https:\/\/liebke-foto.de\/maerkischeslicht\/kampagne-ffw-hennigsdorf\/#primaryimage","url":"https:\/\/liebke-foto.de\/maerkischeslicht\/wp-content\/uploads\/2015\/07\/HDF_FFW__FL88054_C1.jpg","contentUrl":"https:\/\/liebke-foto.de\/maerkischeslicht\/wp-content\/uploads\/2015\/07\/HDF_FFW__FL88054_C1.jpg","width":1500,"height":1001},{"@type":"BreadcrumbList","@id":"https:\/\/liebke-foto.de\/maerkischeslicht\/kampagne-ffw-hennigsdorf\/#breadcrumb","itemListElement":[{"@type":"ListItem","position":1,"name":"Startseite","item":"https:\/\/liebke-foto.de\/maerkischeslicht\/"},{"@type":"ListItem","position":2,"name":"Kampagne FFW Hennigsdorf"}]},{"@type":"WebSite","@id":"https:\/\/liebke-foto.de\/maerkischeslicht\/#website","url":"https:\/\/liebke-foto.de\/maerkischeslicht\/","name":"M\u00e4rkisches Licht - Der Fotograf der Stille","description":"Die Liebe zum Leben...","publisher":{"@id":"https:\/\/liebke-foto.de\/maerkischeslicht\/#\/schema\/person\/d71108abc09a723daeeb8526a33137ee"},"potentialAction":[{"@type":"SearchAction","target":{"@type":"EntryPoint","urlTemplate":"https:\/\/liebke-foto.de\/maerkischeslicht\/?s={search_term_string}"},"query-input":{"@type":"PropertyValueSpecification","valueRequired":true,"valueName":"search_term_string"}}],"inLanguage":"de"},{"@type":["Person","Organization"],"@id":"https:\/\/liebke-foto.de\/maerkischeslicht\/#\/schema\/person\/d71108abc09a723daeeb8526a33137ee","name":"Frank Liebke","image":{"@type":"ImageObject","inLanguage":"de","@id":"https:\/\/liebke-foto.de\/maerkischeslicht\/wp-content\/uploads\/2021\/12\/IMG-20211024-WA0001.jpg","url":"https:\/\/liebke-foto.de\/maerkischeslicht\/wp-content\/uploads\/2021\/12\/IMG-20211024-WA0001.jpg","contentUrl":"https:\/\/liebke-foto.de\/maerkischeslicht\/wp-content\/uploads\/2021\/12\/IMG-20211024-WA0001.jpg","width":900,"height":1600,"caption":"Frank Liebke"},"logo":{"@id":"https:\/\/liebke-foto.de\/maerkischeslicht\/wp-content\/uploads\/2021\/12\/IMG-20211024-WA0001.jpg"},"sameAs":["https:\/\/liebke-foto.de"],"url":"https:\/\/liebke-foto.de\/maerkischeslicht\/author\/adminuser\/"}]}},"_links":{"self":[{"href":"https:\/\/liebke-foto.de\/maerkischeslicht\/wp-json\/wp\/v2\/posts\/2335","targetHints":{"allow":["GET"]}}],"collection":[{"href":"https:\/\/liebke-foto.de\/maerkischeslicht\/wp-json\/wp\/v2\/posts"}],"about":[{"href":"https:\/\/liebke-foto.de\/maerkischeslicht\/wp-json\/wp\/v2\/types\/post"}],"author":[{"embeddable":true,"href":"https:\/\/liebke-foto.de\/maerkischeslicht\/wp-json\/wp\/v2\/users\/1"}],"replies":[{"embeddable":true,"href":"https:\/\/liebke-foto.de\/maerkischeslicht\/wp-json\/wp\/v2\/comments?post=2335"}],"version-history":[{"count":8,"href":"https:\/\/liebke-foto.de\/maerkischeslicht\/wp-json\/wp\/v2\/posts\/2335\/revisions"}],"predecessor-version":[{"id":8257,"href":"https:\/\/liebke-foto.de\/maerkischeslicht\/wp-json\/wp\/v2\/posts\/2335\/revisions\/8257"}],"wp:featuredmedia":[{"embeddable":true,"href":"https:\/\/liebke-foto.de\/maerkischeslicht\/wp-json\/wp\/v2\/media\/2362"}],"wp:attachment":[{"href":"https:\/\/liebke-foto.de\/maerkischeslicht\/wp-json\/wp\/v2\/media?parent=2335"}],"wp:term":[{"taxonomy":"category","embeddable":true,"href":"https:\/\/liebke-foto.de\/maerkischeslicht\/wp-json\/wp\/v2\/categories?post=2335"},{"taxonomy":"post_tag","embeddable":true,"href":"https:\/\/liebke-foto.de\/maerkischeslicht\/wp-json\/wp\/v2\/tags?post=2335"}],"curies":[{"name":"wp","href":"https:\/\/api.w.org\/{rel}","templated":true}]}}