{"id":2180,"date":"2015-04-17T14:36:39","date_gmt":"2015-04-17T12:36:39","guid":{"rendered":"http:\/\/liebke-foto.de\/maerkischeslicht\/?p=2180"},"modified":"2024-02-21T12:32:38","modified_gmt":"2024-02-21T10:32:38","slug":"sagenhaftes-oberhavel-eine-ausstellung-im-schloss-oranienburg","status":"publish","type":"post","link":"https:\/\/liebke-foto.de\/maerkischeslicht\/sagenhaftes-oberhavel-eine-ausstellung-im-schloss-oranienburg\/","title":{"rendered":"Sagenhaftes Oberhavel &#8211; eine Ausstellung im Schloss Oranienburg"},"content":{"rendered":"<div class=\"wp-block-image is-style-default\">\n<figure class=\"aligncenter\"><a href=\"https:\/\/liebke-foto.de\/maerkischeslicht\/wp-content\/uploads\/2015\/04\/Oranienburg2015_FL8_0030_C1.jpg\"><img loading=\"lazy\" decoding=\"async\" width=\"1199\" height=\"800\" src=\"https:\/\/liebke-foto.de\/maerkischeslicht\/wp-content\/uploads\/2015\/04\/Oranienburg2015_FL8_0030_C1-1199x800.jpg\" alt=\"Sagenhaftes Oberhavel, die Ausstellung\" class=\"wp-image-2197\" srcset=\"https:\/\/liebke-foto.de\/maerkischeslicht\/wp-content\/uploads\/2015\/04\/Oranienburg2015_FL8_0030_C1-1199x800.jpg 1199w, https:\/\/liebke-foto.de\/maerkischeslicht\/wp-content\/uploads\/2015\/04\/Oranienburg2015_FL8_0030_C1.jpg 1400w\" sizes=\"auto, (max-width: 1199px) 100vw, 1199px\" \/><\/a><figcaption class=\"wp-element-caption\">Letzte Vorbereitungen. Eins der 2,50m x 1,50m &#8211; Bilder wird hereingetragen.<\/figcaption><\/figure>\n<\/div>\n\n\n<p><\/p>\n\n\n\n<h2 class=\"wp-block-heading\">Sagen gibt es auch in der Mark Brandenburg<\/h2>\n\n\n\n<p>Sogar viele im heimatlichen Landkreis.\u00a0Kuratorin Ulrike Rack vom Kreismuseum Oberhavel hatte die Idee, diese \u00dcberlieferungen einer breiten \u00d6ffentlichkeit zug\u00e4nglich zu machen. So nahm sie Kontakt zu Kommunen und Ortschronisten auf. Recherchierte, wertete Zuarbeiten aus und gestaltete die Ausstellung Sagenhaftes Oberhavel.<\/p>\n\n\n\n<p><br \/>Da sollten nicht nur Texte an den W\u00e4nden des Museums im Schloss Oranienburg h\u00e4ngen. Die\u00a0Sagen-Gegenden k\u00f6nnten doch mit Bildern erg\u00e4nzt\u00a0werden, so die Idee weiter. Kurz, es wurden Gemeindeverwaltungen, Fotozirkel und Freischaffende angeschrieben, ob Bildmaterial angeboten werden k\u00f6nnte. <\/p>\n\n\n\n<p>Ich bin letztendlich sehr gl\u00fccklich, dass aus meinem Archivschatz sagenhafter Bilder &#8222;M\u00e4rkisches Licht&#8220; 37 so gut gefallen haben, dass wir \u00fcbereingekommen sind, diese auch in der Ausstellung einem breiten Publikum zu zeigen. <\/p>\n\n\n\n<p>Insgesamt 50 Landschaftsfotografien und Ansichten&nbsp;illustrieren&nbsp;die Ausstellung &#8222;Sagenhaftes Oberhavel&#8220;. Die meisten davon gerahmt in der Gr\u00f6\u00dfe 60cm x 40cm. Einige in den Tafeln der Sagen direkt verwendet. <\/p>\n\n\n\n<p>Ein weiteres Gl\u00fcck f\u00fcr mich war, dass 5 meiner Bilder in \u00dcbergr\u00f6\u00dfe pr\u00e4sentiert werden. Vier im Format 2,50m x 1,50m, eins etwas kleiner. DAS erleben zu d\u00fcrfen, diese ph\u00e4nomenale Wirkung der Motive, ist eine Erfahrung, die man sich \u00f6fter w\u00fcnscht. Wenn man doch zu Hause mehr W\u00e4nde h\u00e4tte&#8230; \ud83d\ude09 <\/p>\n\n\n\n<p>Selbst der ehemalige langj\u00e4hrige Leiter des Kreismuseums Oberhavel, Willi Wiborny (Ruhestand),&nbsp;war zur Er\u00f6ffnung geladen und begeistert. Vor diesem selbstbewussten Mann habe ich schon lange sehr viel Hochachtung. <\/p>\n\n\n\n<p>Ist er doch DIE Kapazit\u00e4t in Oberhavel und dar\u00fcber hinaus, wenn es um die Historie geht. Anders als andere sich in den Vordergrund spielende &#8222;eitle Herrschaften&#8220;. In seinen Arbeiten hat immer alles Stil, Hand und Fu\u00df! <\/p>\n\n\n\n<p>Nicht zu vergessen sein unerm\u00fcdliches Engagement f\u00fcr das Museum. Leider und doch typisch f\u00fcr seinen feinen Charakter, h\u00e4lt er sich selbst meistens&nbsp;im Hintergrund, l\u00e4sst sein Werk allein sprechen. Aber so ist das nun mal mit den echten K\u00f6nnern&#8230;<\/p>\n\n\n\n<p>Nun lasse ich einfach die Bilder sprechen. Alles Wichtige wie die \u00d6ffnungszeiten und Eintrittspreise sind <a href=\"http:\/\/www.oberhavel.de\/Freizeit-Tourismus\/Kreismuseum-Oberhavel\" target=\"_blank\" rel=\"noopener\">unter dem Link hier<\/a> auf der Seite des Kreismuseums zu finden. Die Ausstellung geht noch bis zum 1. November 2015. Mit einem Eintritt dazu kann man nat\u00fcrlich das ganze Museum besuchen, das ja noch weit mehr zu bieten hat. <\/p>\n\n\n\n<p><\/p>\n\n\n<div class=\"wp-block-image\">\n<figure class=\"aligncenter size-large\"><a href=\"https:\/\/liebke-foto.de\/maerkischeslicht\/wp-content\/uploads\/2015\/04\/Oranienburg2015_FL8_0032_C1.jpg\"><img loading=\"lazy\" decoding=\"async\" width=\"1400\" height=\"934\" src=\"https:\/\/liebke-foto.de\/maerkischeslicht\/wp-content\/uploads\/2015\/04\/Oranienburg2015_FL8_0032_C1.jpg\" alt=\"Ein Tag vor der Er\u00f6ffnung\" class=\"wp-image-2198\" srcset=\"https:\/\/liebke-foto.de\/maerkischeslicht\/wp-content\/uploads\/2015\/04\/Oranienburg2015_FL8_0032_C1.jpg 1400w, https:\/\/liebke-foto.de\/maerkischeslicht\/wp-content\/uploads\/2015\/04\/Oranienburg2015_FL8_0032_C1-1199x800.jpg 1199w\" sizes=\"auto, (max-width: 1400px) 100vw, 1400px\" \/><\/a><figcaption class=\"wp-element-caption\">Ein Tag vor der Er\u00f6ffnung<\/figcaption><\/figure>\n<\/div>\n\n<div class=\"wp-block-image\">\n<figure class=\"aligncenter size-large\"><a href=\"https:\/\/liebke-foto.de\/maerkischeslicht\/wp-content\/uploads\/2015\/04\/Oranienburg2015_FL8_0034_C1.jpg\"><img loading=\"lazy\" decoding=\"async\" width=\"1400\" height=\"934\" src=\"https:\/\/liebke-foto.de\/maerkischeslicht\/wp-content\/uploads\/2015\/04\/Oranienburg2015_FL8_0034_C1.jpg\" alt=\"Die Er\u00f6ffnungszeremonie\" class=\"wp-image-2199\" srcset=\"https:\/\/liebke-foto.de\/maerkischeslicht\/wp-content\/uploads\/2015\/04\/Oranienburg2015_FL8_0034_C1.jpg 1400w, https:\/\/liebke-foto.de\/maerkischeslicht\/wp-content\/uploads\/2015\/04\/Oranienburg2015_FL8_0034_C1-1199x800.jpg 1199w\" sizes=\"auto, (max-width: 1400px) 100vw, 1400px\" \/><\/a><figcaption class=\"wp-element-caption\">Die Er\u00f6ffnungszeremonie<\/figcaption><\/figure>\n<\/div>\n\n<div class=\"wp-block-image\">\n<figure class=\"aligncenter size-large\"><a href=\"https:\/\/liebke-foto.de\/maerkischeslicht\/wp-content\/uploads\/2015\/04\/Oranienburg2015_FL8_0057_C1.jpg\"><img loading=\"lazy\" decoding=\"async\" width=\"1600\" height=\"1068\" src=\"https:\/\/liebke-foto.de\/maerkischeslicht\/wp-content\/uploads\/2015\/04\/Oranienburg2015_FL8_0057_C1.jpg\" alt=\"Willi Wiborny im Gespr\u00e4ch mit Kuratorin Ulrike Rack\" class=\"wp-image-2212\" srcset=\"https:\/\/liebke-foto.de\/maerkischeslicht\/wp-content\/uploads\/2015\/04\/Oranienburg2015_FL8_0057_C1.jpg 1600w, https:\/\/liebke-foto.de\/maerkischeslicht\/wp-content\/uploads\/2015\/04\/Oranienburg2015_FL8_0057_C1-1199x800.jpg 1199w\" sizes=\"auto, (max-width: 1600px) 100vw, 1600px\" \/><\/a><figcaption class=\"wp-element-caption\">Willi Wiborny im Gespr\u00e4ch mit Kuratorin Ulrike Rack<\/figcaption><\/figure>\n<\/div>\n\n<div class=\"wp-block-image\">\n<figure class=\"aligncenter size-large\"><a href=\"https:\/\/liebke-foto.de\/maerkischeslicht\/wp-content\/uploads\/2015\/04\/Oranienburg2015_FL8_0053_C1.jpg\"><img loading=\"lazy\" decoding=\"async\" width=\"1400\" height=\"934\" src=\"https:\/\/liebke-foto.de\/maerkischeslicht\/wp-content\/uploads\/2015\/04\/Oranienburg2015_FL8_0053_C1.jpg\" alt=\"Die Ausstellung &quot;Sagenhaftes Oberhavel&quot;\" class=\"wp-image-2202\" srcset=\"https:\/\/liebke-foto.de\/maerkischeslicht\/wp-content\/uploads\/2015\/04\/Oranienburg2015_FL8_0053_C1.jpg 1400w, https:\/\/liebke-foto.de\/maerkischeslicht\/wp-content\/uploads\/2015\/04\/Oranienburg2015_FL8_0053_C1-1199x800.jpg 1199w\" sizes=\"auto, (max-width: 1400px) 100vw, 1400px\" \/><\/a><figcaption class=\"wp-element-caption\">Die Ausstellung &#8222;Sagenhaftes Oberhavel&#8220;<\/figcaption><\/figure>\n<\/div>\n\n<div class=\"wp-block-image\">\n<figure class=\"aligncenter size-large\"><a href=\"https:\/\/liebke-foto.de\/maerkischeslicht\/wp-content\/uploads\/2015\/04\/Oranienburg2015_FL8_0050_C1.jpg\"><img loading=\"lazy\" decoding=\"async\" width=\"1400\" height=\"934\" src=\"https:\/\/liebke-foto.de\/maerkischeslicht\/wp-content\/uploads\/2015\/04\/Oranienburg2015_FL8_0050_C1.jpg\" alt=\"Die Ausstellung &quot;Sagenhaftes Oberhavel&quot;\" class=\"wp-image-2201\" srcset=\"https:\/\/liebke-foto.de\/maerkischeslicht\/wp-content\/uploads\/2015\/04\/Oranienburg2015_FL8_0050_C1.jpg 1400w, https:\/\/liebke-foto.de\/maerkischeslicht\/wp-content\/uploads\/2015\/04\/Oranienburg2015_FL8_0050_C1-1199x800.jpg 1199w\" sizes=\"auto, (max-width: 1400px) 100vw, 1400px\" \/><\/a><\/figure>\n<\/div>\n\n\n<p><\/p>\n\n\n\n<p><\/p>\n\n\n<div class=\"wp-block-image\">\n<figure class=\"aligncenter size-large\"><a href=\"https:\/\/liebke-foto.de\/maerkischeslicht\/wp-content\/uploads\/2015\/04\/Oranienburg2015_FL8_0041_C1.jpg\"><img loading=\"lazy\" decoding=\"async\" width=\"1400\" height=\"934\" src=\"https:\/\/liebke-foto.de\/maerkischeslicht\/wp-content\/uploads\/2015\/04\/Oranienburg2015_FL8_0041_C1.jpg\" alt=\"Die Ausstellung &quot;Sagenhaftes Oberhavel&quot;\" class=\"wp-image-2200\" srcset=\"https:\/\/liebke-foto.de\/maerkischeslicht\/wp-content\/uploads\/2015\/04\/Oranienburg2015_FL8_0041_C1.jpg 1400w, https:\/\/liebke-foto.de\/maerkischeslicht\/wp-content\/uploads\/2015\/04\/Oranienburg2015_FL8_0041_C1-1199x800.jpg 1199w\" sizes=\"auto, (max-width: 1400px) 100vw, 1400px\" \/><\/a><\/figure>\n<\/div>\n\n\n<p><\/p>\n\n\n\n<p><\/p>\n\n\n<div class=\"wp-block-image\">\n<figure class=\"aligncenter size-large\"><a href=\"https:\/\/liebke-foto.de\/maerkischeslicht\/wp-content\/uploads\/2015\/04\/Oranienburg2015_FL8_0077_C1.jpg\"><img loading=\"lazy\" decoding=\"async\" width=\"1400\" height=\"934\" src=\"https:\/\/liebke-foto.de\/maerkischeslicht\/wp-content\/uploads\/2015\/04\/Oranienburg2015_FL8_0077_C1.jpg\" alt=\"Die Ausstellung &quot;Sagenhaftes Oberhavel&quot;\" class=\"wp-image-2205\" srcset=\"https:\/\/liebke-foto.de\/maerkischeslicht\/wp-content\/uploads\/2015\/04\/Oranienburg2015_FL8_0077_C1.jpg 1400w, https:\/\/liebke-foto.de\/maerkischeslicht\/wp-content\/uploads\/2015\/04\/Oranienburg2015_FL8_0077_C1-1199x800.jpg 1199w\" sizes=\"auto, (max-width: 1400px) 100vw, 1400px\" \/><\/a><figcaption class=\"wp-element-caption\">Die Ausstellung &#8222;Sagenhaftes Oberhavel&#8220;<\/figcaption><\/figure>\n<\/div>\n\n<div class=\"wp-block-image\">\n<figure class=\"aligncenter size-large\"><a href=\"https:\/\/liebke-foto.de\/maerkischeslicht\/wp-content\/uploads\/2015\/04\/Oranienburg2015_FL8_0073_C1.jpg\"><img loading=\"lazy\" decoding=\"async\" width=\"1400\" height=\"934\" src=\"https:\/\/liebke-foto.de\/maerkischeslicht\/wp-content\/uploads\/2015\/04\/Oranienburg2015_FL8_0073_C1.jpg\" alt=\"Die Ausstellung &quot;Sagenhaftes Oberhavel&quot;\" class=\"wp-image-2204\" srcset=\"https:\/\/liebke-foto.de\/maerkischeslicht\/wp-content\/uploads\/2015\/04\/Oranienburg2015_FL8_0073_C1.jpg 1400w, https:\/\/liebke-foto.de\/maerkischeslicht\/wp-content\/uploads\/2015\/04\/Oranienburg2015_FL8_0073_C1-1199x800.jpg 1199w\" sizes=\"auto, (max-width: 1400px) 100vw, 1400px\" \/><\/a><\/figure>\n<\/div>\n\n\n<p><\/p>\n\n\n\n<p><\/p>\n\n\n<div class=\"wp-block-image\">\n<figure class=\"aligncenter size-large\"><a href=\"https:\/\/liebke-foto.de\/maerkischeslicht\/wp-content\/uploads\/2015\/04\/Oranienburg2015_FL8_0066_C1.jpg\"><img loading=\"lazy\" decoding=\"async\" width=\"1400\" height=\"934\" src=\"https:\/\/liebke-foto.de\/maerkischeslicht\/wp-content\/uploads\/2015\/04\/Oranienburg2015_FL8_0066_C1.jpg\" alt=\"&quot;Sagenhaftes Oberhavel&quot;. Bei DER Bildgr\u00f6\u00dfe machen sogar Selvies Spa\u00df :D\" class=\"wp-image-2203\" srcset=\"https:\/\/liebke-foto.de\/maerkischeslicht\/wp-content\/uploads\/2015\/04\/Oranienburg2015_FL8_0066_C1.jpg 1400w, https:\/\/liebke-foto.de\/maerkischeslicht\/wp-content\/uploads\/2015\/04\/Oranienburg2015_FL8_0066_C1-1199x800.jpg 1199w\" sizes=\"auto, (max-width: 1400px) 100vw, 1400px\" \/><\/a><figcaption class=\"wp-element-caption\">&#8222;Sagenhaftes Oberhavel&#8220;. Bei DER Bildgr\u00f6\u00dfe machen sogar Selvies Spa\u00df \ud83d\ude00<\/figcaption><\/figure>\n<\/div>\n\n<div class=\"wp-block-image\">\n<figure class=\"aligncenter size-large\"><a href=\"https:\/\/liebke-foto.de\/maerkischeslicht\/wp-content\/uploads\/2015\/04\/LIE4770_C1.jpg\"><img loading=\"lazy\" decoding=\"async\" width=\"1400\" height=\"933\" src=\"https:\/\/liebke-foto.de\/maerkischeslicht\/wp-content\/uploads\/2015\/04\/LIE4770_C1.jpg\" alt=\"Meseberg\" class=\"wp-image-2196\" srcset=\"https:\/\/liebke-foto.de\/maerkischeslicht\/wp-content\/uploads\/2015\/04\/LIE4770_C1.jpg 1400w, https:\/\/liebke-foto.de\/maerkischeslicht\/wp-content\/uploads\/2015\/04\/LIE4770_C1-1200x800.jpg 1200w\" sizes=\"auto, (max-width: 1400px) 100vw, 1400px\" \/><\/a><figcaption class=\"wp-element-caption\">Meseberg<\/figcaption><\/figure>\n<\/div>\n\n<div class=\"wp-block-image\">\n<figure class=\"aligncenter size-large\"><a href=\"https:\/\/liebke-foto.de\/maerkischeslicht\/wp-content\/uploads\/2015\/04\/LIE1683.jpg\"><img loading=\"lazy\" decoding=\"async\" width=\"1400\" height=\"933\" src=\"https:\/\/liebke-foto.de\/maerkischeslicht\/wp-content\/uploads\/2015\/04\/LIE1683.jpg\" alt=\"Germendorf\" class=\"wp-image-2195\" srcset=\"https:\/\/liebke-foto.de\/maerkischeslicht\/wp-content\/uploads\/2015\/04\/LIE1683.jpg 1400w, https:\/\/liebke-foto.de\/maerkischeslicht\/wp-content\/uploads\/2015\/04\/LIE1683-1200x800.jpg 1200w\" sizes=\"auto, (max-width: 1400px) 100vw, 1400px\" \/><\/a><figcaption class=\"wp-element-caption\">Germendorf<\/figcaption><\/figure>\n<\/div>\n\n<div class=\"wp-block-image\">\n<figure class=\"aligncenter size-large\"><a href=\"https:\/\/liebke-foto.de\/maerkischeslicht\/wp-content\/uploads\/2015\/04\/See-Himmelpfort.jpg\"><img loading=\"lazy\" decoding=\"async\" width=\"1400\" height=\"933\" src=\"https:\/\/liebke-foto.de\/maerkischeslicht\/wp-content\/uploads\/2015\/04\/See-Himmelpfort.jpg\" alt=\"See Himmelpfort\" class=\"wp-image-2194\" srcset=\"https:\/\/liebke-foto.de\/maerkischeslicht\/wp-content\/uploads\/2015\/04\/See-Himmelpfort.jpg 1400w, https:\/\/liebke-foto.de\/maerkischeslicht\/wp-content\/uploads\/2015\/04\/See-Himmelpfort-1200x800.jpg 1200w\" sizes=\"auto, (max-width: 1400px) 100vw, 1400px\" \/><\/a><figcaption class=\"wp-element-caption\">See Himmelpfort<\/figcaption><\/figure>\n<\/div>\n\n<div class=\"wp-block-image\">\n<figure class=\"aligncenter size-large\"><a href=\"https:\/\/liebke-foto.de\/maerkischeslicht\/wp-content\/uploads\/2015\/04\/SchnelleHavel.jpg\"><img loading=\"lazy\" decoding=\"async\" width=\"1400\" height=\"933\" src=\"https:\/\/liebke-foto.de\/maerkischeslicht\/wp-content\/uploads\/2015\/04\/SchnelleHavel.jpg\" alt=\"Schnelle Havel Neuholland\" class=\"wp-image-2193\" srcset=\"https:\/\/liebke-foto.de\/maerkischeslicht\/wp-content\/uploads\/2015\/04\/SchnelleHavel.jpg 1400w, https:\/\/liebke-foto.de\/maerkischeslicht\/wp-content\/uploads\/2015\/04\/SchnelleHavel-1200x800.jpg 1200w\" sizes=\"auto, (max-width: 1400px) 100vw, 1400px\" \/><\/a><figcaption class=\"wp-element-caption\">Schnelle Havel Neuholland<\/figcaption><\/figure>\n<\/div>\n\n<div class=\"wp-block-image\">\n<figure class=\"aligncenter size-large\"><a href=\"https:\/\/liebke-foto.de\/maerkischeslicht\/wp-content\/uploads\/2015\/04\/FL8_5123.jpg\"><img loading=\"lazy\" decoding=\"async\" width=\"1400\" height=\"933\" src=\"https:\/\/liebke-foto.de\/maerkischeslicht\/wp-content\/uploads\/2015\/04\/FL8_5123.jpg\" alt=\"Bei Wensickendorf Naturpark Barnim\" class=\"wp-image-2192\" srcset=\"https:\/\/liebke-foto.de\/maerkischeslicht\/wp-content\/uploads\/2015\/04\/FL8_5123.jpg 1400w, https:\/\/liebke-foto.de\/maerkischeslicht\/wp-content\/uploads\/2015\/04\/FL8_5123-1200x800.jpg 1200w\" sizes=\"auto, (max-width: 1400px) 100vw, 1400px\" \/><\/a><figcaption class=\"wp-element-caption\">Bei Wensickendorf Naturpark Barnim<\/figcaption><\/figure>\n<\/div>\n\n<div class=\"wp-block-image\">\n<figure class=\"aligncenter size-large\"><a href=\"https:\/\/liebke-foto.de\/maerkischeslicht\/wp-content\/uploads\/2015\/04\/FL8_4526_C1.jpg\"><img loading=\"lazy\" decoding=\"async\" width=\"1400\" height=\"933\" src=\"https:\/\/liebke-foto.de\/maerkischeslicht\/wp-content\/uploads\/2015\/04\/FL8_4526_C1.jpg\" alt=\"Nieder Neuendorf\" class=\"wp-image-2191\" srcset=\"https:\/\/liebke-foto.de\/maerkischeslicht\/wp-content\/uploads\/2015\/04\/FL8_4526_C1.jpg 1400w, https:\/\/liebke-foto.de\/maerkischeslicht\/wp-content\/uploads\/2015\/04\/FL8_4526_C1-1200x800.jpg 1200w\" sizes=\"auto, (max-width: 1400px) 100vw, 1400px\" \/><\/a><figcaption class=\"wp-element-caption\">Nieder Neuendorf<\/figcaption><\/figure>\n<\/div>\n\n<div class=\"wp-block-image\">\n<figure class=\"aligncenter size-large\"><a href=\"https:\/\/liebke-foto.de\/maerkischeslicht\/wp-content\/uploads\/2015\/04\/FL8_2442.jpg\"><img loading=\"lazy\" decoding=\"async\" width=\"1400\" height=\"933\" src=\"https:\/\/liebke-foto.de\/maerkischeslicht\/wp-content\/uploads\/2015\/04\/FL8_2442.jpg\" alt=\"Stechlinsee\" class=\"wp-image-2190\" srcset=\"https:\/\/liebke-foto.de\/maerkischeslicht\/wp-content\/uploads\/2015\/04\/FL8_2442.jpg 1400w, https:\/\/liebke-foto.de\/maerkischeslicht\/wp-content\/uploads\/2015\/04\/FL8_2442-1200x800.jpg 1200w\" sizes=\"auto, (max-width: 1400px) 100vw, 1400px\" \/><\/a><figcaption class=\"wp-element-caption\">Stechlinsee<\/figcaption><\/figure>\n<\/div>\n\n<div class=\"wp-block-image\">\n<figure class=\"aligncenter size-large\"><a href=\"https:\/\/liebke-foto.de\/maerkischeslicht\/wp-content\/uploads\/2015\/04\/LIE2899_C1.jpg\"><img loading=\"lazy\" decoding=\"async\" width=\"1400\" height=\"933\" src=\"https:\/\/liebke-foto.de\/maerkischeslicht\/wp-content\/uploads\/2015\/04\/LIE2899_C1.jpg\" alt=\"Linde bei L\u00f6wenberg\" class=\"wp-image-2189\" srcset=\"https:\/\/liebke-foto.de\/maerkischeslicht\/wp-content\/uploads\/2015\/04\/LIE2899_C1.jpg 1400w, https:\/\/liebke-foto.de\/maerkischeslicht\/wp-content\/uploads\/2015\/04\/LIE2899_C1-1200x800.jpg 1200w\" sizes=\"auto, (max-width: 1400px) 100vw, 1400px\" \/><\/a><figcaption class=\"wp-element-caption\">Linde bei L\u00f6wenberg<\/figcaption><\/figure>\n<\/div>\n\n<div class=\"wp-block-image\">\n<figure class=\"aligncenter size-large\"><a href=\"https:\/\/liebke-foto.de\/maerkischeslicht\/wp-content\/uploads\/2015\/04\/FL8_8238_C1.jpg\"><img loading=\"lazy\" decoding=\"async\" width=\"1400\" height=\"933\" src=\"https:\/\/liebke-foto.de\/maerkischeslicht\/wp-content\/uploads\/2015\/04\/FL8_8238_C1.jpg\" alt=\"Marina Zehdenick\" class=\"wp-image-2188\" srcset=\"https:\/\/liebke-foto.de\/maerkischeslicht\/wp-content\/uploads\/2015\/04\/FL8_8238_C1.jpg 1400w, https:\/\/liebke-foto.de\/maerkischeslicht\/wp-content\/uploads\/2015\/04\/FL8_8238_C1-1200x800.jpg 1200w\" sizes=\"auto, (max-width: 1400px) 100vw, 1400px\" \/><\/a><figcaption class=\"wp-element-caption\">Marina Zehdenick<\/figcaption><\/figure>\n<\/div>\n\n<div class=\"wp-block-image\">\n<figure class=\"aligncenter size-large\"><a href=\"https:\/\/liebke-foto.de\/maerkischeslicht\/wp-content\/uploads\/2015\/04\/FL8_4173_C1.jpg\"><img loading=\"lazy\" decoding=\"async\" width=\"1400\" height=\"933\" src=\"https:\/\/liebke-foto.de\/maerkischeslicht\/wp-content\/uploads\/2015\/04\/FL8_4173_C1.jpg\" alt=\"Gro\u00df Ziethen\" class=\"wp-image-2187\" srcset=\"https:\/\/liebke-foto.de\/maerkischeslicht\/wp-content\/uploads\/2015\/04\/FL8_4173_C1.jpg 1400w, https:\/\/liebke-foto.de\/maerkischeslicht\/wp-content\/uploads\/2015\/04\/FL8_4173_C1-1200x800.jpg 1200w\" sizes=\"auto, (max-width: 1400px) 100vw, 1400px\" \/><\/a><figcaption class=\"wp-element-caption\">Gro\u00df Ziethen<\/figcaption><\/figure>\n<\/div>\n\n<div class=\"wp-block-image\">\n<figure class=\"aligncenter size-large\"><a href=\"https:\/\/liebke-foto.de\/maerkischeslicht\/wp-content\/uploads\/2015\/04\/FL8_1850.jpg\"><img loading=\"lazy\" decoding=\"async\" width=\"1400\" height=\"933\" src=\"https:\/\/liebke-foto.de\/maerkischeslicht\/wp-content\/uploads\/2015\/04\/FL8_1850.jpg\" alt=\"Naturpark Barnim, Oranienburg Sachsenhausen\" class=\"wp-image-2186\" srcset=\"https:\/\/liebke-foto.de\/maerkischeslicht\/wp-content\/uploads\/2015\/04\/FL8_1850.jpg 1400w, https:\/\/liebke-foto.de\/maerkischeslicht\/wp-content\/uploads\/2015\/04\/FL8_1850-1200x800.jpg 1200w\" sizes=\"auto, (max-width: 1400px) 100vw, 1400px\" \/><\/a><figcaption class=\"wp-element-caption\">Naturpark Barnim, Oranienburg Sachsenhausen<\/figcaption><\/figure>\n<\/div>\n\n<div class=\"wp-block-image\">\n<figure class=\"aligncenter size-large\"><a href=\"https:\/\/liebke-foto.de\/maerkischeslicht\/wp-content\/uploads\/2015\/04\/FL8_0897_C1.jpg\"><img loading=\"lazy\" decoding=\"async\" width=\"1400\" height=\"933\" src=\"https:\/\/liebke-foto.de\/maerkischeslicht\/wp-content\/uploads\/2015\/04\/FL8_0897_C1.jpg\" alt=\"M\u00fchle Vehlefanz\" class=\"wp-image-2185\" srcset=\"https:\/\/liebke-foto.de\/maerkischeslicht\/wp-content\/uploads\/2015\/04\/FL8_0897_C1.jpg 1400w, https:\/\/liebke-foto.de\/maerkischeslicht\/wp-content\/uploads\/2015\/04\/FL8_0897_C1-1200x800.jpg 1200w\" sizes=\"auto, (max-width: 1400px) 100vw, 1400px\" \/><\/a><figcaption class=\"wp-element-caption\">M\u00fchle Vehlefanz<\/figcaption><\/figure>\n<\/div>\n\n<div class=\"wp-block-image\">\n<figure class=\"aligncenter size-large\"><a href=\"https:\/\/liebke-foto.de\/maerkischeslicht\/wp-content\/uploads\/2015\/04\/FL8_9118_C1.jpg\"><img loading=\"lazy\" decoding=\"async\" width=\"1200\" height=\"720\" src=\"https:\/\/liebke-foto.de\/maerkischeslicht\/wp-content\/uploads\/2015\/04\/FL8_9118_C1.jpg\" alt=\"Eichst\u00e4dt\" class=\"wp-image-2184\"\/><\/a><figcaption class=\"wp-element-caption\">Eichst\u00e4dt<\/figcaption><\/figure>\n<\/div>\n\n<div class=\"wp-block-image\">\n<figure class=\"aligncenter size-large\"><a href=\"https:\/\/liebke-foto.de\/maerkischeslicht\/wp-content\/uploads\/2015\/04\/FL8_4225.jpg\"><img loading=\"lazy\" decoding=\"async\" width=\"1200\" height=\"720\" src=\"https:\/\/liebke-foto.de\/maerkischeslicht\/wp-content\/uploads\/2015\/04\/FL8_4225.jpg\" alt=\"Kremmener See\" class=\"wp-image-2183\"\/><\/a><figcaption class=\"wp-element-caption\">Kremmener See<\/figcaption><\/figure>\n<\/div>\n\n<div class=\"wp-block-image\">\n<figure class=\"aligncenter size-large\"><a href=\"https:\/\/liebke-foto.de\/maerkischeslicht\/wp-content\/uploads\/2015\/04\/FL8_2881.jpg\"><img loading=\"lazy\" decoding=\"async\" width=\"1400\" height=\"933\" src=\"https:\/\/liebke-foto.de\/maerkischeslicht\/wp-content\/uploads\/2015\/04\/FL8_2881.jpg\" alt=\"Havelkanal Hennigsdorf\" class=\"wp-image-2182\" srcset=\"https:\/\/liebke-foto.de\/maerkischeslicht\/wp-content\/uploads\/2015\/04\/FL8_2881.jpg 1400w, https:\/\/liebke-foto.de\/maerkischeslicht\/wp-content\/uploads\/2015\/04\/FL8_2881-1200x800.jpg 1200w\" sizes=\"auto, (max-width: 1400px) 100vw, 1400px\" \/><\/a><figcaption class=\"wp-element-caption\">Havelkanal Hennigsdorf<\/figcaption><\/figure>\n<\/div>\n\n\n<div style=\"padding:20px\" class=\"wp-block-tnp-minimal\"><p>Subscribe to our newsletter!<\/p><div><div class=\"tnp tnp-subscription \">\n<form method=\"post\" action=\"https:\/\/liebke-foto.de\/maerkischeslicht\/wp-admin\/admin-ajax.php?action=tnp&amp;na=s\">\n<input type=\"hidden\" name=\"nlang\" value=\"\">\n<div class=\"tnp-field tnp-field-firstname\"><label for=\"tnp-1\">Vorname oder ganzer Name<\/label>\n<input class=\"tnp-name\" type=\"text\" name=\"nn\" id=\"tnp-1\" value=\"\" placeholder=\"\"><\/div>\n<div class=\"tnp-field tnp-field-email\"><label for=\"tnp-2\">Email<\/label>\n<input class=\"tnp-email\" type=\"email\" name=\"ne\" id=\"tnp-2\" value=\"\" placeholder=\"\" required><\/div>\n<div class=\"tnp-field tnp-privacy-field\"><label><input type=\"checkbox\" name=\"ny\" required class=\"tnp-privacy\"> Indem Du fortf\u00e4hrst, akzeptierst Du unsere Datenschutzerkl\u00e4rung.<\/label><\/div><div class=\"tnp-field tnp-field-button\" style=\"text-align: left\"><input class=\"tnp-submit\" type=\"submit\" value=\"Abonnieren\" style=\"\">\n<\/div>\n<\/form>\n<\/div>\n<\/div><\/div>\n\n\n\n\n","protected":false},"excerpt":{"rendered":"<p>Sagen gibt es auch in der Mark Brandenburg Sogar viele im heimatlichen Landkreis.\u00a0Kuratorin Ulrike Rack vom Kreismuseum Oberhavel hatte die Idee, diese \u00dcberlieferungen&#8230;<\/p>\n","protected":false},"author":1,"featured_media":2181,"comment_status":"open","ping_status":"closed","sticky":false,"template":"","format":"image","meta":{"footnotes":""},"categories":[10,38,12],"tags":[],"class_list":["post-2180","post","type-post","status-publish","format-image","has-post-thumbnail","hentry","category-landschaft-mark-brandenburg-oberhavel-barnim","category-menschliches-aus-der-mark","category-wildes-brandenburg","post_format-post-format-image"],"yoast_head":"<!-- This site is optimized with the Yoast SEO plugin v27.5 - https:\/\/yoast.com\/product\/yoast-seo-wordpress\/ -->\n<title>Sagenhaftes Oberhavel - eine Ausstellung im Schloss Oranienburg - M\u00e4rkisches Licht - Der Fotograf der Stille<\/title>\n<meta name=\"description\" content=\"Sagenhaftes Oberhavel. Vorbereitungen, Er\u00f6ffnung der Ausstellung und die Ausstellung selbst. Sagenhaft sch\u00f6n.\" \/>\n<meta name=\"robots\" content=\"index, follow, max-snippet:-1, max-image-preview:large, max-video-preview:-1\" \/>\n<link rel=\"canonical\" href=\"https:\/\/liebke-foto.de\/maerkischeslicht\/sagenhaftes-oberhavel-eine-ausstellung-im-schloss-oranienburg\/\" \/>\n<meta property=\"og:locale\" content=\"de_DE\" \/>\n<meta property=\"og:type\" content=\"article\" \/>\n<meta property=\"og:title\" content=\"Sagenhaftes Oberhavel - eine Ausstellung im Schloss Oranienburg - M\u00e4rkisches Licht - Der Fotograf der Stille\" \/>\n<meta property=\"og:description\" content=\"Sagenhaftes Oberhavel. Vorbereitungen, Er\u00f6ffnung der Ausstellung und die Ausstellung selbst. Sagenhaft sch\u00f6n.\" \/>\n<meta property=\"og:url\" content=\"https:\/\/liebke-foto.de\/maerkischeslicht\/sagenhaftes-oberhavel-eine-ausstellung-im-schloss-oranienburg\/\" \/>\n<meta property=\"og:site_name\" content=\"M\u00e4rkisches Licht - Der Fotograf der Stille\" \/>\n<meta property=\"article:published_time\" content=\"2015-04-17T12:36:39+00:00\" \/>\n<meta property=\"article:modified_time\" content=\"2024-02-21T10:32:38+00:00\" \/>\n<meta property=\"og:image\" content=\"https:\/\/liebke-foto.de\/maerkischeslicht\/wp-content\/uploads\/2015\/04\/LIE0728.jpg\" \/>\n\t<meta property=\"og:image:width\" content=\"1200\" \/>\n\t<meta property=\"og:image:height\" content=\"720\" \/>\n\t<meta property=\"og:image:type\" content=\"image\/jpeg\" \/>\n<meta name=\"author\" content=\"Frank Liebke\" \/>\n<meta name=\"twitter:card\" content=\"summary_large_image\" \/>\n<meta name=\"twitter:label1\" content=\"Verfasst von\" \/>\n\t<meta name=\"twitter:data1\" content=\"Frank Liebke\" \/>\n\t<meta name=\"twitter:label2\" content=\"Gesch\u00e4tzte Lesezeit\" \/>\n\t<meta name=\"twitter:data2\" content=\"8\u00a0Minuten\" \/>\n<script type=\"application\/ld+json\" class=\"yoast-schema-graph\">{\"@context\":\"https:\\\/\\\/schema.org\",\"@graph\":[{\"@type\":\"Article\",\"@id\":\"https:\\\/\\\/liebke-foto.de\\\/maerkischeslicht\\\/sagenhaftes-oberhavel-eine-ausstellung-im-schloss-oranienburg\\\/#article\",\"isPartOf\":{\"@id\":\"https:\\\/\\\/liebke-foto.de\\\/maerkischeslicht\\\/sagenhaftes-oberhavel-eine-ausstellung-im-schloss-oranienburg\\\/\"},\"author\":{\"name\":\"Frank Liebke\",\"@id\":\"https:\\\/\\\/liebke-foto.de\\\/maerkischeslicht\\\/#\\\/schema\\\/person\\\/d71108abc09a723daeeb8526a33137ee\"},\"headline\":\"Sagenhaftes Oberhavel &#8211; eine Ausstellung im Schloss Oranienburg\",\"datePublished\":\"2015-04-17T12:36:39+00:00\",\"dateModified\":\"2024-02-21T10:32:38+00:00\",\"mainEntityOfPage\":{\"@id\":\"https:\\\/\\\/liebke-foto.de\\\/maerkischeslicht\\\/sagenhaftes-oberhavel-eine-ausstellung-im-schloss-oranienburg\\\/\"},\"wordCount\":478,\"commentCount\":0,\"publisher\":{\"@id\":\"https:\\\/\\\/liebke-foto.de\\\/maerkischeslicht\\\/#\\\/schema\\\/person\\\/d71108abc09a723daeeb8526a33137ee\"},\"image\":{\"@id\":\"https:\\\/\\\/liebke-foto.de\\\/maerkischeslicht\\\/sagenhaftes-oberhavel-eine-ausstellung-im-schloss-oranienburg\\\/#primaryimage\"},\"thumbnailUrl\":\"https:\\\/\\\/liebke-foto.de\\\/maerkischeslicht\\\/wp-content\\\/uploads\\\/2015\\\/04\\\/LIE0728.jpg\",\"articleSection\":[\"Landschaft\",\"Menschliches aus der Mark\",\"Wildes Brandenburg\"],\"inLanguage\":\"de\",\"potentialAction\":[{\"@type\":\"CommentAction\",\"name\":\"Comment\",\"target\":[\"https:\\\/\\\/liebke-foto.de\\\/maerkischeslicht\\\/sagenhaftes-oberhavel-eine-ausstellung-im-schloss-oranienburg\\\/#respond\"]}]},{\"@type\":\"WebPage\",\"@id\":\"https:\\\/\\\/liebke-foto.de\\\/maerkischeslicht\\\/sagenhaftes-oberhavel-eine-ausstellung-im-schloss-oranienburg\\\/\",\"url\":\"https:\\\/\\\/liebke-foto.de\\\/maerkischeslicht\\\/sagenhaftes-oberhavel-eine-ausstellung-im-schloss-oranienburg\\\/\",\"name\":\"Sagenhaftes Oberhavel - eine Ausstellung im Schloss Oranienburg - M\u00e4rkisches Licht - Der Fotograf der Stille\",\"isPartOf\":{\"@id\":\"https:\\\/\\\/liebke-foto.de\\\/maerkischeslicht\\\/#website\"},\"primaryImageOfPage\":{\"@id\":\"https:\\\/\\\/liebke-foto.de\\\/maerkischeslicht\\\/sagenhaftes-oberhavel-eine-ausstellung-im-schloss-oranienburg\\\/#primaryimage\"},\"image\":{\"@id\":\"https:\\\/\\\/liebke-foto.de\\\/maerkischeslicht\\\/sagenhaftes-oberhavel-eine-ausstellung-im-schloss-oranienburg\\\/#primaryimage\"},\"thumbnailUrl\":\"https:\\\/\\\/liebke-foto.de\\\/maerkischeslicht\\\/wp-content\\\/uploads\\\/2015\\\/04\\\/LIE0728.jpg\",\"datePublished\":\"2015-04-17T12:36:39+00:00\",\"dateModified\":\"2024-02-21T10:32:38+00:00\",\"description\":\"Sagenhaftes Oberhavel. Vorbereitungen, Er\u00f6ffnung der Ausstellung und die Ausstellung selbst. Sagenhaft sch\u00f6n.\",\"breadcrumb\":{\"@id\":\"https:\\\/\\\/liebke-foto.de\\\/maerkischeslicht\\\/sagenhaftes-oberhavel-eine-ausstellung-im-schloss-oranienburg\\\/#breadcrumb\"},\"inLanguage\":\"de\",\"potentialAction\":[{\"@type\":\"ReadAction\",\"target\":[\"https:\\\/\\\/liebke-foto.de\\\/maerkischeslicht\\\/sagenhaftes-oberhavel-eine-ausstellung-im-schloss-oranienburg\\\/\"]}]},{\"@type\":\"ImageObject\",\"inLanguage\":\"de\",\"@id\":\"https:\\\/\\\/liebke-foto.de\\\/maerkischeslicht\\\/sagenhaftes-oberhavel-eine-ausstellung-im-schloss-oranienburg\\\/#primaryimage\",\"url\":\"https:\\\/\\\/liebke-foto.de\\\/maerkischeslicht\\\/wp-content\\\/uploads\\\/2015\\\/04\\\/LIE0728.jpg\",\"contentUrl\":\"https:\\\/\\\/liebke-foto.de\\\/maerkischeslicht\\\/wp-content\\\/uploads\\\/2015\\\/04\\\/LIE0728.jpg\",\"width\":1200,\"height\":720},{\"@type\":\"BreadcrumbList\",\"@id\":\"https:\\\/\\\/liebke-foto.de\\\/maerkischeslicht\\\/sagenhaftes-oberhavel-eine-ausstellung-im-schloss-oranienburg\\\/#breadcrumb\",\"itemListElement\":[{\"@type\":\"ListItem\",\"position\":1,\"name\":\"Startseite\",\"item\":\"https:\\\/\\\/liebke-foto.de\\\/maerkischeslicht\\\/\"},{\"@type\":\"ListItem\",\"position\":2,\"name\":\"Sagenhaftes Oberhavel &#8211; eine Ausstellung im Schloss Oranienburg\"}]},{\"@type\":\"WebSite\",\"@id\":\"https:\\\/\\\/liebke-foto.de\\\/maerkischeslicht\\\/#website\",\"url\":\"https:\\\/\\\/liebke-foto.de\\\/maerkischeslicht\\\/\",\"name\":\"M\u00e4rkisches Licht - Der Fotograf der Stille\",\"description\":\"Die Liebe zum Leben...\",\"publisher\":{\"@id\":\"https:\\\/\\\/liebke-foto.de\\\/maerkischeslicht\\\/#\\\/schema\\\/person\\\/d71108abc09a723daeeb8526a33137ee\"},\"potentialAction\":[{\"@type\":\"SearchAction\",\"target\":{\"@type\":\"EntryPoint\",\"urlTemplate\":\"https:\\\/\\\/liebke-foto.de\\\/maerkischeslicht\\\/?s={search_term_string}\"},\"query-input\":{\"@type\":\"PropertyValueSpecification\",\"valueRequired\":true,\"valueName\":\"search_term_string\"}}],\"inLanguage\":\"de\"},{\"@type\":[\"Person\",\"Organization\"],\"@id\":\"https:\\\/\\\/liebke-foto.de\\\/maerkischeslicht\\\/#\\\/schema\\\/person\\\/d71108abc09a723daeeb8526a33137ee\",\"name\":\"Frank Liebke\",\"image\":{\"@type\":\"ImageObject\",\"inLanguage\":\"de\",\"@id\":\"https:\\\/\\\/liebke-foto.de\\\/maerkischeslicht\\\/wp-content\\\/uploads\\\/2021\\\/12\\\/IMG-20211024-WA0001.jpg\",\"url\":\"https:\\\/\\\/liebke-foto.de\\\/maerkischeslicht\\\/wp-content\\\/uploads\\\/2021\\\/12\\\/IMG-20211024-WA0001.jpg\",\"contentUrl\":\"https:\\\/\\\/liebke-foto.de\\\/maerkischeslicht\\\/wp-content\\\/uploads\\\/2021\\\/12\\\/IMG-20211024-WA0001.jpg\",\"width\":900,\"height\":1600,\"caption\":\"Frank Liebke\"},\"logo\":{\"@id\":\"https:\\\/\\\/liebke-foto.de\\\/maerkischeslicht\\\/wp-content\\\/uploads\\\/2021\\\/12\\\/IMG-20211024-WA0001.jpg\"},\"sameAs\":[\"https:\\\/\\\/liebke-foto.de\"],\"url\":\"https:\\\/\\\/liebke-foto.de\\\/maerkischeslicht\\\/author\\\/adminuser\\\/\"}]}<\/script>\n<!-- \/ Yoast SEO plugin. -->","yoast_head_json":{"title":"Sagenhaftes Oberhavel - eine Ausstellung im Schloss Oranienburg - M\u00e4rkisches Licht - Der Fotograf der Stille","description":"Sagenhaftes Oberhavel. Vorbereitungen, Er\u00f6ffnung der Ausstellung und die Ausstellung selbst. Sagenhaft sch\u00f6n.","robots":{"index":"index","follow":"follow","max-snippet":"max-snippet:-1","max-image-preview":"max-image-preview:large","max-video-preview":"max-video-preview:-1"},"canonical":"https:\/\/liebke-foto.de\/maerkischeslicht\/sagenhaftes-oberhavel-eine-ausstellung-im-schloss-oranienburg\/","og_locale":"de_DE","og_type":"article","og_title":"Sagenhaftes Oberhavel - eine Ausstellung im Schloss Oranienburg - M\u00e4rkisches Licht - Der Fotograf der Stille","og_description":"Sagenhaftes Oberhavel. Vorbereitungen, Er\u00f6ffnung der Ausstellung und die Ausstellung selbst. Sagenhaft sch\u00f6n.","og_url":"https:\/\/liebke-foto.de\/maerkischeslicht\/sagenhaftes-oberhavel-eine-ausstellung-im-schloss-oranienburg\/","og_site_name":"M\u00e4rkisches Licht - Der Fotograf der Stille","article_published_time":"2015-04-17T12:36:39+00:00","article_modified_time":"2024-02-21T10:32:38+00:00","og_image":[{"width":1200,"height":720,"url":"https:\/\/liebke-foto.de\/maerkischeslicht\/wp-content\/uploads\/2015\/04\/LIE0728.jpg","type":"image\/jpeg"}],"author":"Frank Liebke","twitter_card":"summary_large_image","twitter_misc":{"Verfasst von":"Frank Liebke","Gesch\u00e4tzte Lesezeit":"8\u00a0Minuten"},"schema":{"@context":"https:\/\/schema.org","@graph":[{"@type":"Article","@id":"https:\/\/liebke-foto.de\/maerkischeslicht\/sagenhaftes-oberhavel-eine-ausstellung-im-schloss-oranienburg\/#article","isPartOf":{"@id":"https:\/\/liebke-foto.de\/maerkischeslicht\/sagenhaftes-oberhavel-eine-ausstellung-im-schloss-oranienburg\/"},"author":{"name":"Frank Liebke","@id":"https:\/\/liebke-foto.de\/maerkischeslicht\/#\/schema\/person\/d71108abc09a723daeeb8526a33137ee"},"headline":"Sagenhaftes Oberhavel &#8211; eine Ausstellung im Schloss Oranienburg","datePublished":"2015-04-17T12:36:39+00:00","dateModified":"2024-02-21T10:32:38+00:00","mainEntityOfPage":{"@id":"https:\/\/liebke-foto.de\/maerkischeslicht\/sagenhaftes-oberhavel-eine-ausstellung-im-schloss-oranienburg\/"},"wordCount":478,"commentCount":0,"publisher":{"@id":"https:\/\/liebke-foto.de\/maerkischeslicht\/#\/schema\/person\/d71108abc09a723daeeb8526a33137ee"},"image":{"@id":"https:\/\/liebke-foto.de\/maerkischeslicht\/sagenhaftes-oberhavel-eine-ausstellung-im-schloss-oranienburg\/#primaryimage"},"thumbnailUrl":"https:\/\/liebke-foto.de\/maerkischeslicht\/wp-content\/uploads\/2015\/04\/LIE0728.jpg","articleSection":["Landschaft","Menschliches aus der Mark","Wildes Brandenburg"],"inLanguage":"de","potentialAction":[{"@type":"CommentAction","name":"Comment","target":["https:\/\/liebke-foto.de\/maerkischeslicht\/sagenhaftes-oberhavel-eine-ausstellung-im-schloss-oranienburg\/#respond"]}]},{"@type":"WebPage","@id":"https:\/\/liebke-foto.de\/maerkischeslicht\/sagenhaftes-oberhavel-eine-ausstellung-im-schloss-oranienburg\/","url":"https:\/\/liebke-foto.de\/maerkischeslicht\/sagenhaftes-oberhavel-eine-ausstellung-im-schloss-oranienburg\/","name":"Sagenhaftes Oberhavel - eine Ausstellung im Schloss Oranienburg - M\u00e4rkisches Licht - Der Fotograf der Stille","isPartOf":{"@id":"https:\/\/liebke-foto.de\/maerkischeslicht\/#website"},"primaryImageOfPage":{"@id":"https:\/\/liebke-foto.de\/maerkischeslicht\/sagenhaftes-oberhavel-eine-ausstellung-im-schloss-oranienburg\/#primaryimage"},"image":{"@id":"https:\/\/liebke-foto.de\/maerkischeslicht\/sagenhaftes-oberhavel-eine-ausstellung-im-schloss-oranienburg\/#primaryimage"},"thumbnailUrl":"https:\/\/liebke-foto.de\/maerkischeslicht\/wp-content\/uploads\/2015\/04\/LIE0728.jpg","datePublished":"2015-04-17T12:36:39+00:00","dateModified":"2024-02-21T10:32:38+00:00","description":"Sagenhaftes Oberhavel. Vorbereitungen, Er\u00f6ffnung der Ausstellung und die Ausstellung selbst. Sagenhaft sch\u00f6n.","breadcrumb":{"@id":"https:\/\/liebke-foto.de\/maerkischeslicht\/sagenhaftes-oberhavel-eine-ausstellung-im-schloss-oranienburg\/#breadcrumb"},"inLanguage":"de","potentialAction":[{"@type":"ReadAction","target":["https:\/\/liebke-foto.de\/maerkischeslicht\/sagenhaftes-oberhavel-eine-ausstellung-im-schloss-oranienburg\/"]}]},{"@type":"ImageObject","inLanguage":"de","@id":"https:\/\/liebke-foto.de\/maerkischeslicht\/sagenhaftes-oberhavel-eine-ausstellung-im-schloss-oranienburg\/#primaryimage","url":"https:\/\/liebke-foto.de\/maerkischeslicht\/wp-content\/uploads\/2015\/04\/LIE0728.jpg","contentUrl":"https:\/\/liebke-foto.de\/maerkischeslicht\/wp-content\/uploads\/2015\/04\/LIE0728.jpg","width":1200,"height":720},{"@type":"BreadcrumbList","@id":"https:\/\/liebke-foto.de\/maerkischeslicht\/sagenhaftes-oberhavel-eine-ausstellung-im-schloss-oranienburg\/#breadcrumb","itemListElement":[{"@type":"ListItem","position":1,"name":"Startseite","item":"https:\/\/liebke-foto.de\/maerkischeslicht\/"},{"@type":"ListItem","position":2,"name":"Sagenhaftes Oberhavel &#8211; eine Ausstellung im Schloss Oranienburg"}]},{"@type":"WebSite","@id":"https:\/\/liebke-foto.de\/maerkischeslicht\/#website","url":"https:\/\/liebke-foto.de\/maerkischeslicht\/","name":"M\u00e4rkisches Licht - Der Fotograf der Stille","description":"Die Liebe zum Leben...","publisher":{"@id":"https:\/\/liebke-foto.de\/maerkischeslicht\/#\/schema\/person\/d71108abc09a723daeeb8526a33137ee"},"potentialAction":[{"@type":"SearchAction","target":{"@type":"EntryPoint","urlTemplate":"https:\/\/liebke-foto.de\/maerkischeslicht\/?s={search_term_string}"},"query-input":{"@type":"PropertyValueSpecification","valueRequired":true,"valueName":"search_term_string"}}],"inLanguage":"de"},{"@type":["Person","Organization"],"@id":"https:\/\/liebke-foto.de\/maerkischeslicht\/#\/schema\/person\/d71108abc09a723daeeb8526a33137ee","name":"Frank Liebke","image":{"@type":"ImageObject","inLanguage":"de","@id":"https:\/\/liebke-foto.de\/maerkischeslicht\/wp-content\/uploads\/2021\/12\/IMG-20211024-WA0001.jpg","url":"https:\/\/liebke-foto.de\/maerkischeslicht\/wp-content\/uploads\/2021\/12\/IMG-20211024-WA0001.jpg","contentUrl":"https:\/\/liebke-foto.de\/maerkischeslicht\/wp-content\/uploads\/2021\/12\/IMG-20211024-WA0001.jpg","width":900,"height":1600,"caption":"Frank Liebke"},"logo":{"@id":"https:\/\/liebke-foto.de\/maerkischeslicht\/wp-content\/uploads\/2021\/12\/IMG-20211024-WA0001.jpg"},"sameAs":["https:\/\/liebke-foto.de"],"url":"https:\/\/liebke-foto.de\/maerkischeslicht\/author\/adminuser\/"}]}},"_links":{"self":[{"href":"https:\/\/liebke-foto.de\/maerkischeslicht\/wp-json\/wp\/v2\/posts\/2180","targetHints":{"allow":["GET"]}}],"collection":[{"href":"https:\/\/liebke-foto.de\/maerkischeslicht\/wp-json\/wp\/v2\/posts"}],"about":[{"href":"https:\/\/liebke-foto.de\/maerkischeslicht\/wp-json\/wp\/v2\/types\/post"}],"author":[{"embeddable":true,"href":"https:\/\/liebke-foto.de\/maerkischeslicht\/wp-json\/wp\/v2\/users\/1"}],"replies":[{"embeddable":true,"href":"https:\/\/liebke-foto.de\/maerkischeslicht\/wp-json\/wp\/v2\/comments?post=2180"}],"version-history":[{"count":15,"href":"https:\/\/liebke-foto.de\/maerkischeslicht\/wp-json\/wp\/v2\/posts\/2180\/revisions"}],"predecessor-version":[{"id":8259,"href":"https:\/\/liebke-foto.de\/maerkischeslicht\/wp-json\/wp\/v2\/posts\/2180\/revisions\/8259"}],"wp:featuredmedia":[{"embeddable":true,"href":"https:\/\/liebke-foto.de\/maerkischeslicht\/wp-json\/wp\/v2\/media\/2181"}],"wp:attachment":[{"href":"https:\/\/liebke-foto.de\/maerkischeslicht\/wp-json\/wp\/v2\/media?parent=2180"}],"wp:term":[{"taxonomy":"category","embeddable":true,"href":"https:\/\/liebke-foto.de\/maerkischeslicht\/wp-json\/wp\/v2\/categories?post=2180"},{"taxonomy":"post_tag","embeddable":true,"href":"https:\/\/liebke-foto.de\/maerkischeslicht\/wp-json\/wp\/v2\/tags?post=2180"}],"curies":[{"name":"wp","href":"https:\/\/api.w.org\/{rel}","templated":true}]}}