{"id":217,"date":"2014-01-05T14:29:02","date_gmt":"2014-01-05T12:29:02","guid":{"rendered":"http:\/\/liebke-foto.de\/maerkischeslicht\/?p=217"},"modified":"2022-07-03T16:23:31","modified_gmt":"2022-07-03T14:23:31","slug":"ein-lichtblick-im-winter","status":"publish","type":"post","link":"https:\/\/liebke-foto.de\/maerkischeslicht\/ein-lichtblick-im-winter\/","title":{"rendered":"Ein Lichtblick im Winter"},"content":{"rendered":"<div class=\"wp-block-image is-style-default\">\n<figure class=\"aligncenter\"><a href=\"https:\/\/liebke-foto.de\/maerkischeslicht\/wp-content\/uploads\/2014\/01\/FL8_8778.jpg\"><img loading=\"lazy\" decoding=\"async\" width=\"1400\" height=\"934\" src=\"https:\/\/liebke-foto.de\/maerkischeslicht\/wp-content\/uploads\/2014\/01\/FL8_8778.jpg\" alt=\"Lehnitzsee Oranienburg\" class=\"wp-image-221\" srcset=\"https:\/\/liebke-foto.de\/maerkischeslicht\/wp-content\/uploads\/2014\/01\/FL8_8778.jpg 1400w, https:\/\/liebke-foto.de\/maerkischeslicht\/wp-content\/uploads\/2014\/01\/FL8_8778-100x66.jpg 100w, https:\/\/liebke-foto.de\/maerkischeslicht\/wp-content\/uploads\/2014\/01\/FL8_8778-300x200.jpg 300w, https:\/\/liebke-foto.de\/maerkischeslicht\/wp-content\/uploads\/2014\/01\/FL8_8778-1199x800.jpg 1199w, https:\/\/liebke-foto.de\/maerkischeslicht\/wp-content\/uploads\/2014\/01\/FL8_8778-450x300.jpg 450w\" sizes=\"auto, (max-width: 1400px) 100vw, 1400px\" \/><\/a><figcaption>Lehnitzsee Oranienburg<\/figcaption><\/figure>\n<\/div>\n\n\n<p>Nun ist es da das neue Jahr, und? Habt Ihr Euch wieder viel vorgenommen um dann doch (rechtzeitig) zu merken dass das ja doch alles Quatsch ist (jedes Jahr wieder?) ?? \ud83d\ude09<\/p>\n\n\n\n<p>Die meiste Zeit im Leben vertun wir uns mit Pflichten. (Oder das was wir daf\u00fcr halten, oder, schlimmer noch, das was andere meinen was richtig ist, was die Norm ist). <\/p>\n\n\n\n<p>Aber der gr\u00f6\u00dfte Prozentsatz der (deutschen) Menschheit lebt so, findet es richtig (was f\u00fcr den Einzelnen ja o.k. ist) und meint diese Meinung auch vielen Anderen aufdr\u00fccken zu m\u00fcssen (was wiederum nicht o.k. ist!). Ja, was soll das? <\/p>\n\n\n\n<p>Ich habe mir gestern Abend mal im Fernsehen einen Film einer alten deutschen Serie &#8222;Liebling Kreuzberg&#8220; angesehen. Nun kommt das bei mir eher selten vor, dass ich fernsehe, und noch seltener bis fast gar nicht, dass ich mir <em>deutsche <\/em>Serien oder Filme ansehe. <\/p>\n\n\n\n<p>Die sind mir meistens einfach zu farblos, ohne Ideen, platt. Und gute Ans\u00e4tze werden dann sp\u00e4testens nach 10 Minuten bei einem gespielten (ja man sieht sogar dass das immer gespielt ist, kein bisschen echt r\u00fcber kommt \ud83d\ude09 ) enormen Wutausbruch eines Protagonisten kaputtgemacht. Fad.<\/p>\n\n\n\n<p>Anders bei der genannten Serie, wir erinnern uns, die wurde 1988 gedreht, spielt in Berlin Kreuzberg usw. Da ging es um eine 70 j\u00e4hrige Frau, sehr schwerh\u00f6rig aber topfit. Nur etwas &#8222;schr\u00e4g drauf&#8220; k\u00f6nnte man meinen, jedenfalls nach den &#8222;normalen&#8220; deutschen Grunds\u00e4tzen und Tugenden. <\/p>\n\n\n\n<p>Die sammelte gebrauchte W\u00e4sche und verpackte die in Plastiks\u00e4cke und stapelte die S\u00e4cke dann in ihrer Wohnung. Die Sachen sollten mal dem Roten Kreuz oder einer anderen Organisation zu gute kommen. Nach der Frage, wie lange sie das schon tut, war die Antwort: &#8222;30 Jahre&#8220; . \ud83d\ude09<\/p>\n\n\n\n<p>Na ja, so sah es in der Wohnung auch aus, \u00fcberall stapelten sich die S\u00e4cke. Aber es war alles ordentlich und die Frau, wie erw\u00e4hnt, topfit. Nur dieses &#8222;unnormale&#8220; Gebaren hatte dazu gef\u00fchrt, dass nach einem Zwischenfall die Frau in ein Heim eingewiesen wurde, ihr im Haus befindliches ganzes Geld auf ein Konto gebracht wurde und sie dann pro Monat nur noch eine bestimmte kleine Summe ausgeh\u00e4ndigt bekam. <\/p>\n\n\n\n<p>Und das alles nur weil man nach kurzem Ansehen der Frau und ihrer Wohnung befand: NICHT NORMAL, PUNKT!<\/p>\n\n\n\n<p><br \/>Die Sache hatte dann noch ein gl\u00fcckliches Ende genommen, hat mich aber wieder mal stark zum Nachdenken angeregt.<\/p>\n\n\n\n<p>Wie oft wird \u00fcber unsere Mitmenschen kurz und knapp nach ihrem Aussehen und Leben, so wie sie &#8222;rumlaufen&#8220; geurteilt. Der Normalb\u00fcrger hat seine Schubladen, in jede Lade passt ein Standard. Und genauso wird \u00fcber Menschen geurteilt. Ah, das ist so einer, Schublade &#8222;C&#8220;. <\/p>\n\n\n\n<p>Andere, die nicht ganz passen, werden passend gemacht. Aber ganz schlimm: Die in keine Schublade passen. Die mit Grips, Ideen, viele Kreative, Andersdenkende. Genau die sind es, die die Welt in Bewegung halten, Normen in Frage stellen, nach Ver\u00e4nderung streben, ver\u00e4ndern. <\/p>\n\n\n\n<p>&#8222;Die Erdachse schmieren&#8220;, wie B\u00fcdners Vater in Strittmatters &#8222;Wundert\u00e4ter, <br \/>Teil 3&#8243; das knapp belegte \ud83d\ude09 \ud83d\ude00 . So bleibt der Geist rege, kommt keine Langeweile auf. Einer dieser Menschen war Steve Jobs, ja, der mit dem angebissenen Apple \ud83d\ude09 Der soll mal \u00fcber Microsoft gesagt haben: &#8222;Klar bauen die recht gute Computer, aber die haben einfach keinen Stil&#8220; \ud83d\ude09<\/p>\n\n\n\n<p>Solche Freigeister mit Visionen, wie eben Steve Jobs und Steve Wozniak haben die Welt grundauf ver\u00e4ndert. Ohne die w\u00e4ren Computer sicher immer noch unsch\u00f6ne graue Kisten, wer wei\u00df ob es iPods, iPhone oder iPads g\u00e4be\u2026 Ihre Botschaft: &#8222;Think different&#8220;, denke anders, denke schr\u00e4g, tue was anders als man es tausend Jahre schon gemacht hat, tu was&#8230;<\/p>\n\n\n\n<p>In diesem Sinne lebe ich schon seit vielen Jahren, hatte es schon als junger Mensch eigentlich verinnerlicht. Eckte oft an, zweifelte, lie\u00df mich aber nie beirren und wei\u00df jetzt zur\u00fcckblickend, ja ich habe richtig gelebt. Ich bin nicht wie die Meisten, na und? Ich bin ich! \ud83d\ude42<\/p>\n\n\n\n<p>Vielleicht w\u00e4re es gut im neuen Jahr \u00f6fter an diese Schubladen zu denken, vielleicht diesen ganzen Schrank endlich auf den M\u00fcll zu werfen und jedem Menschen die Chance auf den zweiten Blick lassen. Ich denke, es wird ein gutes Jahr, denn ich habe eine Menge vor und alles was wird, wird nur wenn ich es auch mache. Also lets go \ud83d\ude42<\/p>\n\n\n\n<p>Das Foto vom Oranienburger Lehnitzsee soll ein kleiner Lichtblick sein, auch wenn es heute mal grau drau\u00dfen ist, na und? Das Leben ist zu kurz und eigentlich zu sch\u00f6n um es mit Frust zu belasten. <\/p>\n\n\n\n<p>Und nach Regen kommt immer wieder auch die Sonne&#8230;<\/p>\n\n\n\n<div style=\"padding:20px\" class=\"wp-block-tnp-minimal\"><p>Subscribe to our newsletter!<\/p><div><div class=\"tnp tnp-subscription \">\n<form method=\"post\" action=\"https:\/\/liebke-foto.de\/maerkischeslicht\/wp-admin\/admin-ajax.php?action=tnp&amp;na=s\">\n<input type=\"hidden\" name=\"nlang\" value=\"\">\n<div class=\"tnp-field tnp-field-firstname\"><label for=\"tnp-1\">Vorname oder ganzer Name<\/label>\n<input class=\"tnp-name\" type=\"text\" name=\"nn\" id=\"tnp-1\" value=\"\" placeholder=\"\"><\/div>\n<div class=\"tnp-field tnp-field-email\"><label for=\"tnp-2\">Email<\/label>\n<input class=\"tnp-email\" type=\"email\" name=\"ne\" id=\"tnp-2\" value=\"\" placeholder=\"\" required><\/div>\n<div class=\"tnp-field tnp-privacy-field\"><label><input type=\"checkbox\" name=\"ny\" required class=\"tnp-privacy\"> Indem Du fortf\u00e4hrst, akzeptierst Du unsere Datenschutzerkl\u00e4rung.<\/label><\/div><div class=\"tnp-field tnp-field-button\" style=\"text-align: left\"><input class=\"tnp-submit\" type=\"submit\" value=\"Abonnieren\" style=\"\">\n<\/div>\n<\/form>\n<\/div>\n<\/div><\/div>\n\n\n\n\n","protected":false},"excerpt":{"rendered":"<p>Nun ist es da das neue Jahr, und? Habt Ihr Euch wieder viel vorgenommen um dann doch (rechtzeitig) zu merken dass das ja&#8230;<\/p>\n","protected":false},"author":1,"featured_media":221,"comment_status":"open","ping_status":"open","sticky":false,"template":"","format":"standard","meta":{"footnotes":""},"categories":[11,66],"tags":[14,15,17],"class_list":["post-217","post","type-post","status-publish","format-standard","has-post-thumbnail","hentry","category-im-land-brandenburg-unterwegs","category-landpartie","tag-lehnitzsee","tag-oranienburg","tag-winter"],"yoast_head":"<!-- This site is optimized with the Yoast SEO plugin v27.5 - https:\/\/yoast.com\/product\/yoast-seo-wordpress\/ -->\n<title>Ein Lichtblick im Winter - M\u00e4rkisches Licht - Der Fotograf der Stille<\/title>\n<meta name=\"description\" content=\"Ein Lichtblick im Winter\" \/>\n<meta name=\"robots\" content=\"index, follow, max-snippet:-1, max-image-preview:large, max-video-preview:-1\" \/>\n<link rel=\"canonical\" href=\"https:\/\/liebke-foto.de\/maerkischeslicht\/ein-lichtblick-im-winter\/\" \/>\n<meta property=\"og:locale\" content=\"de_DE\" \/>\n<meta property=\"og:type\" content=\"article\" \/>\n<meta property=\"og:title\" content=\"Ein Lichtblick im Winter - M\u00e4rkisches Licht - Der Fotograf der Stille\" \/>\n<meta property=\"og:description\" content=\"Ein Lichtblick im Winter\" \/>\n<meta property=\"og:url\" content=\"https:\/\/liebke-foto.de\/maerkischeslicht\/ein-lichtblick-im-winter\/\" \/>\n<meta property=\"og:site_name\" content=\"M\u00e4rkisches Licht - Der Fotograf der Stille\" \/>\n<meta property=\"article:published_time\" content=\"2014-01-05T12:29:02+00:00\" \/>\n<meta property=\"article:modified_time\" content=\"2022-07-03T14:23:31+00:00\" \/>\n<meta property=\"og:image\" content=\"https:\/\/liebke-foto.de\/maerkischeslicht\/wp-content\/uploads\/2014\/01\/FL8_8778.jpg\" \/>\n\t<meta property=\"og:image:width\" content=\"1400\" \/>\n\t<meta property=\"og:image:height\" content=\"934\" \/>\n\t<meta property=\"og:image:type\" content=\"image\/jpeg\" \/>\n<meta name=\"author\" content=\"Frank Liebke\" \/>\n<meta name=\"twitter:card\" content=\"summary_large_image\" \/>\n<meta name=\"twitter:label1\" content=\"Verfasst von\" \/>\n\t<meta name=\"twitter:data1\" content=\"Frank Liebke\" \/>\n\t<meta name=\"twitter:label2\" content=\"Gesch\u00e4tzte Lesezeit\" \/>\n\t<meta name=\"twitter:data2\" content=\"5\u00a0Minuten\" \/>\n<script type=\"application\/ld+json\" class=\"yoast-schema-graph\">{\"@context\":\"https:\\\/\\\/schema.org\",\"@graph\":[{\"@type\":\"Article\",\"@id\":\"https:\\\/\\\/liebke-foto.de\\\/maerkischeslicht\\\/ein-lichtblick-im-winter\\\/#article\",\"isPartOf\":{\"@id\":\"https:\\\/\\\/liebke-foto.de\\\/maerkischeslicht\\\/ein-lichtblick-im-winter\\\/\"},\"author\":{\"name\":\"Frank Liebke\",\"@id\":\"https:\\\/\\\/liebke-foto.de\\\/maerkischeslicht\\\/#\\\/schema\\\/person\\\/d71108abc09a723daeeb8526a33137ee\"},\"headline\":\"Ein Lichtblick im Winter\",\"datePublished\":\"2014-01-05T12:29:02+00:00\",\"dateModified\":\"2022-07-03T14:23:31+00:00\",\"mainEntityOfPage\":{\"@id\":\"https:\\\/\\\/liebke-foto.de\\\/maerkischeslicht\\\/ein-lichtblick-im-winter\\\/\"},\"wordCount\":766,\"commentCount\":2,\"publisher\":{\"@id\":\"https:\\\/\\\/liebke-foto.de\\\/maerkischeslicht\\\/#\\\/schema\\\/person\\\/d71108abc09a723daeeb8526a33137ee\"},\"image\":{\"@id\":\"https:\\\/\\\/liebke-foto.de\\\/maerkischeslicht\\\/ein-lichtblick-im-winter\\\/#primaryimage\"},\"thumbnailUrl\":\"https:\\\/\\\/liebke-foto.de\\\/maerkischeslicht\\\/wp-content\\\/uploads\\\/2014\\\/01\\\/FL8_8778.jpg\",\"keywords\":[\"Lehnitzsee\",\"Oranienburg\",\"Winter\"],\"articleSection\":[\"Im Land Brandenburg unterwegs\",\"LANDpartie, unterwegs in der Mark Brandenburg\"],\"inLanguage\":\"de\",\"potentialAction\":[{\"@type\":\"CommentAction\",\"name\":\"Comment\",\"target\":[\"https:\\\/\\\/liebke-foto.de\\\/maerkischeslicht\\\/ein-lichtblick-im-winter\\\/#respond\"]}]},{\"@type\":\"WebPage\",\"@id\":\"https:\\\/\\\/liebke-foto.de\\\/maerkischeslicht\\\/ein-lichtblick-im-winter\\\/\",\"url\":\"https:\\\/\\\/liebke-foto.de\\\/maerkischeslicht\\\/ein-lichtblick-im-winter\\\/\",\"name\":\"Ein Lichtblick im Winter - M\u00e4rkisches Licht - Der Fotograf der Stille\",\"isPartOf\":{\"@id\":\"https:\\\/\\\/liebke-foto.de\\\/maerkischeslicht\\\/#website\"},\"primaryImageOfPage\":{\"@id\":\"https:\\\/\\\/liebke-foto.de\\\/maerkischeslicht\\\/ein-lichtblick-im-winter\\\/#primaryimage\"},\"image\":{\"@id\":\"https:\\\/\\\/liebke-foto.de\\\/maerkischeslicht\\\/ein-lichtblick-im-winter\\\/#primaryimage\"},\"thumbnailUrl\":\"https:\\\/\\\/liebke-foto.de\\\/maerkischeslicht\\\/wp-content\\\/uploads\\\/2014\\\/01\\\/FL8_8778.jpg\",\"datePublished\":\"2014-01-05T12:29:02+00:00\",\"dateModified\":\"2022-07-03T14:23:31+00:00\",\"description\":\"Ein Lichtblick im Winter\",\"breadcrumb\":{\"@id\":\"https:\\\/\\\/liebke-foto.de\\\/maerkischeslicht\\\/ein-lichtblick-im-winter\\\/#breadcrumb\"},\"inLanguage\":\"de\",\"potentialAction\":[{\"@type\":\"ReadAction\",\"target\":[\"https:\\\/\\\/liebke-foto.de\\\/maerkischeslicht\\\/ein-lichtblick-im-winter\\\/\"]}]},{\"@type\":\"ImageObject\",\"inLanguage\":\"de\",\"@id\":\"https:\\\/\\\/liebke-foto.de\\\/maerkischeslicht\\\/ein-lichtblick-im-winter\\\/#primaryimage\",\"url\":\"https:\\\/\\\/liebke-foto.de\\\/maerkischeslicht\\\/wp-content\\\/uploads\\\/2014\\\/01\\\/FL8_8778.jpg\",\"contentUrl\":\"https:\\\/\\\/liebke-foto.de\\\/maerkischeslicht\\\/wp-content\\\/uploads\\\/2014\\\/01\\\/FL8_8778.jpg\",\"width\":1400,\"height\":934,\"caption\":\"Winter am Lehnitzsee Oranienburg\"},{\"@type\":\"BreadcrumbList\",\"@id\":\"https:\\\/\\\/liebke-foto.de\\\/maerkischeslicht\\\/ein-lichtblick-im-winter\\\/#breadcrumb\",\"itemListElement\":[{\"@type\":\"ListItem\",\"position\":1,\"name\":\"Startseite\",\"item\":\"https:\\\/\\\/liebke-foto.de\\\/maerkischeslicht\\\/\"},{\"@type\":\"ListItem\",\"position\":2,\"name\":\"Ein Lichtblick im Winter\"}]},{\"@type\":\"WebSite\",\"@id\":\"https:\\\/\\\/liebke-foto.de\\\/maerkischeslicht\\\/#website\",\"url\":\"https:\\\/\\\/liebke-foto.de\\\/maerkischeslicht\\\/\",\"name\":\"M\u00e4rkisches Licht - Der Fotograf der Stille\",\"description\":\"Die Liebe zum Leben...\",\"publisher\":{\"@id\":\"https:\\\/\\\/liebke-foto.de\\\/maerkischeslicht\\\/#\\\/schema\\\/person\\\/d71108abc09a723daeeb8526a33137ee\"},\"potentialAction\":[{\"@type\":\"SearchAction\",\"target\":{\"@type\":\"EntryPoint\",\"urlTemplate\":\"https:\\\/\\\/liebke-foto.de\\\/maerkischeslicht\\\/?s={search_term_string}\"},\"query-input\":{\"@type\":\"PropertyValueSpecification\",\"valueRequired\":true,\"valueName\":\"search_term_string\"}}],\"inLanguage\":\"de\"},{\"@type\":[\"Person\",\"Organization\"],\"@id\":\"https:\\\/\\\/liebke-foto.de\\\/maerkischeslicht\\\/#\\\/schema\\\/person\\\/d71108abc09a723daeeb8526a33137ee\",\"name\":\"Frank Liebke\",\"image\":{\"@type\":\"ImageObject\",\"inLanguage\":\"de\",\"@id\":\"https:\\\/\\\/liebke-foto.de\\\/maerkischeslicht\\\/wp-content\\\/uploads\\\/2021\\\/12\\\/IMG-20211024-WA0001.jpg\",\"url\":\"https:\\\/\\\/liebke-foto.de\\\/maerkischeslicht\\\/wp-content\\\/uploads\\\/2021\\\/12\\\/IMG-20211024-WA0001.jpg\",\"contentUrl\":\"https:\\\/\\\/liebke-foto.de\\\/maerkischeslicht\\\/wp-content\\\/uploads\\\/2021\\\/12\\\/IMG-20211024-WA0001.jpg\",\"width\":900,\"height\":1600,\"caption\":\"Frank Liebke\"},\"logo\":{\"@id\":\"https:\\\/\\\/liebke-foto.de\\\/maerkischeslicht\\\/wp-content\\\/uploads\\\/2021\\\/12\\\/IMG-20211024-WA0001.jpg\"},\"sameAs\":[\"https:\\\/\\\/liebke-foto.de\"],\"url\":\"https:\\\/\\\/liebke-foto.de\\\/maerkischeslicht\\\/author\\\/adminuser\\\/\"}]}<\/script>\n<!-- \/ Yoast SEO plugin. -->","yoast_head_json":{"title":"Ein Lichtblick im Winter - M\u00e4rkisches Licht - Der Fotograf der Stille","description":"Ein Lichtblick im Winter","robots":{"index":"index","follow":"follow","max-snippet":"max-snippet:-1","max-image-preview":"max-image-preview:large","max-video-preview":"max-video-preview:-1"},"canonical":"https:\/\/liebke-foto.de\/maerkischeslicht\/ein-lichtblick-im-winter\/","og_locale":"de_DE","og_type":"article","og_title":"Ein Lichtblick im Winter - M\u00e4rkisches Licht - Der Fotograf der Stille","og_description":"Ein Lichtblick im Winter","og_url":"https:\/\/liebke-foto.de\/maerkischeslicht\/ein-lichtblick-im-winter\/","og_site_name":"M\u00e4rkisches Licht - Der Fotograf der Stille","article_published_time":"2014-01-05T12:29:02+00:00","article_modified_time":"2022-07-03T14:23:31+00:00","og_image":[{"width":1400,"height":934,"url":"https:\/\/liebke-foto.de\/maerkischeslicht\/wp-content\/uploads\/2014\/01\/FL8_8778.jpg","type":"image\/jpeg"}],"author":"Frank Liebke","twitter_card":"summary_large_image","twitter_misc":{"Verfasst von":"Frank Liebke","Gesch\u00e4tzte Lesezeit":"5\u00a0Minuten"},"schema":{"@context":"https:\/\/schema.org","@graph":[{"@type":"Article","@id":"https:\/\/liebke-foto.de\/maerkischeslicht\/ein-lichtblick-im-winter\/#article","isPartOf":{"@id":"https:\/\/liebke-foto.de\/maerkischeslicht\/ein-lichtblick-im-winter\/"},"author":{"name":"Frank Liebke","@id":"https:\/\/liebke-foto.de\/maerkischeslicht\/#\/schema\/person\/d71108abc09a723daeeb8526a33137ee"},"headline":"Ein Lichtblick im Winter","datePublished":"2014-01-05T12:29:02+00:00","dateModified":"2022-07-03T14:23:31+00:00","mainEntityOfPage":{"@id":"https:\/\/liebke-foto.de\/maerkischeslicht\/ein-lichtblick-im-winter\/"},"wordCount":766,"commentCount":2,"publisher":{"@id":"https:\/\/liebke-foto.de\/maerkischeslicht\/#\/schema\/person\/d71108abc09a723daeeb8526a33137ee"},"image":{"@id":"https:\/\/liebke-foto.de\/maerkischeslicht\/ein-lichtblick-im-winter\/#primaryimage"},"thumbnailUrl":"https:\/\/liebke-foto.de\/maerkischeslicht\/wp-content\/uploads\/2014\/01\/FL8_8778.jpg","keywords":["Lehnitzsee","Oranienburg","Winter"],"articleSection":["Im Land Brandenburg unterwegs","LANDpartie, unterwegs in der Mark Brandenburg"],"inLanguage":"de","potentialAction":[{"@type":"CommentAction","name":"Comment","target":["https:\/\/liebke-foto.de\/maerkischeslicht\/ein-lichtblick-im-winter\/#respond"]}]},{"@type":"WebPage","@id":"https:\/\/liebke-foto.de\/maerkischeslicht\/ein-lichtblick-im-winter\/","url":"https:\/\/liebke-foto.de\/maerkischeslicht\/ein-lichtblick-im-winter\/","name":"Ein Lichtblick im Winter - M\u00e4rkisches Licht - Der Fotograf der Stille","isPartOf":{"@id":"https:\/\/liebke-foto.de\/maerkischeslicht\/#website"},"primaryImageOfPage":{"@id":"https:\/\/liebke-foto.de\/maerkischeslicht\/ein-lichtblick-im-winter\/#primaryimage"},"image":{"@id":"https:\/\/liebke-foto.de\/maerkischeslicht\/ein-lichtblick-im-winter\/#primaryimage"},"thumbnailUrl":"https:\/\/liebke-foto.de\/maerkischeslicht\/wp-content\/uploads\/2014\/01\/FL8_8778.jpg","datePublished":"2014-01-05T12:29:02+00:00","dateModified":"2022-07-03T14:23:31+00:00","description":"Ein Lichtblick im Winter","breadcrumb":{"@id":"https:\/\/liebke-foto.de\/maerkischeslicht\/ein-lichtblick-im-winter\/#breadcrumb"},"inLanguage":"de","potentialAction":[{"@type":"ReadAction","target":["https:\/\/liebke-foto.de\/maerkischeslicht\/ein-lichtblick-im-winter\/"]}]},{"@type":"ImageObject","inLanguage":"de","@id":"https:\/\/liebke-foto.de\/maerkischeslicht\/ein-lichtblick-im-winter\/#primaryimage","url":"https:\/\/liebke-foto.de\/maerkischeslicht\/wp-content\/uploads\/2014\/01\/FL8_8778.jpg","contentUrl":"https:\/\/liebke-foto.de\/maerkischeslicht\/wp-content\/uploads\/2014\/01\/FL8_8778.jpg","width":1400,"height":934,"caption":"Winter am Lehnitzsee Oranienburg"},{"@type":"BreadcrumbList","@id":"https:\/\/liebke-foto.de\/maerkischeslicht\/ein-lichtblick-im-winter\/#breadcrumb","itemListElement":[{"@type":"ListItem","position":1,"name":"Startseite","item":"https:\/\/liebke-foto.de\/maerkischeslicht\/"},{"@type":"ListItem","position":2,"name":"Ein Lichtblick im Winter"}]},{"@type":"WebSite","@id":"https:\/\/liebke-foto.de\/maerkischeslicht\/#website","url":"https:\/\/liebke-foto.de\/maerkischeslicht\/","name":"M\u00e4rkisches Licht - Der Fotograf der Stille","description":"Die Liebe zum Leben...","publisher":{"@id":"https:\/\/liebke-foto.de\/maerkischeslicht\/#\/schema\/person\/d71108abc09a723daeeb8526a33137ee"},"potentialAction":[{"@type":"SearchAction","target":{"@type":"EntryPoint","urlTemplate":"https:\/\/liebke-foto.de\/maerkischeslicht\/?s={search_term_string}"},"query-input":{"@type":"PropertyValueSpecification","valueRequired":true,"valueName":"search_term_string"}}],"inLanguage":"de"},{"@type":["Person","Organization"],"@id":"https:\/\/liebke-foto.de\/maerkischeslicht\/#\/schema\/person\/d71108abc09a723daeeb8526a33137ee","name":"Frank Liebke","image":{"@type":"ImageObject","inLanguage":"de","@id":"https:\/\/liebke-foto.de\/maerkischeslicht\/wp-content\/uploads\/2021\/12\/IMG-20211024-WA0001.jpg","url":"https:\/\/liebke-foto.de\/maerkischeslicht\/wp-content\/uploads\/2021\/12\/IMG-20211024-WA0001.jpg","contentUrl":"https:\/\/liebke-foto.de\/maerkischeslicht\/wp-content\/uploads\/2021\/12\/IMG-20211024-WA0001.jpg","width":900,"height":1600,"caption":"Frank Liebke"},"logo":{"@id":"https:\/\/liebke-foto.de\/maerkischeslicht\/wp-content\/uploads\/2021\/12\/IMG-20211024-WA0001.jpg"},"sameAs":["https:\/\/liebke-foto.de"],"url":"https:\/\/liebke-foto.de\/maerkischeslicht\/author\/adminuser\/"}]}},"_links":{"self":[{"href":"https:\/\/liebke-foto.de\/maerkischeslicht\/wp-json\/wp\/v2\/posts\/217","targetHints":{"allow":["GET"]}}],"collection":[{"href":"https:\/\/liebke-foto.de\/maerkischeslicht\/wp-json\/wp\/v2\/posts"}],"about":[{"href":"https:\/\/liebke-foto.de\/maerkischeslicht\/wp-json\/wp\/v2\/types\/post"}],"author":[{"embeddable":true,"href":"https:\/\/liebke-foto.de\/maerkischeslicht\/wp-json\/wp\/v2\/users\/1"}],"replies":[{"embeddable":true,"href":"https:\/\/liebke-foto.de\/maerkischeslicht\/wp-json\/wp\/v2\/comments?post=217"}],"version-history":[{"count":14,"href":"https:\/\/liebke-foto.de\/maerkischeslicht\/wp-json\/wp\/v2\/posts\/217\/revisions"}],"predecessor-version":[{"id":5995,"href":"https:\/\/liebke-foto.de\/maerkischeslicht\/wp-json\/wp\/v2\/posts\/217\/revisions\/5995"}],"wp:featuredmedia":[{"embeddable":true,"href":"https:\/\/liebke-foto.de\/maerkischeslicht\/wp-json\/wp\/v2\/media\/221"}],"wp:attachment":[{"href":"https:\/\/liebke-foto.de\/maerkischeslicht\/wp-json\/wp\/v2\/media?parent=217"}],"wp:term":[{"taxonomy":"category","embeddable":true,"href":"https:\/\/liebke-foto.de\/maerkischeslicht\/wp-json\/wp\/v2\/categories?post=217"},{"taxonomy":"post_tag","embeddable":true,"href":"https:\/\/liebke-foto.de\/maerkischeslicht\/wp-json\/wp\/v2\/tags?post=217"}],"curies":[{"name":"wp","href":"https:\/\/api.w.org\/{rel}","templated":true}]}}