{"id":2138,"date":"2015-04-01T18:12:30","date_gmt":"2015-04-01T16:12:30","guid":{"rendered":"http:\/\/liebke-foto.de\/maerkischeslicht\/?p=2138"},"modified":"2022-07-03T23:26:28","modified_gmt":"2022-07-03T21:26:28","slug":"nach-dem-grossen-sturm","status":"publish","type":"post","link":"https:\/\/liebke-foto.de\/maerkischeslicht\/nach-dem-grossen-sturm\/","title":{"rendered":"Nach dem gro\u00dfen Sturm"},"content":{"rendered":"<div class=\"wp-block-image\">\n<figure class=\"aligncenter\"><a href=\"https:\/\/liebke-foto.de\/maerkischeslicht\/wp-content\/uploads\/2015\/04\/1Baerenklau_FL8_0567_C1.jpg\"><img loading=\"lazy\" decoding=\"async\" width=\"1199\" height=\"800\" src=\"https:\/\/liebke-foto.de\/maerkischeslicht\/wp-content\/uploads\/2015\/04\/1Baerenklau_FL8_0567_C1-1199x800.jpg\" alt=\"1Baerenklau_FL8_0567_C1\" class=\"wp-image-2139\" srcset=\"https:\/\/liebke-foto.de\/maerkischeslicht\/wp-content\/uploads\/2015\/04\/1Baerenklau_FL8_0567_C1-1199x800.jpg 1199w, https:\/\/liebke-foto.de\/maerkischeslicht\/wp-content\/uploads\/2015\/04\/1Baerenklau_FL8_0567_C1.jpg 1400w\" sizes=\"auto, (max-width: 1199px) 100vw, 1199px\" \/><\/a><\/figure>\n<\/div>\n\n\n<p>Der heutige 1.April 2015, also genau ein Tag nach dem gro\u00dfen Orkan, war absolut &#8222;Aprilgerecht&#8220;, zumindest das Wetter. Fliegender Wechsel von glei\u00dfender Sonne zu Regen und Schneefall, orkanartige St\u00fcrme, Sonne und immer wieder die typische Wolkenpracht am m\u00e4rkischen Himmel. <\/p>\n\n\n\n<p>Dieses Szenario wollte ich heute ein wenig f\u00fcr immer festhalten und ich glaube, das ist doch ganz gut gelungen? Und beweist wieder mal, wenn das Licht und die Wolken &#8222;stimmen&#8220; kann man eigentlich \u00fcberall wo man sich wohlf\u00fchlt gute Bildwerke erschaffen. <\/p>\n\n\n\n<p>Ich hatte mir dazu heute eine kleine &#8222;Ecke&#8220; zwischen B\u00e4renklau und Marwitz im Landkreis Oberhavel ausgew\u00e4hlt. Zu meiner D800 habe ich die Objektive 24-70 und 16-35 ausgew\u00e4hlt und mit Polfilter verwendet. Viel Spa\u00df beim Schauen und, NEIN, ist KEIN Aprilscherz.<\/p>\n\n\n<div class=\"wp-block-image\">\n<figure class=\"aligncenter size-large\"><a href=\"https:\/\/liebke-foto.de\/maerkischeslicht\/wp-content\/uploads\/2015\/04\/Baerenklau_FL8_0520_C1.jpg\"><img loading=\"lazy\" decoding=\"async\" width=\"1200\" height=\"801\" src=\"https:\/\/liebke-foto.de\/maerkischeslicht\/wp-content\/uploads\/2015\/04\/Baerenklau_FL8_0520_C1.jpg\" alt=\"\" class=\"wp-image-2141\" srcset=\"https:\/\/liebke-foto.de\/maerkischeslicht\/wp-content\/uploads\/2015\/04\/Baerenklau_FL8_0520_C1.jpg 1200w, https:\/\/liebke-foto.de\/maerkischeslicht\/wp-content\/uploads\/2015\/04\/Baerenklau_FL8_0520_C1-1199x800.jpg 1199w\" sizes=\"auto, (max-width: 1200px) 100vw, 1200px\" \/><\/a><\/figure>\n<\/div>\n\n<div class=\"wp-block-image\">\n<figure class=\"aligncenter size-large\"><a href=\"https:\/\/liebke-foto.de\/maerkischeslicht\/wp-content\/uploads\/2015\/04\/Baerenklau_FL8_0512_C1.jpg\"><img loading=\"lazy\" decoding=\"async\" width=\"1200\" height=\"801\" src=\"https:\/\/liebke-foto.de\/maerkischeslicht\/wp-content\/uploads\/2015\/04\/Baerenklau_FL8_0512_C1.jpg\" alt=\"\" class=\"wp-image-2140\" srcset=\"https:\/\/liebke-foto.de\/maerkischeslicht\/wp-content\/uploads\/2015\/04\/Baerenklau_FL8_0512_C1.jpg 1200w, https:\/\/liebke-foto.de\/maerkischeslicht\/wp-content\/uploads\/2015\/04\/Baerenklau_FL8_0512_C1-1199x800.jpg 1199w\" sizes=\"auto, (max-width: 1200px) 100vw, 1200px\" \/><\/a><\/figure>\n<\/div>\n\n<div class=\"wp-block-image\">\n<figure class=\"aligncenter size-large\"><a href=\"https:\/\/liebke-foto.de\/maerkischeslicht\/wp-content\/uploads\/2015\/04\/Baerenklau_FL8_0559_C1.jpg\"><img loading=\"lazy\" decoding=\"async\" width=\"1200\" height=\"801\" src=\"https:\/\/liebke-foto.de\/maerkischeslicht\/wp-content\/uploads\/2015\/04\/Baerenklau_FL8_0559_C1.jpg\" alt=\"\" class=\"wp-image-2143\" srcset=\"https:\/\/liebke-foto.de\/maerkischeslicht\/wp-content\/uploads\/2015\/04\/Baerenklau_FL8_0559_C1.jpg 1200w, https:\/\/liebke-foto.de\/maerkischeslicht\/wp-content\/uploads\/2015\/04\/Baerenklau_FL8_0559_C1-1199x800.jpg 1199w\" sizes=\"auto, (max-width: 1200px) 100vw, 1200px\" \/><\/a><\/figure>\n<\/div>\n\n<div class=\"wp-block-image\">\n<figure class=\"aligncenter size-large\"><a href=\"https:\/\/liebke-foto.de\/maerkischeslicht\/wp-content\/uploads\/2015\/04\/Baerenklau_FL8_0578_C1.jpg\"><img loading=\"lazy\" decoding=\"async\" width=\"1200\" height=\"801\" src=\"https:\/\/liebke-foto.de\/maerkischeslicht\/wp-content\/uploads\/2015\/04\/Baerenklau_FL8_0578_C1.jpg\" alt=\"\" class=\"wp-image-2146\" srcset=\"https:\/\/liebke-foto.de\/maerkischeslicht\/wp-content\/uploads\/2015\/04\/Baerenklau_FL8_0578_C1.jpg 1200w, https:\/\/liebke-foto.de\/maerkischeslicht\/wp-content\/uploads\/2015\/04\/Baerenklau_FL8_0578_C1-1199x800.jpg 1199w\" sizes=\"auto, (max-width: 1200px) 100vw, 1200px\" \/><\/a><\/figure>\n<\/div>\n\n<div class=\"wp-block-image\">\n<figure class=\"aligncenter size-large\"><a href=\"https:\/\/liebke-foto.de\/maerkischeslicht\/wp-content\/uploads\/2015\/04\/Baerenklau_FL8_0589_C1.jpg\"><img loading=\"lazy\" decoding=\"async\" width=\"1200\" height=\"801\" src=\"https:\/\/liebke-foto.de\/maerkischeslicht\/wp-content\/uploads\/2015\/04\/Baerenklau_FL8_0589_C1.jpg\" alt=\"\" class=\"wp-image-2147\" srcset=\"https:\/\/liebke-foto.de\/maerkischeslicht\/wp-content\/uploads\/2015\/04\/Baerenklau_FL8_0589_C1.jpg 1200w, https:\/\/liebke-foto.de\/maerkischeslicht\/wp-content\/uploads\/2015\/04\/Baerenklau_FL8_0589_C1-1199x800.jpg 1199w\" sizes=\"auto, (max-width: 1200px) 100vw, 1200px\" \/><\/a><\/figure>\n<\/div>\n\n<div class=\"wp-block-image\">\n<figure class=\"aligncenter size-large\"><a href=\"https:\/\/liebke-foto.de\/maerkischeslicht\/wp-content\/uploads\/2015\/04\/Baerenklau_FL8_0548_C1.jpg\"><img loading=\"lazy\" decoding=\"async\" width=\"1200\" height=\"801\" src=\"https:\/\/liebke-foto.de\/maerkischeslicht\/wp-content\/uploads\/2015\/04\/Baerenklau_FL8_0548_C1.jpg\" alt=\"\" class=\"wp-image-2142\" srcset=\"https:\/\/liebke-foto.de\/maerkischeslicht\/wp-content\/uploads\/2015\/04\/Baerenklau_FL8_0548_C1.jpg 1200w, https:\/\/liebke-foto.de\/maerkischeslicht\/wp-content\/uploads\/2015\/04\/Baerenklau_FL8_0548_C1-1199x800.jpg 1199w\" sizes=\"auto, (max-width: 1200px) 100vw, 1200px\" \/><\/a><\/figure>\n<\/div>\n\n<div class=\"wp-block-image\">\n<figure class=\"aligncenter size-large\"><a href=\"https:\/\/liebke-foto.de\/maerkischeslicht\/wp-content\/uploads\/2015\/04\/Baerenklau_FL8_0575_C1.jpg\"><img loading=\"lazy\" decoding=\"async\" width=\"1200\" height=\"801\" src=\"https:\/\/liebke-foto.de\/maerkischeslicht\/wp-content\/uploads\/2015\/04\/Baerenklau_FL8_0575_C1.jpg\" alt=\"\" class=\"wp-image-2145\" srcset=\"https:\/\/liebke-foto.de\/maerkischeslicht\/wp-content\/uploads\/2015\/04\/Baerenklau_FL8_0575_C1.jpg 1200w, https:\/\/liebke-foto.de\/maerkischeslicht\/wp-content\/uploads\/2015\/04\/Baerenklau_FL8_0575_C1-1199x800.jpg 1199w\" sizes=\"auto, (max-width: 1200px) 100vw, 1200px\" \/><\/a><\/figure>\n<\/div>\n\n<div class=\"wp-block-image\">\n<figure class=\"aligncenter size-large\"><a href=\"https:\/\/liebke-foto.de\/maerkischeslicht\/wp-content\/uploads\/2015\/04\/Baerenklau_FL8_0574_C1.jpg\"><img loading=\"lazy\" decoding=\"async\" width=\"1200\" height=\"801\" src=\"https:\/\/liebke-foto.de\/maerkischeslicht\/wp-content\/uploads\/2015\/04\/Baerenklau_FL8_0574_C1.jpg\" alt=\"\" class=\"wp-image-2144\" srcset=\"https:\/\/liebke-foto.de\/maerkischeslicht\/wp-content\/uploads\/2015\/04\/Baerenklau_FL8_0574_C1.jpg 1200w, https:\/\/liebke-foto.de\/maerkischeslicht\/wp-content\/uploads\/2015\/04\/Baerenklau_FL8_0574_C1-1199x800.jpg 1199w\" sizes=\"auto, (max-width: 1200px) 100vw, 1200px\" \/><\/a><\/figure>\n<\/div>\n\n\n<div style=\"padding:20px\" class=\"wp-block-tnp-minimal\"><p>Subscribe to our newsletter!<\/p><div><div class=\"tnp tnp-subscription \">\n<form method=\"post\" action=\"https:\/\/liebke-foto.de\/maerkischeslicht\/wp-admin\/admin-ajax.php?action=tnp&amp;na=s\">\n<input type=\"hidden\" name=\"nlang\" value=\"\">\n<div class=\"tnp-field tnp-field-firstname\"><label for=\"tnp-1\">Vorname oder ganzer Name<\/label>\n<input class=\"tnp-name\" type=\"text\" name=\"nn\" id=\"tnp-1\" value=\"\" placeholder=\"\"><\/div>\n<div class=\"tnp-field tnp-field-email\"><label for=\"tnp-2\">Email<\/label>\n<input class=\"tnp-email\" type=\"email\" name=\"ne\" id=\"tnp-2\" value=\"\" placeholder=\"\" required><\/div>\n<div class=\"tnp-field tnp-privacy-field\"><label><input type=\"checkbox\" name=\"ny\" required class=\"tnp-privacy\"> Indem Du fortf\u00e4hrst, akzeptierst Du unsere Datenschutzerkl\u00e4rung.<\/label><\/div><div class=\"tnp-field tnp-field-button\" style=\"text-align: left\"><input class=\"tnp-submit\" type=\"submit\" value=\"Abonnieren\" style=\"\">\n<\/div>\n<\/form>\n<\/div>\n<\/div><\/div>\n\n\n\n\n","protected":false},"excerpt":{"rendered":"<p>Der heutige 1.April 2015, also genau ein Tag nach dem gro\u00dfen Orkan, war absolut &#8222;Aprilgerecht&#8220;, zumindest das Wetter. Fliegender Wechsel von glei\u00dfender Sonne&#8230;<\/p>\n","protected":false},"author":1,"featured_media":2139,"comment_status":"open","ping_status":"closed","sticky":false,"template":"","format":"image","meta":{"footnotes":""},"categories":[11,10,12],"tags":[],"class_list":["post-2138","post","type-post","status-publish","format-image","has-post-thumbnail","hentry","category-im-land-brandenburg-unterwegs","category-landschaft-mark-brandenburg-oberhavel-barnim","category-wildes-brandenburg","post_format-post-format-image"],"yoast_head":"<!-- This site is optimized with the Yoast SEO plugin v27.5 - https:\/\/yoast.com\/product\/yoast-seo-wordpress\/ -->\n<title>Nach dem gro\u00dfen Sturm - M\u00e4rkisches Licht - Der Fotograf der Stille<\/title>\n<meta name=\"description\" content=\"Nach dem gro\u00dfen Sturm in der Gemeinde Oberkr\u00e4mer\" \/>\n<meta name=\"robots\" content=\"index, follow, max-snippet:-1, max-image-preview:large, max-video-preview:-1\" \/>\n<link rel=\"canonical\" href=\"https:\/\/liebke-foto.de\/maerkischeslicht\/nach-dem-grossen-sturm\/\" \/>\n<meta property=\"og:locale\" content=\"de_DE\" \/>\n<meta property=\"og:type\" content=\"article\" \/>\n<meta property=\"og:title\" content=\"Nach dem gro\u00dfen Sturm - M\u00e4rkisches Licht - Der Fotograf der Stille\" \/>\n<meta property=\"og:description\" content=\"Nach dem gro\u00dfen Sturm in der Gemeinde Oberkr\u00e4mer\" \/>\n<meta property=\"og:url\" content=\"https:\/\/liebke-foto.de\/maerkischeslicht\/nach-dem-grossen-sturm\/\" \/>\n<meta property=\"og:site_name\" content=\"M\u00e4rkisches Licht - Der Fotograf der Stille\" \/>\n<meta property=\"article:published_time\" content=\"2015-04-01T16:12:30+00:00\" \/>\n<meta property=\"article:modified_time\" content=\"2022-07-03T21:26:28+00:00\" \/>\n<meta property=\"og:image\" content=\"https:\/\/liebke-foto.de\/maerkischeslicht\/wp-content\/uploads\/2015\/04\/1Baerenklau_FL8_0567_C1.jpg\" \/>\n\t<meta property=\"og:image:width\" content=\"1400\" \/>\n\t<meta property=\"og:image:height\" content=\"934\" \/>\n\t<meta property=\"og:image:type\" content=\"image\/jpeg\" \/>\n<meta name=\"author\" content=\"Frank Liebke\" \/>\n<meta name=\"twitter:card\" content=\"summary_large_image\" \/>\n<meta name=\"twitter:label1\" content=\"Verfasst von\" \/>\n\t<meta name=\"twitter:data1\" content=\"Frank Liebke\" \/>\n\t<meta name=\"twitter:label2\" content=\"Gesch\u00e4tzte Lesezeit\" \/>\n\t<meta name=\"twitter:data2\" content=\"3\u00a0Minuten\" \/>\n<script type=\"application\/ld+json\" class=\"yoast-schema-graph\">{\"@context\":\"https:\\\/\\\/schema.org\",\"@graph\":[{\"@type\":\"Article\",\"@id\":\"https:\\\/\\\/liebke-foto.de\\\/maerkischeslicht\\\/nach-dem-grossen-sturm\\\/#article\",\"isPartOf\":{\"@id\":\"https:\\\/\\\/liebke-foto.de\\\/maerkischeslicht\\\/nach-dem-grossen-sturm\\\/\"},\"author\":{\"name\":\"Frank Liebke\",\"@id\":\"https:\\\/\\\/liebke-foto.de\\\/maerkischeslicht\\\/#\\\/schema\\\/person\\\/d71108abc09a723daeeb8526a33137ee\"},\"headline\":\"Nach dem gro\u00dfen Sturm\",\"datePublished\":\"2015-04-01T16:12:30+00:00\",\"dateModified\":\"2022-07-03T21:26:28+00:00\",\"mainEntityOfPage\":{\"@id\":\"https:\\\/\\\/liebke-foto.de\\\/maerkischeslicht\\\/nach-dem-grossen-sturm\\\/\"},\"wordCount\":139,\"commentCount\":0,\"publisher\":{\"@id\":\"https:\\\/\\\/liebke-foto.de\\\/maerkischeslicht\\\/#\\\/schema\\\/person\\\/d71108abc09a723daeeb8526a33137ee\"},\"image\":{\"@id\":\"https:\\\/\\\/liebke-foto.de\\\/maerkischeslicht\\\/nach-dem-grossen-sturm\\\/#primaryimage\"},\"thumbnailUrl\":\"https:\\\/\\\/liebke-foto.de\\\/maerkischeslicht\\\/wp-content\\\/uploads\\\/2015\\\/04\\\/1Baerenklau_FL8_0567_C1.jpg\",\"articleSection\":[\"Im Land Brandenburg unterwegs\",\"Landschaft\",\"Wildes Brandenburg\"],\"inLanguage\":\"de\",\"potentialAction\":[{\"@type\":\"CommentAction\",\"name\":\"Comment\",\"target\":[\"https:\\\/\\\/liebke-foto.de\\\/maerkischeslicht\\\/nach-dem-grossen-sturm\\\/#respond\"]}]},{\"@type\":\"WebPage\",\"@id\":\"https:\\\/\\\/liebke-foto.de\\\/maerkischeslicht\\\/nach-dem-grossen-sturm\\\/\",\"url\":\"https:\\\/\\\/liebke-foto.de\\\/maerkischeslicht\\\/nach-dem-grossen-sturm\\\/\",\"name\":\"Nach dem gro\u00dfen Sturm - M\u00e4rkisches Licht - Der Fotograf der Stille\",\"isPartOf\":{\"@id\":\"https:\\\/\\\/liebke-foto.de\\\/maerkischeslicht\\\/#website\"},\"primaryImageOfPage\":{\"@id\":\"https:\\\/\\\/liebke-foto.de\\\/maerkischeslicht\\\/nach-dem-grossen-sturm\\\/#primaryimage\"},\"image\":{\"@id\":\"https:\\\/\\\/liebke-foto.de\\\/maerkischeslicht\\\/nach-dem-grossen-sturm\\\/#primaryimage\"},\"thumbnailUrl\":\"https:\\\/\\\/liebke-foto.de\\\/maerkischeslicht\\\/wp-content\\\/uploads\\\/2015\\\/04\\\/1Baerenklau_FL8_0567_C1.jpg\",\"datePublished\":\"2015-04-01T16:12:30+00:00\",\"dateModified\":\"2022-07-03T21:26:28+00:00\",\"description\":\"Nach dem gro\u00dfen Sturm in der Gemeinde Oberkr\u00e4mer\",\"breadcrumb\":{\"@id\":\"https:\\\/\\\/liebke-foto.de\\\/maerkischeslicht\\\/nach-dem-grossen-sturm\\\/#breadcrumb\"},\"inLanguage\":\"de\",\"potentialAction\":[{\"@type\":\"ReadAction\",\"target\":[\"https:\\\/\\\/liebke-foto.de\\\/maerkischeslicht\\\/nach-dem-grossen-sturm\\\/\"]}]},{\"@type\":\"ImageObject\",\"inLanguage\":\"de\",\"@id\":\"https:\\\/\\\/liebke-foto.de\\\/maerkischeslicht\\\/nach-dem-grossen-sturm\\\/#primaryimage\",\"url\":\"https:\\\/\\\/liebke-foto.de\\\/maerkischeslicht\\\/wp-content\\\/uploads\\\/2015\\\/04\\\/1Baerenklau_FL8_0567_C1.jpg\",\"contentUrl\":\"https:\\\/\\\/liebke-foto.de\\\/maerkischeslicht\\\/wp-content\\\/uploads\\\/2015\\\/04\\\/1Baerenklau_FL8_0567_C1.jpg\",\"width\":1400,\"height\":934},{\"@type\":\"BreadcrumbList\",\"@id\":\"https:\\\/\\\/liebke-foto.de\\\/maerkischeslicht\\\/nach-dem-grossen-sturm\\\/#breadcrumb\",\"itemListElement\":[{\"@type\":\"ListItem\",\"position\":1,\"name\":\"Startseite\",\"item\":\"https:\\\/\\\/liebke-foto.de\\\/maerkischeslicht\\\/\"},{\"@type\":\"ListItem\",\"position\":2,\"name\":\"Nach dem gro\u00dfen Sturm\"}]},{\"@type\":\"WebSite\",\"@id\":\"https:\\\/\\\/liebke-foto.de\\\/maerkischeslicht\\\/#website\",\"url\":\"https:\\\/\\\/liebke-foto.de\\\/maerkischeslicht\\\/\",\"name\":\"M\u00e4rkisches Licht - Der Fotograf der Stille\",\"description\":\"Die Liebe zum Leben...\",\"publisher\":{\"@id\":\"https:\\\/\\\/liebke-foto.de\\\/maerkischeslicht\\\/#\\\/schema\\\/person\\\/d71108abc09a723daeeb8526a33137ee\"},\"potentialAction\":[{\"@type\":\"SearchAction\",\"target\":{\"@type\":\"EntryPoint\",\"urlTemplate\":\"https:\\\/\\\/liebke-foto.de\\\/maerkischeslicht\\\/?s={search_term_string}\"},\"query-input\":{\"@type\":\"PropertyValueSpecification\",\"valueRequired\":true,\"valueName\":\"search_term_string\"}}],\"inLanguage\":\"de\"},{\"@type\":[\"Person\",\"Organization\"],\"@id\":\"https:\\\/\\\/liebke-foto.de\\\/maerkischeslicht\\\/#\\\/schema\\\/person\\\/d71108abc09a723daeeb8526a33137ee\",\"name\":\"Frank Liebke\",\"image\":{\"@type\":\"ImageObject\",\"inLanguage\":\"de\",\"@id\":\"https:\\\/\\\/liebke-foto.de\\\/maerkischeslicht\\\/wp-content\\\/uploads\\\/2021\\\/12\\\/IMG-20211024-WA0001.jpg\",\"url\":\"https:\\\/\\\/liebke-foto.de\\\/maerkischeslicht\\\/wp-content\\\/uploads\\\/2021\\\/12\\\/IMG-20211024-WA0001.jpg\",\"contentUrl\":\"https:\\\/\\\/liebke-foto.de\\\/maerkischeslicht\\\/wp-content\\\/uploads\\\/2021\\\/12\\\/IMG-20211024-WA0001.jpg\",\"width\":900,\"height\":1600,\"caption\":\"Frank Liebke\"},\"logo\":{\"@id\":\"https:\\\/\\\/liebke-foto.de\\\/maerkischeslicht\\\/wp-content\\\/uploads\\\/2021\\\/12\\\/IMG-20211024-WA0001.jpg\"},\"sameAs\":[\"https:\\\/\\\/liebke-foto.de\"],\"url\":\"https:\\\/\\\/liebke-foto.de\\\/maerkischeslicht\\\/author\\\/adminuser\\\/\"}]}<\/script>\n<!-- \/ Yoast SEO plugin. -->","yoast_head_json":{"title":"Nach dem gro\u00dfen Sturm - M\u00e4rkisches Licht - Der Fotograf der Stille","description":"Nach dem gro\u00dfen Sturm in der Gemeinde Oberkr\u00e4mer","robots":{"index":"index","follow":"follow","max-snippet":"max-snippet:-1","max-image-preview":"max-image-preview:large","max-video-preview":"max-video-preview:-1"},"canonical":"https:\/\/liebke-foto.de\/maerkischeslicht\/nach-dem-grossen-sturm\/","og_locale":"de_DE","og_type":"article","og_title":"Nach dem gro\u00dfen Sturm - M\u00e4rkisches Licht - Der Fotograf der Stille","og_description":"Nach dem gro\u00dfen Sturm in der Gemeinde Oberkr\u00e4mer","og_url":"https:\/\/liebke-foto.de\/maerkischeslicht\/nach-dem-grossen-sturm\/","og_site_name":"M\u00e4rkisches Licht - Der Fotograf der Stille","article_published_time":"2015-04-01T16:12:30+00:00","article_modified_time":"2022-07-03T21:26:28+00:00","og_image":[{"width":1400,"height":934,"url":"https:\/\/liebke-foto.de\/maerkischeslicht\/wp-content\/uploads\/2015\/04\/1Baerenklau_FL8_0567_C1.jpg","type":"image\/jpeg"}],"author":"Frank Liebke","twitter_card":"summary_large_image","twitter_misc":{"Verfasst von":"Frank Liebke","Gesch\u00e4tzte Lesezeit":"3\u00a0Minuten"},"schema":{"@context":"https:\/\/schema.org","@graph":[{"@type":"Article","@id":"https:\/\/liebke-foto.de\/maerkischeslicht\/nach-dem-grossen-sturm\/#article","isPartOf":{"@id":"https:\/\/liebke-foto.de\/maerkischeslicht\/nach-dem-grossen-sturm\/"},"author":{"name":"Frank Liebke","@id":"https:\/\/liebke-foto.de\/maerkischeslicht\/#\/schema\/person\/d71108abc09a723daeeb8526a33137ee"},"headline":"Nach dem gro\u00dfen Sturm","datePublished":"2015-04-01T16:12:30+00:00","dateModified":"2022-07-03T21:26:28+00:00","mainEntityOfPage":{"@id":"https:\/\/liebke-foto.de\/maerkischeslicht\/nach-dem-grossen-sturm\/"},"wordCount":139,"commentCount":0,"publisher":{"@id":"https:\/\/liebke-foto.de\/maerkischeslicht\/#\/schema\/person\/d71108abc09a723daeeb8526a33137ee"},"image":{"@id":"https:\/\/liebke-foto.de\/maerkischeslicht\/nach-dem-grossen-sturm\/#primaryimage"},"thumbnailUrl":"https:\/\/liebke-foto.de\/maerkischeslicht\/wp-content\/uploads\/2015\/04\/1Baerenklau_FL8_0567_C1.jpg","articleSection":["Im Land Brandenburg unterwegs","Landschaft","Wildes Brandenburg"],"inLanguage":"de","potentialAction":[{"@type":"CommentAction","name":"Comment","target":["https:\/\/liebke-foto.de\/maerkischeslicht\/nach-dem-grossen-sturm\/#respond"]}]},{"@type":"WebPage","@id":"https:\/\/liebke-foto.de\/maerkischeslicht\/nach-dem-grossen-sturm\/","url":"https:\/\/liebke-foto.de\/maerkischeslicht\/nach-dem-grossen-sturm\/","name":"Nach dem gro\u00dfen Sturm - M\u00e4rkisches Licht - Der Fotograf der Stille","isPartOf":{"@id":"https:\/\/liebke-foto.de\/maerkischeslicht\/#website"},"primaryImageOfPage":{"@id":"https:\/\/liebke-foto.de\/maerkischeslicht\/nach-dem-grossen-sturm\/#primaryimage"},"image":{"@id":"https:\/\/liebke-foto.de\/maerkischeslicht\/nach-dem-grossen-sturm\/#primaryimage"},"thumbnailUrl":"https:\/\/liebke-foto.de\/maerkischeslicht\/wp-content\/uploads\/2015\/04\/1Baerenklau_FL8_0567_C1.jpg","datePublished":"2015-04-01T16:12:30+00:00","dateModified":"2022-07-03T21:26:28+00:00","description":"Nach dem gro\u00dfen Sturm in der Gemeinde Oberkr\u00e4mer","breadcrumb":{"@id":"https:\/\/liebke-foto.de\/maerkischeslicht\/nach-dem-grossen-sturm\/#breadcrumb"},"inLanguage":"de","potentialAction":[{"@type":"ReadAction","target":["https:\/\/liebke-foto.de\/maerkischeslicht\/nach-dem-grossen-sturm\/"]}]},{"@type":"ImageObject","inLanguage":"de","@id":"https:\/\/liebke-foto.de\/maerkischeslicht\/nach-dem-grossen-sturm\/#primaryimage","url":"https:\/\/liebke-foto.de\/maerkischeslicht\/wp-content\/uploads\/2015\/04\/1Baerenklau_FL8_0567_C1.jpg","contentUrl":"https:\/\/liebke-foto.de\/maerkischeslicht\/wp-content\/uploads\/2015\/04\/1Baerenklau_FL8_0567_C1.jpg","width":1400,"height":934},{"@type":"BreadcrumbList","@id":"https:\/\/liebke-foto.de\/maerkischeslicht\/nach-dem-grossen-sturm\/#breadcrumb","itemListElement":[{"@type":"ListItem","position":1,"name":"Startseite","item":"https:\/\/liebke-foto.de\/maerkischeslicht\/"},{"@type":"ListItem","position":2,"name":"Nach dem gro\u00dfen Sturm"}]},{"@type":"WebSite","@id":"https:\/\/liebke-foto.de\/maerkischeslicht\/#website","url":"https:\/\/liebke-foto.de\/maerkischeslicht\/","name":"M\u00e4rkisches Licht - Der Fotograf der Stille","description":"Die Liebe zum Leben...","publisher":{"@id":"https:\/\/liebke-foto.de\/maerkischeslicht\/#\/schema\/person\/d71108abc09a723daeeb8526a33137ee"},"potentialAction":[{"@type":"SearchAction","target":{"@type":"EntryPoint","urlTemplate":"https:\/\/liebke-foto.de\/maerkischeslicht\/?s={search_term_string}"},"query-input":{"@type":"PropertyValueSpecification","valueRequired":true,"valueName":"search_term_string"}}],"inLanguage":"de"},{"@type":["Person","Organization"],"@id":"https:\/\/liebke-foto.de\/maerkischeslicht\/#\/schema\/person\/d71108abc09a723daeeb8526a33137ee","name":"Frank Liebke","image":{"@type":"ImageObject","inLanguage":"de","@id":"https:\/\/liebke-foto.de\/maerkischeslicht\/wp-content\/uploads\/2021\/12\/IMG-20211024-WA0001.jpg","url":"https:\/\/liebke-foto.de\/maerkischeslicht\/wp-content\/uploads\/2021\/12\/IMG-20211024-WA0001.jpg","contentUrl":"https:\/\/liebke-foto.de\/maerkischeslicht\/wp-content\/uploads\/2021\/12\/IMG-20211024-WA0001.jpg","width":900,"height":1600,"caption":"Frank Liebke"},"logo":{"@id":"https:\/\/liebke-foto.de\/maerkischeslicht\/wp-content\/uploads\/2021\/12\/IMG-20211024-WA0001.jpg"},"sameAs":["https:\/\/liebke-foto.de"],"url":"https:\/\/liebke-foto.de\/maerkischeslicht\/author\/adminuser\/"}]}},"_links":{"self":[{"href":"https:\/\/liebke-foto.de\/maerkischeslicht\/wp-json\/wp\/v2\/posts\/2138","targetHints":{"allow":["GET"]}}],"collection":[{"href":"https:\/\/liebke-foto.de\/maerkischeslicht\/wp-json\/wp\/v2\/posts"}],"about":[{"href":"https:\/\/liebke-foto.de\/maerkischeslicht\/wp-json\/wp\/v2\/types\/post"}],"author":[{"embeddable":true,"href":"https:\/\/liebke-foto.de\/maerkischeslicht\/wp-json\/wp\/v2\/users\/1"}],"replies":[{"embeddable":true,"href":"https:\/\/liebke-foto.de\/maerkischeslicht\/wp-json\/wp\/v2\/comments?post=2138"}],"version-history":[{"count":5,"href":"https:\/\/liebke-foto.de\/maerkischeslicht\/wp-json\/wp\/v2\/posts\/2138\/revisions"}],"predecessor-version":[{"id":6094,"href":"https:\/\/liebke-foto.de\/maerkischeslicht\/wp-json\/wp\/v2\/posts\/2138\/revisions\/6094"}],"wp:featuredmedia":[{"embeddable":true,"href":"https:\/\/liebke-foto.de\/maerkischeslicht\/wp-json\/wp\/v2\/media\/2139"}],"wp:attachment":[{"href":"https:\/\/liebke-foto.de\/maerkischeslicht\/wp-json\/wp\/v2\/media?parent=2138"}],"wp:term":[{"taxonomy":"category","embeddable":true,"href":"https:\/\/liebke-foto.de\/maerkischeslicht\/wp-json\/wp\/v2\/categories?post=2138"},{"taxonomy":"post_tag","embeddable":true,"href":"https:\/\/liebke-foto.de\/maerkischeslicht\/wp-json\/wp\/v2\/tags?post=2138"}],"curies":[{"name":"wp","href":"https:\/\/api.w.org\/{rel}","templated":true}]}}