{"id":2092,"date":"2015-03-23T19:16:00","date_gmt":"2015-03-23T17:16:00","guid":{"rendered":"http:\/\/liebke-foto.de\/maerkischeslicht\/?p=2092"},"modified":"2022-07-03T23:26:41","modified_gmt":"2022-07-03T21:26:41","slug":"linum-ein-sonntagmorgen-in-brandenburg","status":"publish","type":"post","link":"https:\/\/liebke-foto.de\/maerkischeslicht\/linum-ein-sonntagmorgen-in-brandenburg\/","title":{"rendered":"Linum &#8211; Ein Sonntagmorgen in Brandenburg"},"content":{"rendered":"\n<figure class=\"wp-block-image is-style-default\"><a href=\"https:\/\/liebke-foto.de\/maerkischeslicht\/wp-content\/uploads\/2015\/03\/Linum2015_FL8_9512_C1.jpg\"><img loading=\"lazy\" decoding=\"async\" width=\"1199\" height=\"800\" src=\"https:\/\/liebke-foto.de\/maerkischeslicht\/wp-content\/uploads\/2015\/03\/Linum2015_FL8_9512_C1-1199x800.jpg\" alt=\"Sonnenaufgang in der Teichlandschaft Linum, Brandenburg\" class=\"wp-image-2094\" srcset=\"https:\/\/liebke-foto.de\/maerkischeslicht\/wp-content\/uploads\/2015\/03\/Linum2015_FL8_9512_C1-1199x800.jpg 1199w, https:\/\/liebke-foto.de\/maerkischeslicht\/wp-content\/uploads\/2015\/03\/Linum2015_FL8_9512_C1.jpg 1400w\" sizes=\"auto, (max-width: 1199px) 100vw, 1199px\" \/><\/a><figcaption>Sonnenaufgang in der Teichlandschaft Linum, Brandenburg<\/figcaption><\/figure>\n\n\n\n<p>Fotografen sind eine ganz&nbsp;besondere Spezies des &#8222;verr\u00fcckten Menschen&#8220; auf unserem Planeten. Und wenn ich mal die Webseiten und Erlebnisberichte guter und anspruchsvoller Fotografen durchsehe f\u00fchle ich mich in bester Gesellschaft \ud83d\ude09 . Fotografie hei\u00dft im urspr\u00fcnglichem Sinn &#8222;Malen, Zeichnen mit Licht&#8220;. Und wenn die Bilder interessant sein sollen, muss man immer bereit sein f\u00fcr den Trip nach drau\u00dfen, wenn das Licht magisch wird. Und wenn es der heilige Sonntag ist. In Linum &#8211; Ein Sonntagmorgen in Brandenburg.<\/p>\n\n\n\n<p><br \/>Am Sonnabend Abend sah es so aus, als ob es f\u00fcr den n\u00e4chsten Morgen eine \u00dcberraschung geben w\u00fcrde, in zweierlei Hinsicht: Entweder wird der Himmel grau sein und es auch bleiben oder es bestand die 50% &#8211; Chance f\u00fcr spektakul\u00e4res Licht f\u00fcr eine kurze Zeit vor Sonnenaufgang und nachdem der Sonnenball \u00fcber die Horizontlinie geklettert ist. <\/p>\n\n\n\n<p>Schwierig ist es in unserem Brandenburg f\u00fcr so ein Lichtspektakel eine geeignete &#8222;B\u00fchne&#8220; zu finden. Ein erh\u00f6hter Standpunkt w\u00e4re dazu gut und es sollte dann aber auch ein gutes abwechslungsreiches Motivangebot geben. Berge (ich meine richtige Berge) sind rar, eigentlich nicht da. Und Aussichtspunkte werden eigenartigerweise oft da hingesetzt, wo es eigentlich nichts zu sehen gibt. Wie auch immer meine Entscheidung fiel auf die Linumer Teiche und ich sollte sie nicht bereuen!<\/p>\n\n\n\n<p>Wenn aber am Sonntag in aller Hergottsfr\u00fche der Wecker klingelt ist dass schon hart. Der Blick dann aus dem Fenster lie\u00df auch zweifeln, die 50%-Chance sah aus wie 100% Regen. Eigentlich keine richtige Lust. \ud83d\ude41 &nbsp;Wenn, ja wenn da nicht dieses Gef\u00fchl, diese Ahnung w\u00e4re.<\/p>\n\n\n\n<p><br \/>Na ja, rein in die Klamotten, der Fotorucksack steht sowieso immer gepackt und dann raus zur Garage. Und da sah ich die ersten untr\u00fcglichen Zeichen f\u00fcr einen grandiosen Morgen am Himmel. Ab nach Linum, aber gaaanz schnell!! Linum liegt von Oranienburg aus westlich, das hei\u00dft ich fahre eigentlich immer ins Dunkle, aber im R\u00fcckspiegel wurde es von Minute zu Minute immer spannender,von bl\u00e4ulich zu zartrosa \u00fcbergehend. <\/p>\n\n\n\n<p>Der Farbton immer noch mit einer geh\u00f6rigen Portion Schwarz vermischt, was mich doch beruhigt, denn das bedeutet, dass der Himmel heller scheint als er ist und die Sonnen noch etwas Zeit braucht. Genau wie ich, aber zum Gl\u00fcck waren wirklich alle Stra\u00dfen absolut leer. Denn sowas an einem Sonntag morgen macht man doch nicht. \ud83d\ude09 Mein Gl\u00fcck. \ud83d\ude42<\/p>\n\n\n\n<p>Trotzdem war ich keine Sekunde zu fr\u00fch da. Das spannendste Licht ist eigentlich, das &#8222;Spiegellicht&#8220;, etliche Minuten vor Sonnenaufgang oder nach Sonnenuntergang, zu erleben. Und Wolken m\u00fcssen dabei sein, die sind ja der Spiegel, auf den das Sonnenlicht schon vor dem Aufgang&nbsp;trifft. Und da ver\u00e4ndern sich die Farbnuancen min\u00fctlich. F\u00fcr Fotografen ist diese Zeitspanne Stress, denn man komponiert mit den verschiedensten Brennweiten st\u00e4ndig neue Motive. <\/p>\n\n\n\n<p>Dazu noch die schwierige Situation bei diesem herrschenden Sturm mit einem 400erter Tele (2,8\/70-200 + Konverter; danke Nikon, sauber neu justiert!) trotz Stativ unverwackelte Bilder zu bekommen. Sonnenblende hatte ich abgenommen (ist sonst wie ein Segel) und immer mit ge\u00f6ffneter Jacke vor den Wind beim Ausl\u00f6sen vor die Kamera als &#8222;Windschutz&#8220; gestellt. Sah sicher am\u00fcsant aus, war aber saukalt \ud83d\ude09 . Der Kontrollblick bei 100% auf dem Monitor beruhigte dann vollkommen, hat alles super gepasst! <\/p>\n\n\n\n<p>F\u00fcr meine ganze Bildserie hatte ich genau eine knappe Stunde Zeit, dann hatten die Wolken gewonnen und die Sonne wieder verdeckt, aber was f\u00fcr eine knappe Stunde! Ich war seelig, super Bilder mit 36 Megapixel! Davon kann man super scharfe und riesige Vergr\u00f6\u00dferungen drucken lassen. Und ich hoffe, meine Bildagentur wird auch was davon aussuchen. Aber das Wichtigste ist dabei das Erlebnis, der Wind, die frische Luft! <\/p>\n\n\n\n<p>Und alles was man h\u00f6rt sind die verschiedensten Laute irgendwelcher gefiederten Zeitgenossen. Als der Sonnenball \u00fcber den Horizont lugte flogen Schw\u00e4rme auf, ohne einen Ton von sich zu geben. Als ob sie nach der langen kalten Nacht den anbrechenden Tag erst einmal in stiller Ergebenheit feierten. Und dann&nbsp;hallte wieder von allen Seiten der Teiche das bekannte Geschrei der G\u00e4nse und der ganzen anderen gefiederten Bewohner wider. So m\u00f6chte ich am liebsten immer den Sonntag beginnen&#8230;<\/p>\n\n\n\n<p>Nachfolgend in der Galerie ein bildm\u00e4\u00dfiger Ablauf der &#8222;Sonnenwanderung&#8220; an diesem sch\u00f6nen Morgen, einfach draufklicken und per Finger (Phone, Tablet) oder Pfeiltasten\/Mouse navigieren:<\/p>\n\n\n<div class=\"wp-block-image\">\n<figure class=\"aligncenter size-large\"><a href=\"https:\/\/liebke-foto.de\/maerkischeslicht\/wp-content\/uploads\/2015\/03\/Linum2015_FL8_9528_C1.jpg\"><img loading=\"lazy\" decoding=\"async\" width=\"1400\" height=\"934\" src=\"https:\/\/liebke-foto.de\/maerkischeslicht\/wp-content\/uploads\/2015\/03\/Linum2015_FL8_9528_C1.jpg\" alt=\"Linum - Ein Sonntagmorgen in Brandenburg\" class=\"wp-image-2095\" srcset=\"https:\/\/liebke-foto.de\/maerkischeslicht\/wp-content\/uploads\/2015\/03\/Linum2015_FL8_9528_C1.jpg 1400w, https:\/\/liebke-foto.de\/maerkischeslicht\/wp-content\/uploads\/2015\/03\/Linum2015_FL8_9528_C1-1199x800.jpg 1199w\" sizes=\"auto, (max-width: 1400px) 100vw, 1400px\" \/><\/a><figcaption>Linum &#8211; Ein Sonntagmorgen in Brandenburg<\/figcaption><\/figure>\n<\/div>\n\n<div class=\"wp-block-image\">\n<figure class=\"aligncenter size-large\"><a href=\"https:\/\/liebke-foto.de\/maerkischeslicht\/wp-content\/uploads\/2015\/03\/Linum2015_FL8_9551_C1.jpg\"><img loading=\"lazy\" decoding=\"async\" width=\"1400\" height=\"934\" src=\"https:\/\/liebke-foto.de\/maerkischeslicht\/wp-content\/uploads\/2015\/03\/Linum2015_FL8_9551_C1.jpg\" alt=\"\" class=\"wp-image-2097\" srcset=\"https:\/\/liebke-foto.de\/maerkischeslicht\/wp-content\/uploads\/2015\/03\/Linum2015_FL8_9551_C1.jpg 1400w, https:\/\/liebke-foto.de\/maerkischeslicht\/wp-content\/uploads\/2015\/03\/Linum2015_FL8_9551_C1-1199x800.jpg 1199w\" sizes=\"auto, (max-width: 1400px) 100vw, 1400px\" \/><\/a><\/figure>\n<\/div>\n\n<div class=\"wp-block-image\">\n<figure class=\"aligncenter size-large\"><a href=\"https:\/\/liebke-foto.de\/maerkischeslicht\/wp-content\/uploads\/2015\/03\/Linum2015_FL8_9571_C1.jpg\"><img loading=\"lazy\" decoding=\"async\" width=\"1400\" height=\"934\" src=\"https:\/\/liebke-foto.de\/maerkischeslicht\/wp-content\/uploads\/2015\/03\/Linum2015_FL8_9571_C1.jpg\" alt=\"\" class=\"wp-image-2099\" srcset=\"https:\/\/liebke-foto.de\/maerkischeslicht\/wp-content\/uploads\/2015\/03\/Linum2015_FL8_9571_C1.jpg 1400w, https:\/\/liebke-foto.de\/maerkischeslicht\/wp-content\/uploads\/2015\/03\/Linum2015_FL8_9571_C1-1199x800.jpg 1199w\" sizes=\"auto, (max-width: 1400px) 100vw, 1400px\" \/><\/a><\/figure>\n<\/div>\n\n<div class=\"wp-block-image\">\n<figure class=\"aligncenter size-large\"><a href=\"https:\/\/liebke-foto.de\/maerkischeslicht\/wp-content\/uploads\/2015\/03\/Linum2015_FL8_9577_C1.jpg\"><img loading=\"lazy\" decoding=\"async\" width=\"1400\" height=\"934\" src=\"https:\/\/liebke-foto.de\/maerkischeslicht\/wp-content\/uploads\/2015\/03\/Linum2015_FL8_9577_C1.jpg\" alt=\"\" class=\"wp-image-2100\" srcset=\"https:\/\/liebke-foto.de\/maerkischeslicht\/wp-content\/uploads\/2015\/03\/Linum2015_FL8_9577_C1.jpg 1400w, https:\/\/liebke-foto.de\/maerkischeslicht\/wp-content\/uploads\/2015\/03\/Linum2015_FL8_9577_C1-1199x800.jpg 1199w\" sizes=\"auto, (max-width: 1400px) 100vw, 1400px\" \/><\/a><\/figure>\n<\/div>\n\n<div class=\"wp-block-image\">\n<figure class=\"aligncenter size-large\"><a href=\"https:\/\/liebke-foto.de\/maerkischeslicht\/wp-content\/uploads\/2015\/03\/Linum2015_FL8_9558_C1.jpg\"><img loading=\"lazy\" decoding=\"async\" width=\"1400\" height=\"934\" src=\"https:\/\/liebke-foto.de\/maerkischeslicht\/wp-content\/uploads\/2015\/03\/Linum2015_FL8_9558_C1.jpg\" alt=\"\" class=\"wp-image-2098\" srcset=\"https:\/\/liebke-foto.de\/maerkischeslicht\/wp-content\/uploads\/2015\/03\/Linum2015_FL8_9558_C1.jpg 1400w, https:\/\/liebke-foto.de\/maerkischeslicht\/wp-content\/uploads\/2015\/03\/Linum2015_FL8_9558_C1-1199x800.jpg 1199w\" sizes=\"auto, (max-width: 1400px) 100vw, 1400px\" \/><\/a><\/figure>\n<\/div>\n\n<div class=\"wp-block-image\">\n<figure class=\"aligncenter size-large\"><a href=\"https:\/\/liebke-foto.de\/maerkischeslicht\/wp-content\/uploads\/2015\/03\/Linum2015_FL8_9542_C1.jpg\"><img loading=\"lazy\" decoding=\"async\" width=\"1400\" height=\"934\" src=\"https:\/\/liebke-foto.de\/maerkischeslicht\/wp-content\/uploads\/2015\/03\/Linum2015_FL8_9542_C1.jpg\" alt=\"\" class=\"wp-image-2096\" srcset=\"https:\/\/liebke-foto.de\/maerkischeslicht\/wp-content\/uploads\/2015\/03\/Linum2015_FL8_9542_C1.jpg 1400w, https:\/\/liebke-foto.de\/maerkischeslicht\/wp-content\/uploads\/2015\/03\/Linum2015_FL8_9542_C1-1199x800.jpg 1199w\" sizes=\"auto, (max-width: 1400px) 100vw, 1400px\" \/><\/a><\/figure>\n<\/div>\n\n<div class=\"wp-block-image\">\n<figure class=\"aligncenter size-large\"><a href=\"https:\/\/liebke-foto.de\/maerkischeslicht\/wp-content\/uploads\/2015\/03\/Linum2015_FL8_9584_C1.jpg\"><img loading=\"lazy\" decoding=\"async\" width=\"1400\" height=\"934\" src=\"https:\/\/liebke-foto.de\/maerkischeslicht\/wp-content\/uploads\/2015\/03\/Linum2015_FL8_9584_C1.jpg\" alt=\"\" class=\"wp-image-2101\" srcset=\"https:\/\/liebke-foto.de\/maerkischeslicht\/wp-content\/uploads\/2015\/03\/Linum2015_FL8_9584_C1.jpg 1400w, https:\/\/liebke-foto.de\/maerkischeslicht\/wp-content\/uploads\/2015\/03\/Linum2015_FL8_9584_C1-1199x800.jpg 1199w\" sizes=\"auto, (max-width: 1400px) 100vw, 1400px\" \/><\/a><\/figure>\n<\/div>\n\n<div class=\"wp-block-image\">\n<figure class=\"aligncenter size-large\"><a href=\"https:\/\/liebke-foto.de\/maerkischeslicht\/wp-content\/uploads\/2015\/03\/Linum2015_FL8_9590_C1.jpg\"><img loading=\"lazy\" decoding=\"async\" width=\"1400\" height=\"934\" src=\"https:\/\/liebke-foto.de\/maerkischeslicht\/wp-content\/uploads\/2015\/03\/Linum2015_FL8_9590_C1.jpg\" alt=\"\" class=\"wp-image-2102\" srcset=\"https:\/\/liebke-foto.de\/maerkischeslicht\/wp-content\/uploads\/2015\/03\/Linum2015_FL8_9590_C1.jpg 1400w, https:\/\/liebke-foto.de\/maerkischeslicht\/wp-content\/uploads\/2015\/03\/Linum2015_FL8_9590_C1-1199x800.jpg 1199w\" sizes=\"auto, (max-width: 1400px) 100vw, 1400px\" \/><\/a><\/figure>\n<\/div>\n\n<div class=\"wp-block-image\">\n<figure class=\"aligncenter size-large\"><a href=\"https:\/\/liebke-foto.de\/maerkischeslicht\/wp-content\/uploads\/2015\/03\/Linum2015_FL8_9601_C1.jpg\"><img loading=\"lazy\" decoding=\"async\" width=\"1400\" height=\"934\" src=\"https:\/\/liebke-foto.de\/maerkischeslicht\/wp-content\/uploads\/2015\/03\/Linum2015_FL8_9601_C1.jpg\" alt=\"\" class=\"wp-image-2103\" srcset=\"https:\/\/liebke-foto.de\/maerkischeslicht\/wp-content\/uploads\/2015\/03\/Linum2015_FL8_9601_C1.jpg 1400w, https:\/\/liebke-foto.de\/maerkischeslicht\/wp-content\/uploads\/2015\/03\/Linum2015_FL8_9601_C1-1199x800.jpg 1199w\" sizes=\"auto, (max-width: 1400px) 100vw, 1400px\" \/><\/a><\/figure>\n<\/div>\n\n<div class=\"wp-block-image\">\n<figure class=\"aligncenter size-large\"><a href=\"https:\/\/liebke-foto.de\/maerkischeslicht\/wp-content\/uploads\/2015\/03\/Linum2015_FL8_9617_C1.jpg\"><img loading=\"lazy\" decoding=\"async\" width=\"1400\" height=\"934\" src=\"https:\/\/liebke-foto.de\/maerkischeslicht\/wp-content\/uploads\/2015\/03\/Linum2015_FL8_9617_C1.jpg\" alt=\"\" class=\"wp-image-2104\" srcset=\"https:\/\/liebke-foto.de\/maerkischeslicht\/wp-content\/uploads\/2015\/03\/Linum2015_FL8_9617_C1.jpg 1400w, https:\/\/liebke-foto.de\/maerkischeslicht\/wp-content\/uploads\/2015\/03\/Linum2015_FL8_9617_C1-1199x800.jpg 1199w\" sizes=\"auto, (max-width: 1400px) 100vw, 1400px\" \/><\/a><\/figure>\n<\/div>\n\n<div class=\"wp-block-image\">\n<figure class=\"aligncenter size-large\"><a href=\"https:\/\/liebke-foto.de\/maerkischeslicht\/wp-content\/uploads\/2015\/03\/Linum2015_FL8_9625_C1.jpg\"><img loading=\"lazy\" decoding=\"async\" width=\"1400\" height=\"934\" src=\"https:\/\/liebke-foto.de\/maerkischeslicht\/wp-content\/uploads\/2015\/03\/Linum2015_FL8_9625_C1.jpg\" alt=\"\" class=\"wp-image-2105\" srcset=\"https:\/\/liebke-foto.de\/maerkischeslicht\/wp-content\/uploads\/2015\/03\/Linum2015_FL8_9625_C1.jpg 1400w, https:\/\/liebke-foto.de\/maerkischeslicht\/wp-content\/uploads\/2015\/03\/Linum2015_FL8_9625_C1-1199x800.jpg 1199w\" sizes=\"auto, (max-width: 1400px) 100vw, 1400px\" \/><\/a><\/figure>\n<\/div>\n\n<div class=\"wp-block-image\">\n<figure class=\"aligncenter size-large\"><a href=\"https:\/\/liebke-foto.de\/maerkischeslicht\/wp-content\/uploads\/2015\/03\/Linum2015_FL8_9635_C1.jpg\"><img loading=\"lazy\" decoding=\"async\" width=\"1400\" height=\"934\" src=\"https:\/\/liebke-foto.de\/maerkischeslicht\/wp-content\/uploads\/2015\/03\/Linum2015_FL8_9635_C1.jpg\" alt=\"\" class=\"wp-image-2106\" srcset=\"https:\/\/liebke-foto.de\/maerkischeslicht\/wp-content\/uploads\/2015\/03\/Linum2015_FL8_9635_C1.jpg 1400w, https:\/\/liebke-foto.de\/maerkischeslicht\/wp-content\/uploads\/2015\/03\/Linum2015_FL8_9635_C1-1199x800.jpg 1199w\" sizes=\"auto, (max-width: 1400px) 100vw, 1400px\" \/><\/a><\/figure>\n<\/div>\n\n<div class=\"wp-block-image\">\n<figure class=\"aligncenter size-large\"><a href=\"https:\/\/liebke-foto.de\/maerkischeslicht\/wp-content\/uploads\/2015\/03\/Linum2015_FL8_9651_C1.jpg\"><img loading=\"lazy\" decoding=\"async\" width=\"1400\" height=\"934\" src=\"https:\/\/liebke-foto.de\/maerkischeslicht\/wp-content\/uploads\/2015\/03\/Linum2015_FL8_9651_C1.jpg\" alt=\"\" class=\"wp-image-2107\" srcset=\"https:\/\/liebke-foto.de\/maerkischeslicht\/wp-content\/uploads\/2015\/03\/Linum2015_FL8_9651_C1.jpg 1400w, https:\/\/liebke-foto.de\/maerkischeslicht\/wp-content\/uploads\/2015\/03\/Linum2015_FL8_9651_C1-1199x800.jpg 1199w\" sizes=\"auto, (max-width: 1400px) 100vw, 1400px\" \/><\/a><\/figure>\n<\/div>\n\n<div class=\"wp-block-image\">\n<figure class=\"aligncenter size-large\"><a href=\"https:\/\/liebke-foto.de\/maerkischeslicht\/wp-content\/uploads\/2015\/03\/Linum2015_FL8_9657_C1.jpg\"><img loading=\"lazy\" decoding=\"async\" width=\"1400\" height=\"934\" src=\"https:\/\/liebke-foto.de\/maerkischeslicht\/wp-content\/uploads\/2015\/03\/Linum2015_FL8_9657_C1.jpg\" alt=\"\" class=\"wp-image-2108\" srcset=\"https:\/\/liebke-foto.de\/maerkischeslicht\/wp-content\/uploads\/2015\/03\/Linum2015_FL8_9657_C1.jpg 1400w, https:\/\/liebke-foto.de\/maerkischeslicht\/wp-content\/uploads\/2015\/03\/Linum2015_FL8_9657_C1-1199x800.jpg 1199w\" sizes=\"auto, (max-width: 1400px) 100vw, 1400px\" \/><\/a><\/figure>\n<\/div>\n\n<div class=\"wp-block-image\">\n<figure class=\"aligncenter size-large\"><a href=\"https:\/\/liebke-foto.de\/maerkischeslicht\/wp-content\/uploads\/2015\/03\/Linum2015_FL8_9782_C1.jpg\"><img loading=\"lazy\" decoding=\"async\" width=\"1400\" height=\"934\" src=\"https:\/\/liebke-foto.de\/maerkischeslicht\/wp-content\/uploads\/2015\/03\/Linum2015_FL8_9782_C1.jpg\" alt=\"Linum - Ein Sonntagmorgen in Brandenburg\" class=\"wp-image-2109\" srcset=\"https:\/\/liebke-foto.de\/maerkischeslicht\/wp-content\/uploads\/2015\/03\/Linum2015_FL8_9782_C1.jpg 1400w, https:\/\/liebke-foto.de\/maerkischeslicht\/wp-content\/uploads\/2015\/03\/Linum2015_FL8_9782_C1-1199x800.jpg 1199w\" sizes=\"auto, (max-width: 1400px) 100vw, 1400px\" \/><\/a><figcaption>Linum &#8211; Ein Sonntagmorgen in Brandenburg<\/figcaption><\/figure>\n<\/div>\n\n\n<div style=\"padding:20px\" class=\"wp-block-tnp-minimal\"><p>Subscribe to our newsletter!<\/p><div><div class=\"tnp tnp-subscription \">\n<form method=\"post\" action=\"https:\/\/liebke-foto.de\/maerkischeslicht\/wp-admin\/admin-ajax.php?action=tnp&amp;na=s\">\n<input type=\"hidden\" name=\"nlang\" value=\"\">\n<div class=\"tnp-field tnp-field-firstname\"><label for=\"tnp-1\">Vorname oder ganzer Name<\/label>\n<input class=\"tnp-name\" type=\"text\" name=\"nn\" id=\"tnp-1\" value=\"\" placeholder=\"\"><\/div>\n<div class=\"tnp-field tnp-field-email\"><label for=\"tnp-2\">Email<\/label>\n<input class=\"tnp-email\" type=\"email\" name=\"ne\" id=\"tnp-2\" value=\"\" placeholder=\"\" required><\/div>\n<div class=\"tnp-field tnp-privacy-field\"><label><input type=\"checkbox\" name=\"ny\" required class=\"tnp-privacy\"> Indem Du fortf\u00e4hrst, akzeptierst Du unsere Datenschutzerkl\u00e4rung.<\/label><\/div><div class=\"tnp-field tnp-field-button\" style=\"text-align: left\"><input class=\"tnp-submit\" type=\"submit\" value=\"Abonnieren\" style=\"\">\n<\/div>\n<\/form>\n<\/div>\n<\/div><\/div>\n\n\n\n\n","protected":false},"excerpt":{"rendered":"<p>Linum, Brandenburg<\/p>\n","protected":false},"author":1,"featured_media":2101,"comment_status":"open","ping_status":"closed","sticky":false,"template":"","format":"image","meta":{"footnotes":""},"categories":[11,66,10,12],"tags":[],"class_list":["post-2092","post","type-post","status-publish","format-image","has-post-thumbnail","hentry","category-im-land-brandenburg-unterwegs","category-landpartie","category-landschaft-mark-brandenburg-oberhavel-barnim","category-wildes-brandenburg","post_format-post-format-image"],"yoast_head":"<!-- This site is optimized with the Yoast SEO plugin v27.5 - https:\/\/yoast.com\/product\/yoast-seo-wordpress\/ -->\n<title>Linum - Ein Sonntagmorgen in Brandenburg - M\u00e4rkisches Licht - Der Fotograf der Stille<\/title>\n<meta name=\"description\" content=\"Linum - Ein Sonntagmorgen in Brandenburg. Ein Lichtspektakel vom Feinsten zum kalten Sonnenaufgang im Linumer Teichgebiet.\" \/>\n<meta name=\"robots\" content=\"index, follow, max-snippet:-1, max-image-preview:large, max-video-preview:-1\" \/>\n<link rel=\"canonical\" href=\"https:\/\/liebke-foto.de\/maerkischeslicht\/linum-ein-sonntagmorgen-in-brandenburg\/\" \/>\n<meta property=\"og:locale\" content=\"de_DE\" \/>\n<meta property=\"og:type\" content=\"article\" \/>\n<meta property=\"og:title\" content=\"Linum - Ein Sonntagmorgen in Brandenburg - M\u00e4rkisches Licht - Der Fotograf der Stille\" \/>\n<meta property=\"og:description\" content=\"Linum - Ein Sonntagmorgen in Brandenburg. Ein Lichtspektakel vom Feinsten zum kalten Sonnenaufgang im Linumer Teichgebiet.\" \/>\n<meta property=\"og:url\" content=\"https:\/\/liebke-foto.de\/maerkischeslicht\/linum-ein-sonntagmorgen-in-brandenburg\/\" \/>\n<meta property=\"og:site_name\" content=\"M\u00e4rkisches Licht - Der Fotograf der Stille\" \/>\n<meta property=\"article:published_time\" content=\"2015-03-23T17:16:00+00:00\" \/>\n<meta property=\"article:modified_time\" content=\"2022-07-03T21:26:41+00:00\" \/>\n<meta property=\"og:image\" content=\"https:\/\/liebke-foto.de\/maerkischeslicht\/wp-content\/uploads\/2015\/03\/Linum2015_FL8_9584_C1.jpg\" \/>\n\t<meta property=\"og:image:width\" content=\"1400\" \/>\n\t<meta property=\"og:image:height\" content=\"934\" \/>\n\t<meta property=\"og:image:type\" content=\"image\/jpeg\" \/>\n<meta name=\"author\" content=\"Frank Liebke\" \/>\n<meta name=\"twitter:card\" content=\"summary_large_image\" \/>\n<meta name=\"twitter:label1\" content=\"Verfasst von\" \/>\n\t<meta name=\"twitter:data1\" content=\"Frank Liebke\" \/>\n\t<meta name=\"twitter:label2\" content=\"Gesch\u00e4tzte Lesezeit\" \/>\n\t<meta name=\"twitter:data2\" content=\"8\u00a0Minuten\" \/>\n<script type=\"application\/ld+json\" class=\"yoast-schema-graph\">{\"@context\":\"https:\\\/\\\/schema.org\",\"@graph\":[{\"@type\":\"Article\",\"@id\":\"https:\\\/\\\/liebke-foto.de\\\/maerkischeslicht\\\/linum-ein-sonntagmorgen-in-brandenburg\\\/#article\",\"isPartOf\":{\"@id\":\"https:\\\/\\\/liebke-foto.de\\\/maerkischeslicht\\\/linum-ein-sonntagmorgen-in-brandenburg\\\/\"},\"author\":{\"name\":\"Frank Liebke\",\"@id\":\"https:\\\/\\\/liebke-foto.de\\\/maerkischeslicht\\\/#\\\/schema\\\/person\\\/d71108abc09a723daeeb8526a33137ee\"},\"headline\":\"Linum &#8211; Ein Sonntagmorgen in Brandenburg\",\"datePublished\":\"2015-03-23T17:16:00+00:00\",\"dateModified\":\"2022-07-03T21:26:41+00:00\",\"mainEntityOfPage\":{\"@id\":\"https:\\\/\\\/liebke-foto.de\\\/maerkischeslicht\\\/linum-ein-sonntagmorgen-in-brandenburg\\\/\"},\"wordCount\":752,\"commentCount\":0,\"publisher\":{\"@id\":\"https:\\\/\\\/liebke-foto.de\\\/maerkischeslicht\\\/#\\\/schema\\\/person\\\/d71108abc09a723daeeb8526a33137ee\"},\"image\":{\"@id\":\"https:\\\/\\\/liebke-foto.de\\\/maerkischeslicht\\\/linum-ein-sonntagmorgen-in-brandenburg\\\/#primaryimage\"},\"thumbnailUrl\":\"https:\\\/\\\/liebke-foto.de\\\/maerkischeslicht\\\/wp-content\\\/uploads\\\/2015\\\/03\\\/Linum2015_FL8_9584_C1.jpg\",\"articleSection\":[\"Im Land Brandenburg unterwegs\",\"LANDpartie, unterwegs in der Mark Brandenburg\",\"Landschaft\",\"Wildes Brandenburg\"],\"inLanguage\":\"de\",\"potentialAction\":[{\"@type\":\"CommentAction\",\"name\":\"Comment\",\"target\":[\"https:\\\/\\\/liebke-foto.de\\\/maerkischeslicht\\\/linum-ein-sonntagmorgen-in-brandenburg\\\/#respond\"]}]},{\"@type\":\"WebPage\",\"@id\":\"https:\\\/\\\/liebke-foto.de\\\/maerkischeslicht\\\/linum-ein-sonntagmorgen-in-brandenburg\\\/\",\"url\":\"https:\\\/\\\/liebke-foto.de\\\/maerkischeslicht\\\/linum-ein-sonntagmorgen-in-brandenburg\\\/\",\"name\":\"Linum - Ein Sonntagmorgen in Brandenburg - M\u00e4rkisches Licht - Der Fotograf der Stille\",\"isPartOf\":{\"@id\":\"https:\\\/\\\/liebke-foto.de\\\/maerkischeslicht\\\/#website\"},\"primaryImageOfPage\":{\"@id\":\"https:\\\/\\\/liebke-foto.de\\\/maerkischeslicht\\\/linum-ein-sonntagmorgen-in-brandenburg\\\/#primaryimage\"},\"image\":{\"@id\":\"https:\\\/\\\/liebke-foto.de\\\/maerkischeslicht\\\/linum-ein-sonntagmorgen-in-brandenburg\\\/#primaryimage\"},\"thumbnailUrl\":\"https:\\\/\\\/liebke-foto.de\\\/maerkischeslicht\\\/wp-content\\\/uploads\\\/2015\\\/03\\\/Linum2015_FL8_9584_C1.jpg\",\"datePublished\":\"2015-03-23T17:16:00+00:00\",\"dateModified\":\"2022-07-03T21:26:41+00:00\",\"description\":\"Linum - Ein Sonntagmorgen in Brandenburg. Ein Lichtspektakel vom Feinsten zum kalten Sonnenaufgang im Linumer Teichgebiet.\",\"breadcrumb\":{\"@id\":\"https:\\\/\\\/liebke-foto.de\\\/maerkischeslicht\\\/linum-ein-sonntagmorgen-in-brandenburg\\\/#breadcrumb\"},\"inLanguage\":\"de\",\"potentialAction\":[{\"@type\":\"ReadAction\",\"target\":[\"https:\\\/\\\/liebke-foto.de\\\/maerkischeslicht\\\/linum-ein-sonntagmorgen-in-brandenburg\\\/\"]}]},{\"@type\":\"ImageObject\",\"inLanguage\":\"de\",\"@id\":\"https:\\\/\\\/liebke-foto.de\\\/maerkischeslicht\\\/linum-ein-sonntagmorgen-in-brandenburg\\\/#primaryimage\",\"url\":\"https:\\\/\\\/liebke-foto.de\\\/maerkischeslicht\\\/wp-content\\\/uploads\\\/2015\\\/03\\\/Linum2015_FL8_9584_C1.jpg\",\"contentUrl\":\"https:\\\/\\\/liebke-foto.de\\\/maerkischeslicht\\\/wp-content\\\/uploads\\\/2015\\\/03\\\/Linum2015_FL8_9584_C1.jpg\",\"width\":1400,\"height\":934,\"caption\":\"Linum, Brandenburg\"},{\"@type\":\"BreadcrumbList\",\"@id\":\"https:\\\/\\\/liebke-foto.de\\\/maerkischeslicht\\\/linum-ein-sonntagmorgen-in-brandenburg\\\/#breadcrumb\",\"itemListElement\":[{\"@type\":\"ListItem\",\"position\":1,\"name\":\"Startseite\",\"item\":\"https:\\\/\\\/liebke-foto.de\\\/maerkischeslicht\\\/\"},{\"@type\":\"ListItem\",\"position\":2,\"name\":\"Linum &#8211; Ein Sonntagmorgen in Brandenburg\"}]},{\"@type\":\"WebSite\",\"@id\":\"https:\\\/\\\/liebke-foto.de\\\/maerkischeslicht\\\/#website\",\"url\":\"https:\\\/\\\/liebke-foto.de\\\/maerkischeslicht\\\/\",\"name\":\"M\u00e4rkisches Licht - Der Fotograf der Stille\",\"description\":\"Die Liebe zum Leben...\",\"publisher\":{\"@id\":\"https:\\\/\\\/liebke-foto.de\\\/maerkischeslicht\\\/#\\\/schema\\\/person\\\/d71108abc09a723daeeb8526a33137ee\"},\"potentialAction\":[{\"@type\":\"SearchAction\",\"target\":{\"@type\":\"EntryPoint\",\"urlTemplate\":\"https:\\\/\\\/liebke-foto.de\\\/maerkischeslicht\\\/?s={search_term_string}\"},\"query-input\":{\"@type\":\"PropertyValueSpecification\",\"valueRequired\":true,\"valueName\":\"search_term_string\"}}],\"inLanguage\":\"de\"},{\"@type\":[\"Person\",\"Organization\"],\"@id\":\"https:\\\/\\\/liebke-foto.de\\\/maerkischeslicht\\\/#\\\/schema\\\/person\\\/d71108abc09a723daeeb8526a33137ee\",\"name\":\"Frank Liebke\",\"image\":{\"@type\":\"ImageObject\",\"inLanguage\":\"de\",\"@id\":\"https:\\\/\\\/liebke-foto.de\\\/maerkischeslicht\\\/wp-content\\\/uploads\\\/2021\\\/12\\\/IMG-20211024-WA0001.jpg\",\"url\":\"https:\\\/\\\/liebke-foto.de\\\/maerkischeslicht\\\/wp-content\\\/uploads\\\/2021\\\/12\\\/IMG-20211024-WA0001.jpg\",\"contentUrl\":\"https:\\\/\\\/liebke-foto.de\\\/maerkischeslicht\\\/wp-content\\\/uploads\\\/2021\\\/12\\\/IMG-20211024-WA0001.jpg\",\"width\":900,\"height\":1600,\"caption\":\"Frank Liebke\"},\"logo\":{\"@id\":\"https:\\\/\\\/liebke-foto.de\\\/maerkischeslicht\\\/wp-content\\\/uploads\\\/2021\\\/12\\\/IMG-20211024-WA0001.jpg\"},\"sameAs\":[\"https:\\\/\\\/liebke-foto.de\"],\"url\":\"https:\\\/\\\/liebke-foto.de\\\/maerkischeslicht\\\/author\\\/adminuser\\\/\"}]}<\/script>\n<!-- \/ Yoast SEO plugin. -->","yoast_head_json":{"title":"Linum - Ein Sonntagmorgen in Brandenburg - M\u00e4rkisches Licht - Der Fotograf der Stille","description":"Linum - Ein Sonntagmorgen in Brandenburg. Ein Lichtspektakel vom Feinsten zum kalten Sonnenaufgang im Linumer Teichgebiet.","robots":{"index":"index","follow":"follow","max-snippet":"max-snippet:-1","max-image-preview":"max-image-preview:large","max-video-preview":"max-video-preview:-1"},"canonical":"https:\/\/liebke-foto.de\/maerkischeslicht\/linum-ein-sonntagmorgen-in-brandenburg\/","og_locale":"de_DE","og_type":"article","og_title":"Linum - Ein Sonntagmorgen in Brandenburg - M\u00e4rkisches Licht - Der Fotograf der Stille","og_description":"Linum - Ein Sonntagmorgen in Brandenburg. Ein Lichtspektakel vom Feinsten zum kalten Sonnenaufgang im Linumer Teichgebiet.","og_url":"https:\/\/liebke-foto.de\/maerkischeslicht\/linum-ein-sonntagmorgen-in-brandenburg\/","og_site_name":"M\u00e4rkisches Licht - Der Fotograf der Stille","article_published_time":"2015-03-23T17:16:00+00:00","article_modified_time":"2022-07-03T21:26:41+00:00","og_image":[{"width":1400,"height":934,"url":"https:\/\/liebke-foto.de\/maerkischeslicht\/wp-content\/uploads\/2015\/03\/Linum2015_FL8_9584_C1.jpg","type":"image\/jpeg"}],"author":"Frank Liebke","twitter_card":"summary_large_image","twitter_misc":{"Verfasst von":"Frank Liebke","Gesch\u00e4tzte Lesezeit":"8\u00a0Minuten"},"schema":{"@context":"https:\/\/schema.org","@graph":[{"@type":"Article","@id":"https:\/\/liebke-foto.de\/maerkischeslicht\/linum-ein-sonntagmorgen-in-brandenburg\/#article","isPartOf":{"@id":"https:\/\/liebke-foto.de\/maerkischeslicht\/linum-ein-sonntagmorgen-in-brandenburg\/"},"author":{"name":"Frank Liebke","@id":"https:\/\/liebke-foto.de\/maerkischeslicht\/#\/schema\/person\/d71108abc09a723daeeb8526a33137ee"},"headline":"Linum &#8211; Ein Sonntagmorgen in Brandenburg","datePublished":"2015-03-23T17:16:00+00:00","dateModified":"2022-07-03T21:26:41+00:00","mainEntityOfPage":{"@id":"https:\/\/liebke-foto.de\/maerkischeslicht\/linum-ein-sonntagmorgen-in-brandenburg\/"},"wordCount":752,"commentCount":0,"publisher":{"@id":"https:\/\/liebke-foto.de\/maerkischeslicht\/#\/schema\/person\/d71108abc09a723daeeb8526a33137ee"},"image":{"@id":"https:\/\/liebke-foto.de\/maerkischeslicht\/linum-ein-sonntagmorgen-in-brandenburg\/#primaryimage"},"thumbnailUrl":"https:\/\/liebke-foto.de\/maerkischeslicht\/wp-content\/uploads\/2015\/03\/Linum2015_FL8_9584_C1.jpg","articleSection":["Im Land Brandenburg unterwegs","LANDpartie, unterwegs in der Mark Brandenburg","Landschaft","Wildes Brandenburg"],"inLanguage":"de","potentialAction":[{"@type":"CommentAction","name":"Comment","target":["https:\/\/liebke-foto.de\/maerkischeslicht\/linum-ein-sonntagmorgen-in-brandenburg\/#respond"]}]},{"@type":"WebPage","@id":"https:\/\/liebke-foto.de\/maerkischeslicht\/linum-ein-sonntagmorgen-in-brandenburg\/","url":"https:\/\/liebke-foto.de\/maerkischeslicht\/linum-ein-sonntagmorgen-in-brandenburg\/","name":"Linum - Ein Sonntagmorgen in Brandenburg - M\u00e4rkisches Licht - Der Fotograf der Stille","isPartOf":{"@id":"https:\/\/liebke-foto.de\/maerkischeslicht\/#website"},"primaryImageOfPage":{"@id":"https:\/\/liebke-foto.de\/maerkischeslicht\/linum-ein-sonntagmorgen-in-brandenburg\/#primaryimage"},"image":{"@id":"https:\/\/liebke-foto.de\/maerkischeslicht\/linum-ein-sonntagmorgen-in-brandenburg\/#primaryimage"},"thumbnailUrl":"https:\/\/liebke-foto.de\/maerkischeslicht\/wp-content\/uploads\/2015\/03\/Linum2015_FL8_9584_C1.jpg","datePublished":"2015-03-23T17:16:00+00:00","dateModified":"2022-07-03T21:26:41+00:00","description":"Linum - Ein Sonntagmorgen in Brandenburg. Ein Lichtspektakel vom Feinsten zum kalten Sonnenaufgang im Linumer Teichgebiet.","breadcrumb":{"@id":"https:\/\/liebke-foto.de\/maerkischeslicht\/linum-ein-sonntagmorgen-in-brandenburg\/#breadcrumb"},"inLanguage":"de","potentialAction":[{"@type":"ReadAction","target":["https:\/\/liebke-foto.de\/maerkischeslicht\/linum-ein-sonntagmorgen-in-brandenburg\/"]}]},{"@type":"ImageObject","inLanguage":"de","@id":"https:\/\/liebke-foto.de\/maerkischeslicht\/linum-ein-sonntagmorgen-in-brandenburg\/#primaryimage","url":"https:\/\/liebke-foto.de\/maerkischeslicht\/wp-content\/uploads\/2015\/03\/Linum2015_FL8_9584_C1.jpg","contentUrl":"https:\/\/liebke-foto.de\/maerkischeslicht\/wp-content\/uploads\/2015\/03\/Linum2015_FL8_9584_C1.jpg","width":1400,"height":934,"caption":"Linum, Brandenburg"},{"@type":"BreadcrumbList","@id":"https:\/\/liebke-foto.de\/maerkischeslicht\/linum-ein-sonntagmorgen-in-brandenburg\/#breadcrumb","itemListElement":[{"@type":"ListItem","position":1,"name":"Startseite","item":"https:\/\/liebke-foto.de\/maerkischeslicht\/"},{"@type":"ListItem","position":2,"name":"Linum &#8211; Ein Sonntagmorgen in Brandenburg"}]},{"@type":"WebSite","@id":"https:\/\/liebke-foto.de\/maerkischeslicht\/#website","url":"https:\/\/liebke-foto.de\/maerkischeslicht\/","name":"M\u00e4rkisches Licht - Der Fotograf der Stille","description":"Die Liebe zum Leben...","publisher":{"@id":"https:\/\/liebke-foto.de\/maerkischeslicht\/#\/schema\/person\/d71108abc09a723daeeb8526a33137ee"},"potentialAction":[{"@type":"SearchAction","target":{"@type":"EntryPoint","urlTemplate":"https:\/\/liebke-foto.de\/maerkischeslicht\/?s={search_term_string}"},"query-input":{"@type":"PropertyValueSpecification","valueRequired":true,"valueName":"search_term_string"}}],"inLanguage":"de"},{"@type":["Person","Organization"],"@id":"https:\/\/liebke-foto.de\/maerkischeslicht\/#\/schema\/person\/d71108abc09a723daeeb8526a33137ee","name":"Frank Liebke","image":{"@type":"ImageObject","inLanguage":"de","@id":"https:\/\/liebke-foto.de\/maerkischeslicht\/wp-content\/uploads\/2021\/12\/IMG-20211024-WA0001.jpg","url":"https:\/\/liebke-foto.de\/maerkischeslicht\/wp-content\/uploads\/2021\/12\/IMG-20211024-WA0001.jpg","contentUrl":"https:\/\/liebke-foto.de\/maerkischeslicht\/wp-content\/uploads\/2021\/12\/IMG-20211024-WA0001.jpg","width":900,"height":1600,"caption":"Frank Liebke"},"logo":{"@id":"https:\/\/liebke-foto.de\/maerkischeslicht\/wp-content\/uploads\/2021\/12\/IMG-20211024-WA0001.jpg"},"sameAs":["https:\/\/liebke-foto.de"],"url":"https:\/\/liebke-foto.de\/maerkischeslicht\/author\/adminuser\/"}]}},"_links":{"self":[{"href":"https:\/\/liebke-foto.de\/maerkischeslicht\/wp-json\/wp\/v2\/posts\/2092","targetHints":{"allow":["GET"]}}],"collection":[{"href":"https:\/\/liebke-foto.de\/maerkischeslicht\/wp-json\/wp\/v2\/posts"}],"about":[{"href":"https:\/\/liebke-foto.de\/maerkischeslicht\/wp-json\/wp\/v2\/types\/post"}],"author":[{"embeddable":true,"href":"https:\/\/liebke-foto.de\/maerkischeslicht\/wp-json\/wp\/v2\/users\/1"}],"replies":[{"embeddable":true,"href":"https:\/\/liebke-foto.de\/maerkischeslicht\/wp-json\/wp\/v2\/comments?post=2092"}],"version-history":[{"count":14,"href":"https:\/\/liebke-foto.de\/maerkischeslicht\/wp-json\/wp\/v2\/posts\/2092\/revisions"}],"predecessor-version":[{"id":6090,"href":"https:\/\/liebke-foto.de\/maerkischeslicht\/wp-json\/wp\/v2\/posts\/2092\/revisions\/6090"}],"wp:featuredmedia":[{"embeddable":true,"href":"https:\/\/liebke-foto.de\/maerkischeslicht\/wp-json\/wp\/v2\/media\/2101"}],"wp:attachment":[{"href":"https:\/\/liebke-foto.de\/maerkischeslicht\/wp-json\/wp\/v2\/media?parent=2092"}],"wp:term":[{"taxonomy":"category","embeddable":true,"href":"https:\/\/liebke-foto.de\/maerkischeslicht\/wp-json\/wp\/v2\/categories?post=2092"},{"taxonomy":"post_tag","embeddable":true,"href":"https:\/\/liebke-foto.de\/maerkischeslicht\/wp-json\/wp\/v2\/tags?post=2092"}],"curies":[{"name":"wp","href":"https:\/\/api.w.org\/{rel}","templated":true}]}}