{"id":2025,"date":"2015-01-30T20:49:46","date_gmt":"2015-01-30T18:49:46","guid":{"rendered":"http:\/\/liebke-foto.de\/maerkischeslicht\/?p=2025"},"modified":"2022-07-03T23:26:54","modified_gmt":"2022-07-03T21:26:54","slug":"landpartie-ins-granseer-land","status":"publish","type":"post","link":"https:\/\/liebke-foto.de\/maerkischeslicht\/landpartie-ins-granseer-land\/","title":{"rendered":"LANDpartie ins Granseer Land"},"content":{"rendered":"<div class=\"wp-block-image\">\n<figure class=\"aligncenter\"><a href=\"https:\/\/liebke-foto.de\/maerkischeslicht\/wp-content\/uploads\/2015\/01\/FL8_72211.jpg\"><img loading=\"lazy\" decoding=\"async\" width=\"1400\" height=\"934\" src=\"https:\/\/liebke-foto.de\/maerkischeslicht\/wp-content\/uploads\/2015\/01\/FL8_72211.jpg\" alt=\"Blick nach Gransee mit seiner Marienkirche\" class=\"wp-image-2035\" srcset=\"https:\/\/liebke-foto.de\/maerkischeslicht\/wp-content\/uploads\/2015\/01\/FL8_72211.jpg 1400w, https:\/\/liebke-foto.de\/maerkischeslicht\/wp-content\/uploads\/2015\/01\/FL8_72211-1199x800.jpg 1199w\" sizes=\"auto, (max-width: 1400px) 100vw, 1400px\" \/><\/a><figcaption>Blick nach Gransee mit seiner Marienkirche<\/figcaption><\/figure>\n<\/div>\n\n\n<p>Zugegeben, das Wetter ist in diesen Wochen nicht unbedingt in der Lage, einen Fotografen zu einer Fotofahrt ins Land zu verleiten. &nbsp;Aber mir geht es da wie den Herrn Fontane, da hat man sich verabredet und schwelgt schon in Vorfreude gedanklich darin, was einem dann erwarten wird. Eine Fahrt nach Zernikow und Kraatz im Granseer Land. Und die Kamera kommt sowieso mit \ud83d\ude09 .<\/p>\n\n\n\n<p><br \/>Und an allem war Facebook &#8222;schuld&#8220; \ud83d\ude09 , da kann man ja dr\u00fcber denken was man will, aber wenn man bei Benutzung dieses Dienstes immer sch\u00f6n alle sieben Sinne beieinander beh\u00e4lt kann da ja nichts gro\u00df schiefgehen. Und mir hat der Dienst mit meiner Seite &#8222;M\u00e4rkisches Licht&#8220; mittlerweile \u00fcber 12200 Fans beschert, Tendenz steigend. Da sind Leute aus allen m\u00f6glichen Winkeln dieser Welt dabei, aber, und das freut mich ganz besonders, auch immer mehr aus dem Brandenburgischen. <\/p>\n\n\n\n<p>Und viele die sich in unser sch\u00f6nes Land verliebt haben. Da passiert es auch immer mehr, dass ich in Kontakt mit netten (wirklich netten!) Menschen komme, gute Unterhaltungen pflege. Aber nichts geht \u00fcber pers\u00f6nliche menschliche Kontakte. Und so verabrede ich mich, wenn es meine knappe Freizeit erlaubt, mitunter einfach mal so mit Leuten, um sie pers\u00f6nlich kennen zu lernen, um zu sehen wer hinter der Facebook-Seite als Menscht steckt. <\/p>\n\n\n\n<p>In Zernikow, im ehemaligen jetzt wieder renovierten Gutshaus arbeitet der Walter Kirste in einer Firma, die Webdienste, speziell touristischer Art, anbietet. Auf der Hinfahrt gab es das typische Brandenburgische Winterwetter: Eigentlich zu warm, st\u00fcrmisch das sich die B\u00e4ume biegen und dadurch doch recht kalt. Ein fahler, grauer Himmel und ganz am Horizont ein immerw\u00e4hrender Lichtstreif, leicht gelblich, nicht von dieser Welt. <\/p>\n\n\n\n<p>Man hat das Gef\u00fchl, es senkt sich ein riesiger Deckel auf das Land, der aber nie ganz nach unten kommt. Und ich, ich liebe dieses Licht, diesen frischen Wind, obwohl der so kr\u00e4ftig am Menschen und der Kamera mit Teleoptik r\u00fcttelt, dass es pro Motiv eine ganze Menge Aufnahmen bedarf, um wenigtens immer EINE scharfe dabei zu haben. <\/p>\n\n\n\n<p>Manchmal mag ich die Freiheit, auch mal ohne Stativ einfach in der Gegend &#8222;rumzuknipsen&#8220; \ud83d\ude42 . So sind mir ein paar Aufnahmen von Gransee, dessen wuchtige Marienkirche weithin als Erkennungszeichen ins Land ruft, und einige Landschaften um Zernikow gelungen. Sogar scharf \ud83d\ude09 .<\/p>\n\n\n\n<p><br \/>Die Gespr\u00e4che mit Herrn Kirste und Gesch\u00e4ftsf\u00fchrer Herrn Flegel von&nbsp;<a href=\"http:\/\/www.kisg.de\/\" target=\"_blank\" rel=\"noopener noreferrer\">Kirste Internet-Service GmbH<\/a>&nbsp;bei einem sch\u00f6nen hei\u00dfen Kaffee waren sehr angenehm und fruchtbringend f\u00fcr beide Seiten. Die Zeit verging wie im Fluge und es war abzusehen dass ich zu meiner zweiten Verabredung in Kraatz zu sp\u00e4t kommen w\u00fcrde. Meine Lokalkenntnis, in siebeneinhalb Jahren T\u00e4tigkeit in der MAZ, vor der Wende, war nun doch schon so getr\u00fcbt, dass ich auch noch einen kr\u00e4ftigen Umweg fuhr. <\/p>\n\n\n\n<p>Als ich dann von H\u00e4sen nach Kraatz rollte, gerade einen Wolkenbruch \u00fcberstanden, zeigte sich rechterhand ein riesiger und doppelter Regenbogen. Mann, zuckte es gleichzeitig in Fotohand und Bremsfu\u00df, aber kurze \u00dcberlegung und schon wurde er wieder zum Gasfu\u00df und weiter gings. Ich war ja schon eine halbe Stunde zu sp\u00e4t, das wollte ich nicht noch ausbauen. Noch etwas Suchen, dann fand ich das etwas einsam stehende Geh\u00f6ft von <a href=\"https:\/\/www.facebook.com\/AutorHaraldHillebrand?fref=ts\" target=\"_blank\" rel=\"noopener noreferrer\">Autor Harald Hillebrand<\/a> und seiner Frau. <\/p>\n\n\n\n<p>Da gibt es auch den sicher schon bekannten <a href=\"https:\/\/www.facebook.com\/kraatzerkulturgarten\" target=\"_blank\" rel=\"noopener noreferrer\">Kraatzer Kulturgarten<\/a>. Den werde ich, wenn alle Umst\u00e4nde mit mir gut sind, extra besuchen und ausf\u00fchrlicher dr\u00fcber berichten. Jetzt gehts mir um den Autor. Der schreibt n\u00e4mlich Krimis. Ich mag (nicht nur!) Krimis; ABER! , er schreibt Krimis, die im Landkreis Oberhavel spielen und das ist schon geil! <\/p>\n\n\n\n<p>Drei an der Zahl gibt es schon auf dem Markt, ein vierter Teil ist in Arbeit. Da man diese B\u00fccher \u00fcber Amazon erwerben kann, hat man dort gleich mal die M\u00f6glichkeit zu einem &#8222;Blick ins Buch&#8220;. Finde ich immer super f\u00fcr einen ersten Eindruck, da kauft man nicht &#8222;Die Katze im Sack&#8220;. <\/p>\n\n\n\n<p>Und ich fange gern bei Teilen mit dem Ersten an. Hab mir &#8222;Ochsenblut&#8220; angelesen. War gleich so tief im Geschehen, dass ich richtig sauer war, weil die Probe ihr viel zu schnelles Ende gefunden hatte. Ist selten, dass mich ein Buch so schnell fesselt. <\/p>\n\n\n\n<p>Und ich habe auf seiner FB-Seite (wir haben uns dort kennen gelernt, weil er anfing meine Bilder zu m\u00f6gen. Ich schaue mir gern immer an, wer denn da auf meiner Seite meine Fans sind). Also auf seiner Seite leicht im spa\u00dfigen Ton das eben erlebte kundgetan und dass ich sauer war dass es nicht weiter ging. Da hat er gleich drauf geantwortet, dass er mir ja ein Buch schicken k\u00f6nnte. Darauf ich, dass ich sowieso ins Granseer Land will und vorbeikommen k\u00f6nnte. Bei der Gelegenheit wollte ich gern das Buch, nat\u00fcrlich auch mit Widmung \ud83d\ude09 , mitnehmen.<\/p>\n\n\n\n<p><br \/>Und nun parkte ich mit kr\u00e4ftiger Versp\u00e4tung vor seinem Haus. Er schaute aus dem Fenster, abwartend und zur\u00fcckhaltend. Wir trafen uns dann im Hof, machten uns das erste Mal &#8222;in Echt&#8220; bekannt und dann zeigte er mir das Anwesen. <\/p>\n\n\n\n<p>Ich kann nur sagen, Traumgrundst\u00fcck, und Gl\u00fcckwunsch. Eine weite Sicht ins Land, der riesige m\u00e4rkische Himmel und \u00fcberall das typische m\u00e4rkische Licht, das ich so mag. Ein gro\u00dfer Garten mit Obstb\u00e4umen, restlicher Gr\u00fcnkohl wartete darauf, ein schmackhaftes Mahl zu werden.<\/p>\n\n\n\n<p>Am Liebsten h\u00e4tte ich sofort die Kamera aus den Rucksack geholt und losgelegt, ich sah unentwegt Bilder. Aber eine innere Stimme tr\u00f6stete mich, wenn es sein soll wird sich die M\u00f6glichkeit nochmal ergeben. Und Harald Hillebrand ist nicht der Typ, der einen gleich mit &#8222;netten&#8220;\u00a0Wortschw\u00e4llen unterlegt um den Hals f\u00e4llt. <\/p>\n\n\n\n<p>Das fand ich sehr sympatisch. Bei den Kaffees und einigen Stunden in seinem Arbeitszimmer, wo der Gespr\u00e4chsstoff \u00fcberhaupt nicht ausgehen wollte, wurde er mir immer sympatischer. Aber es wurde f\u00fcr mich dennoch Zeit langsam\u00a0aufzubrechen. <\/p>\n\n\n\n<p>Wir haben so viele Gemeinsamkeiten gefunden, teilweise zur\u00fcckliegend bis in die Kindheit und Jugend. Unter anderem die Liebe zum M\u00e4rkischen, zu Schriftstellern wie Beseler und seinem Klassiker &#8222;K\u00e4uzchenkuhle&#8220;. <\/p>\n\n\n\n<p>Nat\u00fcrlich kam auch das Thema Fotografie zur Sprache. Ich erz\u00e4hlte meine Irrwege bis ich meine erste Spiegelreflexkamera, eine Praktica in den H\u00e4nden hielt. Darauf hin ging Harald zu einen Schrank und holte eine alte Praktica L2 mit einem 2,8\/50er Tessar heraus. Und dr\u00fcckte sie mir in die Hand. Ich war voll von den Socken!! <\/p>\n\n\n\n<p>Genau so sah meine Erste aus, genau so! &#8222;Ich schenke sie dir, nimm sie mit&#8220; war seine Antwort. Mir fehlen immer noch die Worte, bin so sehr dankbar daf\u00fcr. Ich habe ein Bild davon&nbsp;mit unten in die Galerie gestellt. Die Kamera werde ich wieder auffrischen. <\/p>\n\n\n\n<p>Hinter Harald hatte man einen fabelhaften Fensterblick ins Land. Der schmale Lichtstreifen am Horizont, der zwischenzeitlich Abendrot war, d\u00e4mmerte mittlerweile ins grau-schwarze. Zeit sich zu verabschieden. Vorher erhielt ich noch mein Buch und eine kleine Widmung, die mich immer an unser erstes Zusammentreffen erinnern wird. Danke!<\/p>\n\n\n\n<p><br \/>Den ersten Band habe ich in eineinhalb Tagen geschafft. Ich habe mir einfach mal einen Tag frei genommen um nur zu lesen und Tee zu trinken. Dann gleich den zweiten Band bestellt, im Moment steckt meine Nase oft im Dritten. Das dauert jetzt etwas l\u00e4nger weil ich nicht soviel frei machen kann. <\/p>\n\n\n\n<p>An Spannung und interessanten Seiten haben die Krimis nie was eingeb\u00fc\u00dft. Und das Sch\u00f6ne, die Handlungen spielen fast &#8222;um die Ecke&#8220;. Ich kenne die Gegenden sehr genau und so hat man st\u00e4ndig Bilder der Originalschaupl\u00e4tze im Kopf, das ist &#8222;Kopfkino&#8220; pur \ud83d\ude42 .<\/p>\n\n\n\n<p>Und zum Schluss noch die Titel: &#8222;Ochsenblut&#8220;, &#8222;Pfingstschleier&#8220; und &#8222;Brand(t)helfer&#8220;. Viel Spa\u00df \ud83d\ude42<\/p>\n\n\n<div class=\"wp-block-image\">\n<figure class=\"aligncenter size-large\"><a href=\"https:\/\/liebke-foto.de\/maerkischeslicht\/wp-content\/uploads\/2015\/01\/FL8_7262.jpg\"><img loading=\"lazy\" decoding=\"async\" width=\"1400\" height=\"934\" src=\"https:\/\/liebke-foto.de\/maerkischeslicht\/wp-content\/uploads\/2015\/01\/FL8_7262.jpg\" alt=\"Im Granseer Land\" class=\"wp-image-2037\" srcset=\"https:\/\/liebke-foto.de\/maerkischeslicht\/wp-content\/uploads\/2015\/01\/FL8_7262.jpg 1400w, https:\/\/liebke-foto.de\/maerkischeslicht\/wp-content\/uploads\/2015\/01\/FL8_7262-1199x800.jpg 1199w\" sizes=\"auto, (max-width: 1400px) 100vw, 1400px\" \/><\/a><figcaption>Im Granseer Land<\/figcaption><\/figure>\n<\/div>\n\n<div class=\"wp-block-image\">\n<figure class=\"aligncenter size-large\"><a href=\"https:\/\/liebke-foto.de\/maerkischeslicht\/wp-content\/uploads\/2015\/01\/FL8_73071.jpg\"><img loading=\"lazy\" decoding=\"async\" width=\"1400\" height=\"934\" src=\"https:\/\/liebke-foto.de\/maerkischeslicht\/wp-content\/uploads\/2015\/01\/FL8_73071.jpg\" alt=\"In der N\u00e4he von Zernikow\" class=\"wp-image-2039\" srcset=\"https:\/\/liebke-foto.de\/maerkischeslicht\/wp-content\/uploads\/2015\/01\/FL8_73071.jpg 1400w, https:\/\/liebke-foto.de\/maerkischeslicht\/wp-content\/uploads\/2015\/01\/FL8_73071-1199x800.jpg 1199w\" sizes=\"auto, (max-width: 1400px) 100vw, 1400px\" \/><\/a><figcaption>In der N\u00e4he von Zernikow<\/figcaption><\/figure>\n<\/div>\n\n<div class=\"wp-block-image\">\n<figure class=\"aligncenter size-large\"><a href=\"https:\/\/liebke-foto.de\/maerkischeslicht\/wp-content\/uploads\/2015\/01\/FL8_7260.jpg\"><img loading=\"lazy\" decoding=\"async\" width=\"1400\" height=\"934\" src=\"https:\/\/liebke-foto.de\/maerkischeslicht\/wp-content\/uploads\/2015\/01\/FL8_7260.jpg\" alt=\"In der N\u00e4he von Zernikow\" class=\"wp-image-2036\" srcset=\"https:\/\/liebke-foto.de\/maerkischeslicht\/wp-content\/uploads\/2015\/01\/FL8_7260.jpg 1400w, https:\/\/liebke-foto.de\/maerkischeslicht\/wp-content\/uploads\/2015\/01\/FL8_7260-1199x800.jpg 1199w\" sizes=\"auto, (max-width: 1400px) 100vw, 1400px\" \/><\/a><figcaption>In der N\u00e4he von Zernikow<\/figcaption><\/figure>\n<\/div>\n\n<div class=\"wp-block-image\">\n<figure class=\"aligncenter size-large\"><a href=\"https:\/\/liebke-foto.de\/maerkischeslicht\/wp-content\/uploads\/2015\/01\/FL8_7272.jpg\"><img loading=\"lazy\" decoding=\"async\" width=\"1400\" height=\"934\" src=\"https:\/\/liebke-foto.de\/maerkischeslicht\/wp-content\/uploads\/2015\/01\/FL8_7272.jpg\" alt=\"In der N\u00e4he von Zernikow\" class=\"wp-image-2038\" srcset=\"https:\/\/liebke-foto.de\/maerkischeslicht\/wp-content\/uploads\/2015\/01\/FL8_7272.jpg 1400w, https:\/\/liebke-foto.de\/maerkischeslicht\/wp-content\/uploads\/2015\/01\/FL8_7272-1199x800.jpg 1199w\" sizes=\"auto, (max-width: 1400px) 100vw, 1400px\" \/><\/a><figcaption>In der N\u00e4he von Zernikow<\/figcaption><\/figure>\n<\/div>\n\n<div class=\"wp-block-image\">\n<figure class=\"aligncenter size-large\"><a href=\"https:\/\/liebke-foto.de\/maerkischeslicht\/wp-content\/uploads\/2015\/01\/FL8_7335v1.jpg\"><img loading=\"lazy\" decoding=\"async\" width=\"1400\" height=\"934\" src=\"https:\/\/liebke-foto.de\/maerkischeslicht\/wp-content\/uploads\/2015\/01\/FL8_7335v1.jpg\" alt=\"Autor Harald Hillebrand\" class=\"wp-image-2040\" srcset=\"https:\/\/liebke-foto.de\/maerkischeslicht\/wp-content\/uploads\/2015\/01\/FL8_7335v1.jpg 1400w, https:\/\/liebke-foto.de\/maerkischeslicht\/wp-content\/uploads\/2015\/01\/FL8_7335v1-1199x800.jpg 1199w\" sizes=\"auto, (max-width: 1400px) 100vw, 1400px\" \/><\/a><figcaption>Autor Harald Hillebrand<\/figcaption><\/figure>\n<\/div>\n\n<div class=\"wp-block-image\">\n<figure class=\"aligncenter size-large\"><a href=\"https:\/\/liebke-foto.de\/maerkischeslicht\/wp-content\/uploads\/2015\/01\/FL8_73461.jpg\"><img loading=\"lazy\" decoding=\"async\" width=\"534\" height=\"800\" src=\"https:\/\/liebke-foto.de\/maerkischeslicht\/wp-content\/uploads\/2015\/01\/FL8_73461.jpg\" alt=\"Autor Harald Hillebrand schreibt meine Widmung\" class=\"wp-image-2041\"\/><\/a><figcaption>Autor Harald Hillebrand schreibt meine Widmung<\/figcaption><\/figure>\n<\/div>\n\n<div class=\"wp-block-image\">\n<figure class=\"aligncenter size-large\"><a href=\"https:\/\/liebke-foto.de\/maerkischeslicht\/wp-content\/uploads\/2015\/01\/FL8_8068.jpg\"><img loading=\"lazy\" decoding=\"async\" width=\"1400\" height=\"934\" src=\"https:\/\/liebke-foto.de\/maerkischeslicht\/wp-content\/uploads\/2015\/01\/FL8_8068.jpg\" alt=\"Widmung und Geschenk\" class=\"wp-image-2043\" srcset=\"https:\/\/liebke-foto.de\/maerkischeslicht\/wp-content\/uploads\/2015\/01\/FL8_8068.jpg 1400w, https:\/\/liebke-foto.de\/maerkischeslicht\/wp-content\/uploads\/2015\/01\/FL8_8068-1199x800.jpg 1199w\" sizes=\"auto, (max-width: 1400px) 100vw, 1400px\" \/><\/a><figcaption>Widmung und Geschenk<\/figcaption><\/figure>\n<\/div>\n\n<div class=\"wp-block-image\">\n<figure class=\"aligncenter size-large\"><a href=\"https:\/\/liebke-foto.de\/maerkischeslicht\/wp-content\/uploads\/2015\/01\/FL8_8078.jpg\"><img loading=\"lazy\" decoding=\"async\" width=\"1400\" height=\"934\" src=\"https:\/\/liebke-foto.de\/maerkischeslicht\/wp-content\/uploads\/2015\/01\/FL8_8078.jpg\" alt=\"Lesestunde(n)\" class=\"wp-image-2045\" srcset=\"https:\/\/liebke-foto.de\/maerkischeslicht\/wp-content\/uploads\/2015\/01\/FL8_8078.jpg 1400w, https:\/\/liebke-foto.de\/maerkischeslicht\/wp-content\/uploads\/2015\/01\/FL8_8078-1199x800.jpg 1199w\" sizes=\"auto, (max-width: 1400px) 100vw, 1400px\" \/><\/a><figcaption>Lesestunde(n)<\/figcaption><\/figure>\n<\/div>\n\n<div class=\"wp-block-image\">\n<figure class=\"aligncenter size-large\"><a href=\"https:\/\/liebke-foto.de\/maerkischeslicht\/wp-content\/uploads\/2015\/01\/FL8_8066.jpg\"><img loading=\"lazy\" decoding=\"async\" width=\"1400\" height=\"934\" src=\"https:\/\/liebke-foto.de\/maerkischeslicht\/wp-content\/uploads\/2015\/01\/FL8_8066.jpg\" alt=\"Die Praktica L2\" class=\"wp-image-2042\" srcset=\"https:\/\/liebke-foto.de\/maerkischeslicht\/wp-content\/uploads\/2015\/01\/FL8_8066.jpg 1400w, https:\/\/liebke-foto.de\/maerkischeslicht\/wp-content\/uploads\/2015\/01\/FL8_8066-1199x800.jpg 1199w\" sizes=\"auto, (max-width: 1400px) 100vw, 1400px\" \/><\/a><figcaption>Die Praktica L2<\/figcaption><\/figure>\n<\/div>\n\n<div class=\"wp-block-image\">\n<figure class=\"aligncenter size-large\"><a href=\"https:\/\/liebke-foto.de\/maerkischeslicht\/wp-content\/uploads\/2015\/01\/FL8_8073.jpg\"><img loading=\"lazy\" decoding=\"async\" width=\"1400\" height=\"934\" src=\"https:\/\/liebke-foto.de\/maerkischeslicht\/wp-content\/uploads\/2015\/01\/FL8_8073.jpg\" alt=\"Die Krimis in Oberhavel, wie mein 2004er Bildband\" class=\"wp-image-2044\" srcset=\"https:\/\/liebke-foto.de\/maerkischeslicht\/wp-content\/uploads\/2015\/01\/FL8_8073.jpg 1400w, https:\/\/liebke-foto.de\/maerkischeslicht\/wp-content\/uploads\/2015\/01\/FL8_8073-1199x800.jpg 1199w\" sizes=\"auto, (max-width: 1400px) 100vw, 1400px\" \/><\/a><figcaption>Die Krimis in Oberhavel, wie mein 2004er Bildband<\/figcaption><\/figure>\n<\/div>\n\n\n<div style=\"padding:20px\" class=\"wp-block-tnp-minimal\"><p>Subscribe to our newsletter!<\/p><div><div class=\"tnp tnp-subscription \">\n<form method=\"post\" action=\"https:\/\/liebke-foto.de\/maerkischeslicht\/wp-admin\/admin-ajax.php?action=tnp&amp;na=s\">\n<input type=\"hidden\" name=\"nlang\" value=\"\">\n<div class=\"tnp-field tnp-field-firstname\"><label for=\"tnp-1\">Vorname oder ganzer Name<\/label>\n<input class=\"tnp-name\" type=\"text\" name=\"nn\" id=\"tnp-1\" value=\"\" placeholder=\"\"><\/div>\n<div class=\"tnp-field tnp-field-email\"><label for=\"tnp-2\">Email<\/label>\n<input class=\"tnp-email\" type=\"email\" name=\"ne\" id=\"tnp-2\" value=\"\" placeholder=\"\" required><\/div>\n<div class=\"tnp-field tnp-privacy-field\"><label><input type=\"checkbox\" name=\"ny\" required class=\"tnp-privacy\"> Indem Du fortf\u00e4hrst, akzeptierst Du unsere Datenschutzerkl\u00e4rung.<\/label><\/div><div class=\"tnp-field tnp-field-button\" style=\"text-align: left\"><input class=\"tnp-submit\" type=\"submit\" value=\"Abonnieren\" style=\"\">\n<\/div>\n<\/form>\n<\/div>\n<\/div><\/div>\n\n\n\n\n","protected":false},"excerpt":{"rendered":"<p>Zugegeben, das Wetter ist in diesen Wochen nicht unbedingt in der Lage, einen Fotografen zu einer Fotofahrt ins Land zu verleiten. &nbsp;Aber mir&#8230;<\/p>\n","protected":false},"author":1,"featured_media":2035,"comment_status":"open","ping_status":"closed","sticky":false,"template":"","format":"image","meta":{"footnotes":""},"categories":[11,38],"tags":[],"class_list":["post-2025","post","type-post","status-publish","format-image","has-post-thumbnail","hentry","category-im-land-brandenburg-unterwegs","category-menschliches-aus-der-mark","post_format-post-format-image"],"yoast_head":"<!-- This site is optimized with the Yoast SEO plugin v27.5 - https:\/\/yoast.com\/product\/yoast-seo-wordpress\/ -->\n<title>LANDpartie ins Granseer Land - M\u00e4rkisches Licht - Der Fotograf der Stille<\/title>\n<meta name=\"description\" content=\"LANDpartie ins Granseer Land\" \/>\n<meta name=\"robots\" content=\"index, follow, max-snippet:-1, max-image-preview:large, max-video-preview:-1\" \/>\n<link rel=\"canonical\" href=\"https:\/\/liebke-foto.de\/maerkischeslicht\/landpartie-ins-granseer-land\/\" \/>\n<meta property=\"og:locale\" content=\"de_DE\" \/>\n<meta property=\"og:type\" content=\"article\" \/>\n<meta property=\"og:title\" content=\"LANDpartie ins Granseer Land - M\u00e4rkisches Licht - Der Fotograf der Stille\" \/>\n<meta property=\"og:description\" content=\"LANDpartie ins Granseer Land\" \/>\n<meta property=\"og:url\" content=\"https:\/\/liebke-foto.de\/maerkischeslicht\/landpartie-ins-granseer-land\/\" \/>\n<meta property=\"og:site_name\" content=\"M\u00e4rkisches Licht - Der Fotograf der Stille\" \/>\n<meta property=\"article:published_time\" content=\"2015-01-30T18:49:46+00:00\" \/>\n<meta property=\"article:modified_time\" content=\"2022-07-03T21:26:54+00:00\" \/>\n<meta property=\"og:image\" content=\"https:\/\/liebke-foto.de\/maerkischeslicht\/wp-content\/uploads\/2015\/01\/FL8_72211.jpg\" \/>\n\t<meta property=\"og:image:width\" content=\"1400\" \/>\n\t<meta property=\"og:image:height\" content=\"934\" \/>\n\t<meta property=\"og:image:type\" content=\"image\/jpeg\" \/>\n<meta name=\"author\" content=\"Frank Liebke\" \/>\n<meta name=\"twitter:card\" content=\"summary_large_image\" \/>\n<meta name=\"twitter:label1\" content=\"Verfasst von\" \/>\n\t<meta name=\"twitter:data1\" content=\"Frank Liebke\" \/>\n\t<meta name=\"twitter:label2\" content=\"Gesch\u00e4tzte Lesezeit\" \/>\n\t<meta name=\"twitter:data2\" content=\"10\u00a0Minuten\" \/>\n<script type=\"application\/ld+json\" class=\"yoast-schema-graph\">{\"@context\":\"https:\\\/\\\/schema.org\",\"@graph\":[{\"@type\":\"Article\",\"@id\":\"https:\\\/\\\/liebke-foto.de\\\/maerkischeslicht\\\/landpartie-ins-granseer-land\\\/#article\",\"isPartOf\":{\"@id\":\"https:\\\/\\\/liebke-foto.de\\\/maerkischeslicht\\\/landpartie-ins-granseer-land\\\/\"},\"author\":{\"name\":\"Frank Liebke\",\"@id\":\"https:\\\/\\\/liebke-foto.de\\\/maerkischeslicht\\\/#\\\/schema\\\/person\\\/d71108abc09a723daeeb8526a33137ee\"},\"headline\":\"LANDpartie ins Granseer Land\",\"datePublished\":\"2015-01-30T18:49:46+00:00\",\"dateModified\":\"2022-07-03T21:26:54+00:00\",\"mainEntityOfPage\":{\"@id\":\"https:\\\/\\\/liebke-foto.de\\\/maerkischeslicht\\\/landpartie-ins-granseer-land\\\/\"},\"wordCount\":1340,\"commentCount\":0,\"publisher\":{\"@id\":\"https:\\\/\\\/liebke-foto.de\\\/maerkischeslicht\\\/#\\\/schema\\\/person\\\/d71108abc09a723daeeb8526a33137ee\"},\"image\":{\"@id\":\"https:\\\/\\\/liebke-foto.de\\\/maerkischeslicht\\\/landpartie-ins-granseer-land\\\/#primaryimage\"},\"thumbnailUrl\":\"https:\\\/\\\/liebke-foto.de\\\/maerkischeslicht\\\/wp-content\\\/uploads\\\/2015\\\/01\\\/FL8_72211.jpg\",\"articleSection\":[\"Im Land Brandenburg unterwegs\",\"Menschliches aus der Mark\"],\"inLanguage\":\"de\",\"potentialAction\":[{\"@type\":\"CommentAction\",\"name\":\"Comment\",\"target\":[\"https:\\\/\\\/liebke-foto.de\\\/maerkischeslicht\\\/landpartie-ins-granseer-land\\\/#respond\"]}]},{\"@type\":\"WebPage\",\"@id\":\"https:\\\/\\\/liebke-foto.de\\\/maerkischeslicht\\\/landpartie-ins-granseer-land\\\/\",\"url\":\"https:\\\/\\\/liebke-foto.de\\\/maerkischeslicht\\\/landpartie-ins-granseer-land\\\/\",\"name\":\"LANDpartie ins Granseer Land - M\u00e4rkisches Licht - Der Fotograf der Stille\",\"isPartOf\":{\"@id\":\"https:\\\/\\\/liebke-foto.de\\\/maerkischeslicht\\\/#website\"},\"primaryImageOfPage\":{\"@id\":\"https:\\\/\\\/liebke-foto.de\\\/maerkischeslicht\\\/landpartie-ins-granseer-land\\\/#primaryimage\"},\"image\":{\"@id\":\"https:\\\/\\\/liebke-foto.de\\\/maerkischeslicht\\\/landpartie-ins-granseer-land\\\/#primaryimage\"},\"thumbnailUrl\":\"https:\\\/\\\/liebke-foto.de\\\/maerkischeslicht\\\/wp-content\\\/uploads\\\/2015\\\/01\\\/FL8_72211.jpg\",\"datePublished\":\"2015-01-30T18:49:46+00:00\",\"dateModified\":\"2022-07-03T21:26:54+00:00\",\"description\":\"LANDpartie ins Granseer Land\",\"breadcrumb\":{\"@id\":\"https:\\\/\\\/liebke-foto.de\\\/maerkischeslicht\\\/landpartie-ins-granseer-land\\\/#breadcrumb\"},\"inLanguage\":\"de\",\"potentialAction\":[{\"@type\":\"ReadAction\",\"target\":[\"https:\\\/\\\/liebke-foto.de\\\/maerkischeslicht\\\/landpartie-ins-granseer-land\\\/\"]}]},{\"@type\":\"ImageObject\",\"inLanguage\":\"de\",\"@id\":\"https:\\\/\\\/liebke-foto.de\\\/maerkischeslicht\\\/landpartie-ins-granseer-land\\\/#primaryimage\",\"url\":\"https:\\\/\\\/liebke-foto.de\\\/maerkischeslicht\\\/wp-content\\\/uploads\\\/2015\\\/01\\\/FL8_72211.jpg\",\"contentUrl\":\"https:\\\/\\\/liebke-foto.de\\\/maerkischeslicht\\\/wp-content\\\/uploads\\\/2015\\\/01\\\/FL8_72211.jpg\",\"width\":1400,\"height\":934},{\"@type\":\"BreadcrumbList\",\"@id\":\"https:\\\/\\\/liebke-foto.de\\\/maerkischeslicht\\\/landpartie-ins-granseer-land\\\/#breadcrumb\",\"itemListElement\":[{\"@type\":\"ListItem\",\"position\":1,\"name\":\"Startseite\",\"item\":\"https:\\\/\\\/liebke-foto.de\\\/maerkischeslicht\\\/\"},{\"@type\":\"ListItem\",\"position\":2,\"name\":\"LANDpartie ins Granseer Land\"}]},{\"@type\":\"WebSite\",\"@id\":\"https:\\\/\\\/liebke-foto.de\\\/maerkischeslicht\\\/#website\",\"url\":\"https:\\\/\\\/liebke-foto.de\\\/maerkischeslicht\\\/\",\"name\":\"M\u00e4rkisches Licht - Der Fotograf der Stille\",\"description\":\"Die Liebe zum Leben...\",\"publisher\":{\"@id\":\"https:\\\/\\\/liebke-foto.de\\\/maerkischeslicht\\\/#\\\/schema\\\/person\\\/d71108abc09a723daeeb8526a33137ee\"},\"potentialAction\":[{\"@type\":\"SearchAction\",\"target\":{\"@type\":\"EntryPoint\",\"urlTemplate\":\"https:\\\/\\\/liebke-foto.de\\\/maerkischeslicht\\\/?s={search_term_string}\"},\"query-input\":{\"@type\":\"PropertyValueSpecification\",\"valueRequired\":true,\"valueName\":\"search_term_string\"}}],\"inLanguage\":\"de\"},{\"@type\":[\"Person\",\"Organization\"],\"@id\":\"https:\\\/\\\/liebke-foto.de\\\/maerkischeslicht\\\/#\\\/schema\\\/person\\\/d71108abc09a723daeeb8526a33137ee\",\"name\":\"Frank Liebke\",\"image\":{\"@type\":\"ImageObject\",\"inLanguage\":\"de\",\"@id\":\"https:\\\/\\\/liebke-foto.de\\\/maerkischeslicht\\\/wp-content\\\/uploads\\\/2021\\\/12\\\/IMG-20211024-WA0001.jpg\",\"url\":\"https:\\\/\\\/liebke-foto.de\\\/maerkischeslicht\\\/wp-content\\\/uploads\\\/2021\\\/12\\\/IMG-20211024-WA0001.jpg\",\"contentUrl\":\"https:\\\/\\\/liebke-foto.de\\\/maerkischeslicht\\\/wp-content\\\/uploads\\\/2021\\\/12\\\/IMG-20211024-WA0001.jpg\",\"width\":900,\"height\":1600,\"caption\":\"Frank Liebke\"},\"logo\":{\"@id\":\"https:\\\/\\\/liebke-foto.de\\\/maerkischeslicht\\\/wp-content\\\/uploads\\\/2021\\\/12\\\/IMG-20211024-WA0001.jpg\"},\"sameAs\":[\"https:\\\/\\\/liebke-foto.de\"],\"url\":\"https:\\\/\\\/liebke-foto.de\\\/maerkischeslicht\\\/author\\\/adminuser\\\/\"}]}<\/script>\n<!-- \/ Yoast SEO plugin. -->","yoast_head_json":{"title":"LANDpartie ins Granseer Land - M\u00e4rkisches Licht - Der Fotograf der Stille","description":"LANDpartie ins Granseer Land","robots":{"index":"index","follow":"follow","max-snippet":"max-snippet:-1","max-image-preview":"max-image-preview:large","max-video-preview":"max-video-preview:-1"},"canonical":"https:\/\/liebke-foto.de\/maerkischeslicht\/landpartie-ins-granseer-land\/","og_locale":"de_DE","og_type":"article","og_title":"LANDpartie ins Granseer Land - M\u00e4rkisches Licht - Der Fotograf der Stille","og_description":"LANDpartie ins Granseer Land","og_url":"https:\/\/liebke-foto.de\/maerkischeslicht\/landpartie-ins-granseer-land\/","og_site_name":"M\u00e4rkisches Licht - Der Fotograf der Stille","article_published_time":"2015-01-30T18:49:46+00:00","article_modified_time":"2022-07-03T21:26:54+00:00","og_image":[{"width":1400,"height":934,"url":"https:\/\/liebke-foto.de\/maerkischeslicht\/wp-content\/uploads\/2015\/01\/FL8_72211.jpg","type":"image\/jpeg"}],"author":"Frank Liebke","twitter_card":"summary_large_image","twitter_misc":{"Verfasst von":"Frank Liebke","Gesch\u00e4tzte Lesezeit":"10\u00a0Minuten"},"schema":{"@context":"https:\/\/schema.org","@graph":[{"@type":"Article","@id":"https:\/\/liebke-foto.de\/maerkischeslicht\/landpartie-ins-granseer-land\/#article","isPartOf":{"@id":"https:\/\/liebke-foto.de\/maerkischeslicht\/landpartie-ins-granseer-land\/"},"author":{"name":"Frank Liebke","@id":"https:\/\/liebke-foto.de\/maerkischeslicht\/#\/schema\/person\/d71108abc09a723daeeb8526a33137ee"},"headline":"LANDpartie ins Granseer Land","datePublished":"2015-01-30T18:49:46+00:00","dateModified":"2022-07-03T21:26:54+00:00","mainEntityOfPage":{"@id":"https:\/\/liebke-foto.de\/maerkischeslicht\/landpartie-ins-granseer-land\/"},"wordCount":1340,"commentCount":0,"publisher":{"@id":"https:\/\/liebke-foto.de\/maerkischeslicht\/#\/schema\/person\/d71108abc09a723daeeb8526a33137ee"},"image":{"@id":"https:\/\/liebke-foto.de\/maerkischeslicht\/landpartie-ins-granseer-land\/#primaryimage"},"thumbnailUrl":"https:\/\/liebke-foto.de\/maerkischeslicht\/wp-content\/uploads\/2015\/01\/FL8_72211.jpg","articleSection":["Im Land Brandenburg unterwegs","Menschliches aus der Mark"],"inLanguage":"de","potentialAction":[{"@type":"CommentAction","name":"Comment","target":["https:\/\/liebke-foto.de\/maerkischeslicht\/landpartie-ins-granseer-land\/#respond"]}]},{"@type":"WebPage","@id":"https:\/\/liebke-foto.de\/maerkischeslicht\/landpartie-ins-granseer-land\/","url":"https:\/\/liebke-foto.de\/maerkischeslicht\/landpartie-ins-granseer-land\/","name":"LANDpartie ins Granseer Land - M\u00e4rkisches Licht - Der Fotograf der Stille","isPartOf":{"@id":"https:\/\/liebke-foto.de\/maerkischeslicht\/#website"},"primaryImageOfPage":{"@id":"https:\/\/liebke-foto.de\/maerkischeslicht\/landpartie-ins-granseer-land\/#primaryimage"},"image":{"@id":"https:\/\/liebke-foto.de\/maerkischeslicht\/landpartie-ins-granseer-land\/#primaryimage"},"thumbnailUrl":"https:\/\/liebke-foto.de\/maerkischeslicht\/wp-content\/uploads\/2015\/01\/FL8_72211.jpg","datePublished":"2015-01-30T18:49:46+00:00","dateModified":"2022-07-03T21:26:54+00:00","description":"LANDpartie ins Granseer Land","breadcrumb":{"@id":"https:\/\/liebke-foto.de\/maerkischeslicht\/landpartie-ins-granseer-land\/#breadcrumb"},"inLanguage":"de","potentialAction":[{"@type":"ReadAction","target":["https:\/\/liebke-foto.de\/maerkischeslicht\/landpartie-ins-granseer-land\/"]}]},{"@type":"ImageObject","inLanguage":"de","@id":"https:\/\/liebke-foto.de\/maerkischeslicht\/landpartie-ins-granseer-land\/#primaryimage","url":"https:\/\/liebke-foto.de\/maerkischeslicht\/wp-content\/uploads\/2015\/01\/FL8_72211.jpg","contentUrl":"https:\/\/liebke-foto.de\/maerkischeslicht\/wp-content\/uploads\/2015\/01\/FL8_72211.jpg","width":1400,"height":934},{"@type":"BreadcrumbList","@id":"https:\/\/liebke-foto.de\/maerkischeslicht\/landpartie-ins-granseer-land\/#breadcrumb","itemListElement":[{"@type":"ListItem","position":1,"name":"Startseite","item":"https:\/\/liebke-foto.de\/maerkischeslicht\/"},{"@type":"ListItem","position":2,"name":"LANDpartie ins Granseer Land"}]},{"@type":"WebSite","@id":"https:\/\/liebke-foto.de\/maerkischeslicht\/#website","url":"https:\/\/liebke-foto.de\/maerkischeslicht\/","name":"M\u00e4rkisches Licht - Der Fotograf der Stille","description":"Die Liebe zum Leben...","publisher":{"@id":"https:\/\/liebke-foto.de\/maerkischeslicht\/#\/schema\/person\/d71108abc09a723daeeb8526a33137ee"},"potentialAction":[{"@type":"SearchAction","target":{"@type":"EntryPoint","urlTemplate":"https:\/\/liebke-foto.de\/maerkischeslicht\/?s={search_term_string}"},"query-input":{"@type":"PropertyValueSpecification","valueRequired":true,"valueName":"search_term_string"}}],"inLanguage":"de"},{"@type":["Person","Organization"],"@id":"https:\/\/liebke-foto.de\/maerkischeslicht\/#\/schema\/person\/d71108abc09a723daeeb8526a33137ee","name":"Frank Liebke","image":{"@type":"ImageObject","inLanguage":"de","@id":"https:\/\/liebke-foto.de\/maerkischeslicht\/wp-content\/uploads\/2021\/12\/IMG-20211024-WA0001.jpg","url":"https:\/\/liebke-foto.de\/maerkischeslicht\/wp-content\/uploads\/2021\/12\/IMG-20211024-WA0001.jpg","contentUrl":"https:\/\/liebke-foto.de\/maerkischeslicht\/wp-content\/uploads\/2021\/12\/IMG-20211024-WA0001.jpg","width":900,"height":1600,"caption":"Frank Liebke"},"logo":{"@id":"https:\/\/liebke-foto.de\/maerkischeslicht\/wp-content\/uploads\/2021\/12\/IMG-20211024-WA0001.jpg"},"sameAs":["https:\/\/liebke-foto.de"],"url":"https:\/\/liebke-foto.de\/maerkischeslicht\/author\/adminuser\/"}]}},"_links":{"self":[{"href":"https:\/\/liebke-foto.de\/maerkischeslicht\/wp-json\/wp\/v2\/posts\/2025","targetHints":{"allow":["GET"]}}],"collection":[{"href":"https:\/\/liebke-foto.de\/maerkischeslicht\/wp-json\/wp\/v2\/posts"}],"about":[{"href":"https:\/\/liebke-foto.de\/maerkischeslicht\/wp-json\/wp\/v2\/types\/post"}],"author":[{"embeddable":true,"href":"https:\/\/liebke-foto.de\/maerkischeslicht\/wp-json\/wp\/v2\/users\/1"}],"replies":[{"embeddable":true,"href":"https:\/\/liebke-foto.de\/maerkischeslicht\/wp-json\/wp\/v2\/comments?post=2025"}],"version-history":[{"count":12,"href":"https:\/\/liebke-foto.de\/maerkischeslicht\/wp-json\/wp\/v2\/posts\/2025\/revisions"}],"predecessor-version":[{"id":6088,"href":"https:\/\/liebke-foto.de\/maerkischeslicht\/wp-json\/wp\/v2\/posts\/2025\/revisions\/6088"}],"wp:featuredmedia":[{"embeddable":true,"href":"https:\/\/liebke-foto.de\/maerkischeslicht\/wp-json\/wp\/v2\/media\/2035"}],"wp:attachment":[{"href":"https:\/\/liebke-foto.de\/maerkischeslicht\/wp-json\/wp\/v2\/media?parent=2025"}],"wp:term":[{"taxonomy":"category","embeddable":true,"href":"https:\/\/liebke-foto.de\/maerkischeslicht\/wp-json\/wp\/v2\/categories?post=2025"},{"taxonomy":"post_tag","embeddable":true,"href":"https:\/\/liebke-foto.de\/maerkischeslicht\/wp-json\/wp\/v2\/tags?post=2025"}],"curies":[{"name":"wp","href":"https:\/\/api.w.org\/{rel}","templated":true}]}}