{"id":1938,"date":"2015-01-03T19:24:39","date_gmt":"2015-01-03T17:24:39","guid":{"rendered":"http:\/\/liebke-foto.de\/maerkischeslicht\/?p=1938"},"modified":"2022-07-03T23:27:21","modified_gmt":"2022-07-03T21:27:21","slug":"die-kamera-macht-das-bild","status":"publish","type":"post","link":"https:\/\/liebke-foto.de\/maerkischeslicht\/die-kamera-macht-das-bild\/","title":{"rendered":"Die Kamera macht das Bild?"},"content":{"rendered":"<div class=\"wp-block-image\">\n<figure class=\"aligncenter\"><a href=\"https:\/\/liebke-foto.de\/maerkischeslicht\/wp-content\/uploads\/2015\/01\/DSCF9494.jpg\"><img loading=\"lazy\" decoding=\"async\" width=\"1400\" height=\"941\" src=\"https:\/\/liebke-foto.de\/maerkischeslicht\/wp-content\/uploads\/2015\/01\/DSCF9494.jpg\" alt=\"Bei Neuholland Januar 2003 mit FujiS2Pro, jpg\" class=\"wp-image-1942\" srcset=\"https:\/\/liebke-foto.de\/maerkischeslicht\/wp-content\/uploads\/2015\/01\/DSCF9494.jpg 1400w, https:\/\/liebke-foto.de\/maerkischeslicht\/wp-content\/uploads\/2015\/01\/DSCF9494-1190x800.jpg 1190w\" sizes=\"auto, (max-width: 1400px) 100vw, 1400px\" \/><\/a><figcaption>Bei Neuholland Januar 2003 mit FujiS2Pro, jpg<\/figcaption><\/figure>\n<\/div>\n\n\n<p>Stimmt! Das ist wie beim Maler, sein Pinsel macht dort auch das Bild \ud83d\ude09 , oder wie Helmut Newton einmal nach einem guten Essen in einem Restaurant vom Chefkoch angesprochen wurde &#8222;Sie machen sehr gute Bilder, sie haben sicher eine teure Kamera&#8220; und Newton darauf konterte &#8222;Ihr Essen war ausgezeichnet, sie haben sicher sehr teure T\u00f6pfe&#8220; \ud83d\ude00 <\/p>\n\n\n\n<p>Ja, das sind die Anekdoten, die ich so liebe.<\/p>\n\n\n\n<p>Nun denn, klar, ohne Kamera kein Bild. Aber wenn man nicht in der Lage ist zu SEHEN, wird das auch nichts \ud83d\ude09 . Die Kamera ist das Werkzeug und richtig ist, mit einer qualitativ besseren Kamera hat man die M\u00d6GLICHKEIT bessere Bilder zu machen, als mit einer Billigknipse oder einem Billighandy fr\u00fcherer Generation. <\/p>\n\n\n\n<p>Stimmt, die\/der hinter der Kamera machen das Bild. Und trotzdem gehe ich soweit zu behaupten, dass jemand der in der Lage ist ein Motiv zu sehen und zu komponieren, ein besseres Bild mit einer &#8222;schlechteren&#8220; Kamera macht als einer der nicht &#8222;sieht&#8220; mit der hypermodernsten Supermegapixelkamera im Wert von mehreren tausen Euro. <\/p>\n\n\n\n<p>Alles relativ, ich wei\u00df, denn als dritte Komponente kommt noch der Geschmack und als vierte das was man modern bezeichnet hinzu. Trotzdem gibt es viele Bilder, die allen modernistischen Str\u00f6mungen zum Trotz ihren Wert fundamentieren konnten. Und wenn man die so n\u00e4her betrachtet haben sie alle etwas gemein: Eine Komposition, eine Aussage.<\/p>\n\n\n\n<p>Warum nun diese ausschweifenden S\u00e4tze? <\/p>\n\n\n\n<p>Ich bin oft in Blogs, auf den sozial-Diensten, auf Fotografenwebseiten unterwegs. Spannend neben hervorragenden Bildern wird es immer dann, wenn es die M\u00f6glichkeit gibt, Kommentare zu verfassen. F\u00fcr mich am meisten, diese zu lesen \ud83d\ude09 <\/p>\n\n\n\n<p>Allerweltsbilder rutschen meistens kommentarlos durch, aber immer wenn man ein Hammerbild sieht kommen schnell die Fragen\/Diskussionen zur Technik. <\/p>\n\n\n\n<p>Welche Kamera, Objektiv bla bla bla&#8230; . Am Sch\u00e4rfsten finde ich dann schon die detaillierteren Fragen zu ISO, Verschlusszeit usw. In den letzten Jahren oft noch die s\u00fcffisante Feststellung &#8222;aha, ganz sch\u00f6n viel Photoshop!&#8220; Komischerweise aber keine Frage zum Motiv, der Motivation. Oft aber dann noch die Bemerkung: &#8222;Ja, wenn ICH SO EINE Kamera h\u00e4tte&#8230; &#8222;. <\/p>\n\n\n\n<p>Tja, was w\u00e4re dann?? W\u00e4rst Du bereit tagelang zur selben Zeit am fr\u00fchen Morgen oder sp\u00e4ten Abend zur selben Stelle, zum selben MOTIV zu fahren, Dir die Beine in den Bauch zu stehen, zu frieren, zu schwitzen, entt\u00e4uscht sein, resignieren um nie oder dann doch das EINE MAL dann Dein Bild zu bekommen? <\/p>\n\n\n\n<p>W\u00e4rst Du bereit stundenlang bei Regen oder Minusgraden oder in knalliger Hitze Kilometerweit durch Wald und Flur, bepackt mit kiloschwerer Kameraausr\u00fcstung und schweren Stativ zu Deinem Motiv zu wandern oder auf der Wanderung ein Motiv zu finden was dann ein Bild werden k\u00f6nnte? Die wenigsten sind dazu bereit. Ich k\u00f6nnte zu diesem Thema B\u00fccher schreiben und vielleicht, nee ganz sicher, mache ich das auch mal. <\/p>\n\n\n\n<p>Nur soviel zum Abschluss: Ich bin davon \u00fcberzeugt dass es Menschen, Fotografen oder Maler, gibt, die in der Lage sind, bevor sie \u00fcberhaupt ein Werkzeug zur Bilderstellung benutzen schon Bilder in ihrem Kopf, sozusagen mit dem &#8222;inneren Auge&#8220; wie es mal Ansel Adams treffend ausdr\u00fcckte, zu sehen. Die nehmen dann das F\u00dcR SIE RICHTIGE Werkzeug, um diese Bilder f\u00fcr alle sichtbar zu machen. <\/p>\n\n\n\n<p>Aber das geht nicht einfach so. Es bedarf langes, manchmal jahrelanges, jahrzehntelanges lernen und \u00fcben. Genau wie ein Konzertpianist nie das \u00dcben vernachl\u00e4ssigen darf, sollte es der anspruchsvolle Bildhersteller auch nicht vernachl\u00e4ssigen seine Motive sehen zu trainieren. Auch wenn er dann nicht jedes mitnimmt \ud83d\ude09 . Und dieses Werkzeug wird f\u00fcr dem einen die analoge Plattenkamera, f\u00fcr den n\u00e4chsten das Handy, die Nikon, Canon, Sony, PhaseONE oder was wei\u00df ich noch sein. Und dem guten Bild wird es nicht anzusehen sein, da schaut keiner mehr ob der Grashalm rechts unten in der Ecke superknackscharf oder leicht unscharf ist. Denn das ist dann scheissegal (tschuldigung)!<\/p>\n\n\n\n<p>Eins m\u00f6chte ich mal vorwegnehmen, bevor hier einige denken ich halte mich f\u00fcr den \u00dcberflieger und gleich die n\u00e4chste Neidwelle eine Runde macht. Das sicher nicht, aber ich wei\u00df, das was ich mache, mache ich gut. Auch das kam nicht von ungef\u00e4hr. Seitdem ich in den 70ern der Fotografie verfiel, habe ich immer an der Qualit\u00e4t meiner Bilder gearbeitet. Habe mir wirklich alles selbst beigebracht, das ging in den sp\u00e4ten 80ern sogar soweit, dass ich meine eigenen Farbentwickler selbst erfand und verbesserte. <\/p>\n\n\n\n<p>Chemikalien nach eigenem Rezept erstellte um bessere Farben aus den ORWO-Filmen und den FOMA-Papieren zu holen. Was auch sehr gut klappte. Wie gesagt, man hat Bilder im Kopf und dazu geh\u00f6ren auch die Farben. Und da sind wir wieder in der Jetztzeit. Was damals so extrem kompliziert war ist dagegen heute sehr einfach geworden. <\/p>\n\n\n\n<p>Keine Dunkelkammer mehr, man sieht sein Bild schon unmittelbar nach der Aufnahme auf dem Display, kann sogar korrigieren wenn man sieht dass da was schief gelaufen ist. Und man hat auf dem Rechner Photoshop, ganz nat\u00fcrlich. Genau wie man fr\u00fcher in der Dunkelkammer einen Vergr\u00f6\u00dferer, Farbfilter und Entwicklungsschalen hatte, auch ganz nat\u00fcrlich. Und genau wie fr\u00fcher die Filme nie in der Lage waren extreme Lichtgegens\u00e4tze befriedigend darzustellen, genauso k\u00f6nnen das die heutigen Pixelboliden auch (noch) nicht perfekt. Ebenso&nbsp;wie man das mit Tricks fr\u00fcher beim Vergr\u00f6\u00dfern auszugleichen versuchte, kann man das heute in sehr befriedigender Qualit\u00e4t. <\/p>\n\n\n\n<p>Aber dazu muss man auch heute noch immer genau wissen was man tut, soll hei\u00dfen, ohne sich auf den Hintern zu setzen und die Grundlagen zu lernen wird das auch jetzt nichts. Da helfen auch keine Blogs oder B\u00fccher von selbsternannten Gurus, die ihre Unwissenheit und &#8222;Ergebnisse&#8220; (ich denke da nur als Beispiel an die extrem vermanschten und verbunteten sogenannten HDRs \ud83d\ude41 &nbsp;), ihr Halbwissen als den Stein der Erkenntnis verkaufen: &#8222;Nur anders sein ist gut, Hauptsache anders!!&#8220; (Gott wirf Hirn vom Himmel). Und ja, jeder findet zu jeder Zeit immer seine Gefolgschaft, auch nicht neu aber kein Ma\u00dfstab f\u00fcr Qualit\u00e4t \ud83d\ude09 .<\/p>\n\n\n\n<p>Diese Gedanken sind mir heute durch den Kopf gegangen als ich in meinem Winterarchiv kramte. Da fiel mir auch das obige Bild, was mich zur Facebook-Frage verleitete, in die H\u00e4nde. Ich besa\u00df meine erste Digitalkamera, eine FujiS2Pro. Die hatte (interpolierte) 12Megapixel, das ist eine Gr\u00f6\u00dfe wo die lange Seite bei voller Offsetdruckaufl\u00f6sung von 300dpi 36cm misst. <\/p>\n\n\n\n<p>Das Ding (Geh\u00e4use ohne Objektiv) kostete 3000,00 \u20ac, hatte einen Objektivanschluss von Nikon denn das Geh\u00e4use basierte auf ein analoges Modell. Da der Chip 1,5mal kleiner war als der gel\u00e4ufige Kleinbildfilm mit 2,4cmx3,6cm (jetzige Vollformatdigitalkameras haben wieder dieses Format), hatten die benutzten Objektive diese scheinbare Brennweitenverl\u00e4ngerung von ebenfalls 1,5. Bei Teleobjektiven gern gesehen waren sie f\u00fcr Weitwinkel ein Greuel. Richtig Spa\u00df machte mir das Fotografieren damit nicht, der Sucher war so klein dass man den Eindruck bekam man schaut in einen Tunnel wenn man da durch sah. Und damit dann Bilder komponieren? <\/p>\n\n\n\n<p>Ein Greuel. Und trotzdem gew\u00f6hnt man sich an alles. Ich arbeitete damit von 2002-2006, hatte von Kalender bis zum Bildband viele ver\u00f6ffentlichte Bilder damit gemacht. Speicherkarten waren damals l\u00e4cherlich klein und nichtl\u00e4cherlich teuer! Deshalb und auch weil das Wissen fehlte nahm ich in der ersten Zeit alle Bilder als JPG auf. Die Software in der Kamera machte je nach Einstellung ihren Job. Ich habe mir das Schneebild heute auf meinem 27z\u00f6ller angesehen, bei 100% . Ja, man sieht ein paar Artefakte. <\/p>\n\n\n\n<p>Aber mit meinem heutigen Wissen um die Bildbearbeitung konnte ich auch aus diesem alten Foto ein ansprechendes und technisch gen\u00fcgendes Bild herstellen. Wohl gemerkt, alles was jetzt zu sehen ist war schon immer zu sehen, schon immer da, Farbe und Kontrast auf den Augeneindruck leicht angepasst. Es lohnt sich, niemals ein Bild wegzuwerfen, wenn es ein Bild ist. Die technischen M\u00f6glichkeiten werden immer besser; man wird selbst auch immer besser. Dass technische Unzul\u00e4nglichkeiten zu beseitigen m\u00f6glich geworden ist, eben zu Gunsten des sch\u00f6nen Bildes ist eine gute Errungenschaft. <\/p>\n\n\n\n<p>Und ich denke die besten Verbesserungen in den Kameras ist der enorm gewachsene Dynamikumfang der Chips bei immer weiter verbessertem Rauschverhalten, gerade in den Schattenbereichen und bei der Nutzung hoher ISO-Zahlen. So sitze ich gerade bei der Zusammenstellung einer Bildauswahl vom Weihnachtsmarkt f\u00fcr einen Kunden. Dort habe ich alles ohne Blitz fotografiert, teilweise mit ISO 5000 und mehr. Trotzdem ist eine enorme Schattenzeichnung zu sehen bei gleichzeitig kraftvoller Farbe. Und so bleibt die Stimmung, auf die es ja ankommt, erhalten. H\u00e4tte ich sowas schon in meiner Jugend gehabt&#8230;<\/p>\n\n\n\n<p>Und so habe ich mir mal den Spa\u00df gemacht, eine Auswahl aus meinem Archiv zusammen zu stellen. Der Jahreszeit entsprechend nur Winterbilder. Ich denke, das zeigt, dass es wirklich egal ist, welches Werkzeug sein liebstes ist wenn man nur immer wei\u00df was man tut \ud83d\ude09 In diesem Sinne w\u00fcnsche ich viel Spa\u00df bei der Bild- und Technikschau \ud83d\ude42 (wird sicher fortgesetzt&#8230; )<\/p>\n\n\n<div class=\"wp-block-image\">\n<figure class=\"aligncenter size-large\"><a href=\"https:\/\/liebke-foto.de\/maerkischeslicht\/wp-content\/uploads\/2015\/01\/Sommerfeld_Panorama1V.jpg\"><img loading=\"lazy\" decoding=\"async\" width=\"2000\" height=\"1024\" src=\"https:\/\/liebke-foto.de\/maerkischeslicht\/wp-content\/uploads\/2015\/01\/Sommerfeld_Panorama1V.jpg\" alt=\"Bei Sommerfeld, Sinar mit Rollfilmkassette 6x12cm\" class=\"wp-image-1943\" srcset=\"https:\/\/liebke-foto.de\/maerkischeslicht\/wp-content\/uploads\/2015\/01\/Sommerfeld_Panorama1V.jpg 2000w, https:\/\/liebke-foto.de\/maerkischeslicht\/wp-content\/uploads\/2015\/01\/Sommerfeld_Panorama1V-1300x666.jpg 1300w, https:\/\/liebke-foto.de\/maerkischeslicht\/wp-content\/uploads\/2015\/01\/Sommerfeld_Panorama1V-1563x800.jpg 1563w\" sizes=\"auto, (max-width: 2000px) 100vw, 2000px\" \/><\/a><figcaption>Bei Sommerfeld, Sinar mit Rollfilmkassette 6x12cm Negativfilm<\/figcaption><\/figure>\n<\/div>\n\n<div class=\"wp-block-image\">\n<figure class=\"aligncenter size-large\"><a href=\"https:\/\/liebke-foto.de\/maerkischeslicht\/wp-content\/uploads\/2015\/01\/Neuholland01.jpg\"><img loading=\"lazy\" decoding=\"async\" width=\"1400\" height=\"1026\" src=\"https:\/\/liebke-foto.de\/maerkischeslicht\/wp-content\/uploads\/2015\/01\/Neuholland01.jpg\" alt=\"Neuholland Wintermorgen, Sinar 9x12cm Negativfilm\" class=\"wp-image-1945\" srcset=\"https:\/\/liebke-foto.de\/maerkischeslicht\/wp-content\/uploads\/2015\/01\/Neuholland01.jpg 1400w, https:\/\/liebke-foto.de\/maerkischeslicht\/wp-content\/uploads\/2015\/01\/Neuholland01-1092x800.jpg 1092w\" sizes=\"auto, (max-width: 1400px) 100vw, 1400px\" \/><\/a><figcaption>Neuholland Wintermorgen, Sinar 9x12cm Negativfilm<\/figcaption><\/figure>\n<\/div>\n\n<div class=\"wp-block-image\">\n<figure class=\"aligncenter size-large\"><a href=\"https:\/\/liebke-foto.de\/maerkischeslicht\/wp-content\/uploads\/2015\/01\/Neuholland_WinterTC.jpg\"><img loading=\"lazy\" decoding=\"async\" width=\"1400\" height=\"1033\" src=\"https:\/\/liebke-foto.de\/maerkischeslicht\/wp-content\/uploads\/2015\/01\/Neuholland_WinterTC.jpg\" alt=\"Neuholland Wintermorgen, Sinar 9x12cm Negativfilm\" class=\"wp-image-1950\" srcset=\"https:\/\/liebke-foto.de\/maerkischeslicht\/wp-content\/uploads\/2015\/01\/Neuholland_WinterTC.jpg 1400w, https:\/\/liebke-foto.de\/maerkischeslicht\/wp-content\/uploads\/2015\/01\/Neuholland_WinterTC-1084x800.jpg 1084w\" sizes=\"auto, (max-width: 1400px) 100vw, 1400px\" \/><\/a><figcaption>Neuholland Wintermorgen, Sinar 9x12cm Negativfilm<\/figcaption><\/figure>\n<\/div>\n\n<div class=\"wp-block-image\">\n<figure class=\"aligncenter size-large\"><a href=\"https:\/\/liebke-foto.de\/maerkischeslicht\/wp-content\/uploads\/2015\/01\/Bratapfel_0061-1.jpg\"><img loading=\"lazy\" decoding=\"async\" width=\"1400\" height=\"932\" src=\"https:\/\/liebke-foto.de\/maerkischeslicht\/wp-content\/uploads\/2015\/01\/Bratapfel_0061-1.jpg\" alt=\"Advent,Werbefoto f\u00fcr Stadtwerke Oranienburg, Nikon D200 und 2\/35Nikkor MF\" class=\"wp-image-1944\" srcset=\"https:\/\/liebke-foto.de\/maerkischeslicht\/wp-content\/uploads\/2015\/01\/Bratapfel_0061-1.jpg 1400w, https:\/\/liebke-foto.de\/maerkischeslicht\/wp-content\/uploads\/2015\/01\/Bratapfel_0061-1-1202x800.jpg 1202w\" sizes=\"auto, (max-width: 1400px) 100vw, 1400px\" \/><\/a><figcaption>Advent,Werbefoto f\u00fcr Stadtwerke Oranienburg, Nikon D200 und 2\/35Nikkor MF<\/figcaption><\/figure>\n<\/div>\n\n<div class=\"wp-block-image\">\n<figure class=\"aligncenter size-large\"><a href=\"https:\/\/liebke-foto.de\/maerkischeslicht\/wp-content\/uploads\/2015\/01\/LIE3319.jpg\"><img loading=\"lazy\" decoding=\"async\" width=\"2000\" height=\"740\" src=\"https:\/\/liebke-foto.de\/maerkischeslicht\/wp-content\/uploads\/2015\/01\/LIE3319.jpg\" alt=\"Schlosspark Gro\u00df Ziethen, Oberhavel, Nikon D200\" class=\"wp-image-1946\" srcset=\"https:\/\/liebke-foto.de\/maerkischeslicht\/wp-content\/uploads\/2015\/01\/LIE3319.jpg 2000w, https:\/\/liebke-foto.de\/maerkischeslicht\/wp-content\/uploads\/2015\/01\/LIE3319-1300x481.jpg 1300w, https:\/\/liebke-foto.de\/maerkischeslicht\/wp-content\/uploads\/2015\/01\/LIE3319-1600x592.jpg 1600w\" sizes=\"auto, (max-width: 2000px) 100vw, 2000px\" \/><\/a><figcaption>Schlosspark Gro\u00df Ziethen, Oberhavel, Nikon D200<\/figcaption><\/figure>\n<\/div>\n\n<div class=\"wp-block-image\">\n<figure class=\"aligncenter size-large\"><a href=\"https:\/\/liebke-foto.de\/maerkischeslicht\/wp-content\/uploads\/2015\/01\/Staffelde_LIE3397.jpg\"><img loading=\"lazy\" decoding=\"async\" width=\"1400\" height=\"937\" src=\"https:\/\/liebke-foto.de\/maerkischeslicht\/wp-content\/uploads\/2015\/01\/Staffelde_LIE3397.jpg\" alt=\"Rauhreif Allee von Gro\u00df Ziethen nach Staffelde, Nikon D200\" class=\"wp-image-1941\" srcset=\"https:\/\/liebke-foto.de\/maerkischeslicht\/wp-content\/uploads\/2015\/01\/Staffelde_LIE3397.jpg 1400w, https:\/\/liebke-foto.de\/maerkischeslicht\/wp-content\/uploads\/2015\/01\/Staffelde_LIE3397-1195x800.jpg 1195w\" sizes=\"auto, (max-width: 1400px) 100vw, 1400px\" \/><\/a><figcaption>Rauhreif Allee von Gro\u00df Ziethen nach Staffelde, Nikon D200<\/figcaption><\/figure>\n<\/div>\n\n<div class=\"wp-block-image\">\n<figure class=\"aligncenter size-large\"><a href=\"https:\/\/liebke-foto.de\/maerkischeslicht\/wp-content\/uploads\/2015\/01\/LIE8561v.jpg\"><img loading=\"lazy\" decoding=\"async\" width=\"1400\" height=\"932\" src=\"https:\/\/liebke-foto.de\/maerkischeslicht\/wp-content\/uploads\/2015\/01\/LIE8561v.jpg\" alt=\"Naturpark Barnim in Sachsenhausen, Nikon D700\" class=\"wp-image-1951\" srcset=\"https:\/\/liebke-foto.de\/maerkischeslicht\/wp-content\/uploads\/2015\/01\/LIE8561v.jpg 1400w, https:\/\/liebke-foto.de\/maerkischeslicht\/wp-content\/uploads\/2015\/01\/LIE8561v-1202x800.jpg 1202w\" sizes=\"auto, (max-width: 1400px) 100vw, 1400px\" \/><\/a><figcaption>Naturpark Barnim in Sachsenhausen, Nikon D700<\/figcaption><\/figure>\n<\/div>\n\n<div class=\"wp-block-image\">\n<figure class=\"aligncenter size-large\"><a href=\"https:\/\/liebke-foto.de\/maerkischeslicht\/wp-content\/uploads\/2015\/01\/LIE0424.jpg\"><img loading=\"lazy\" decoding=\"async\" width=\"745\" height=\"1000\" src=\"https:\/\/liebke-foto.de\/maerkischeslicht\/wp-content\/uploads\/2015\/01\/LIE0424.jpg\" alt=\"Kirche in Birkenwerder, Nikon D700\" class=\"wp-image-1949\" srcset=\"https:\/\/liebke-foto.de\/maerkischeslicht\/wp-content\/uploads\/2015\/01\/LIE0424.jpg 745w, https:\/\/liebke-foto.de\/maerkischeslicht\/wp-content\/uploads\/2015\/01\/LIE0424-596x800.jpg 596w\" sizes=\"auto, (max-width: 745px) 100vw, 745px\" \/><\/a><figcaption>Kirche in Birkenwerder, Nikon D700<\/figcaption><\/figure>\n<\/div>\n\n<div class=\"wp-block-image\">\n<figure class=\"aligncenter size-large\"><a href=\"https:\/\/liebke-foto.de\/maerkischeslicht\/wp-content\/uploads\/2015\/01\/LIE8437.jpg\"><img loading=\"lazy\" decoding=\"async\" width=\"1400\" height=\"932\" src=\"https:\/\/liebke-foto.de\/maerkischeslicht\/wp-content\/uploads\/2015\/01\/LIE8437.jpg\" alt=\"Havel Sachsenhausen, Nikon D700, RAW\" class=\"wp-image-1947\" srcset=\"https:\/\/liebke-foto.de\/maerkischeslicht\/wp-content\/uploads\/2015\/01\/LIE8437.jpg 1400w, https:\/\/liebke-foto.de\/maerkischeslicht\/wp-content\/uploads\/2015\/01\/LIE8437-1202x800.jpg 1202w\" sizes=\"auto, (max-width: 1400px) 100vw, 1400px\" \/><\/a><figcaption>Havel Sachsenhausen, Nikon D700, RAW<\/figcaption><\/figure>\n<\/div>\n\n<div class=\"wp-block-image\">\n<figure class=\"aligncenter size-large\"><a href=\"https:\/\/liebke-foto.de\/maerkischeslicht\/wp-content\/uploads\/2015\/01\/FL8_6195v.jpg\"><img loading=\"lazy\" decoding=\"async\" width=\"1400\" height=\"934\" src=\"https:\/\/liebke-foto.de\/maerkischeslicht\/wp-content\/uploads\/2015\/01\/FL8_6195v.jpg\" alt=\"Bei Sch\u00f6nflie\u00df, Nikon D800\" class=\"wp-image-1956\" srcset=\"https:\/\/liebke-foto.de\/maerkischeslicht\/wp-content\/uploads\/2015\/01\/FL8_6195v.jpg 1400w, https:\/\/liebke-foto.de\/maerkischeslicht\/wp-content\/uploads\/2015\/01\/FL8_6195v-1199x800.jpg 1199w\" sizes=\"auto, (max-width: 1400px) 100vw, 1400px\" \/><\/a><figcaption>Bei Sch\u00f6nflie\u00df, Nikon D800<\/figcaption><\/figure>\n<\/div>\n\n<div class=\"wp-block-image\">\n<figure class=\"aligncenter size-large\"><a href=\"https:\/\/liebke-foto.de\/maerkischeslicht\/wp-content\/uploads\/2015\/01\/FL8_4748.jpg\"><img loading=\"lazy\" decoding=\"async\" width=\"1400\" height=\"726\" src=\"https:\/\/liebke-foto.de\/maerkischeslicht\/wp-content\/uploads\/2015\/01\/FL8_4748.jpg\" alt=\"Glienicke, Nikon D800\" class=\"wp-image-1953\" srcset=\"https:\/\/liebke-foto.de\/maerkischeslicht\/wp-content\/uploads\/2015\/01\/FL8_4748.jpg 1400w, https:\/\/liebke-foto.de\/maerkischeslicht\/wp-content\/uploads\/2015\/01\/FL8_4748-1300x674.jpg 1300w\" sizes=\"auto, (max-width: 1400px) 100vw, 1400px\" \/><\/a><figcaption>Glienicke, Nikon D800<\/figcaption><\/figure>\n<\/div>\n\n<div class=\"wp-block-image\">\n<figure class=\"aligncenter size-large\"><a href=\"https:\/\/liebke-foto.de\/maerkischeslicht\/wp-content\/uploads\/2015\/01\/FL8_4761.jpg\"><img loading=\"lazy\" decoding=\"async\" width=\"1400\" height=\"934\" src=\"https:\/\/liebke-foto.de\/maerkischeslicht\/wp-content\/uploads\/2015\/01\/FL8_4761.jpg\" alt=\"Dorfteich Glienicke, Nikon D800\" class=\"wp-image-1955\" srcset=\"https:\/\/liebke-foto.de\/maerkischeslicht\/wp-content\/uploads\/2015\/01\/FL8_4761.jpg 1400w, https:\/\/liebke-foto.de\/maerkischeslicht\/wp-content\/uploads\/2015\/01\/FL8_4761-1199x800.jpg 1199w\" sizes=\"auto, (max-width: 1400px) 100vw, 1400px\" \/><\/a><figcaption>Dorfteich Glienicke, Nikon D800<\/figcaption><\/figure>\n<\/div>\n\n<div class=\"wp-block-image\">\n<figure class=\"aligncenter size-large\"><a href=\"https:\/\/liebke-foto.de\/maerkischeslicht\/wp-content\/uploads\/2015\/01\/FL8_6203v.jpg\"><img loading=\"lazy\" decoding=\"async\" width=\"1400\" height=\"934\" src=\"https:\/\/liebke-foto.de\/maerkischeslicht\/wp-content\/uploads\/2015\/01\/FL8_6203v.jpg\" alt=\"Dorfteich Glienicke, Nikon D800\" class=\"wp-image-1957\" srcset=\"https:\/\/liebke-foto.de\/maerkischeslicht\/wp-content\/uploads\/2015\/01\/FL8_6203v.jpg 1400w, https:\/\/liebke-foto.de\/maerkischeslicht\/wp-content\/uploads\/2015\/01\/FL8_6203v-1199x800.jpg 1199w\" sizes=\"auto, (max-width: 1400px) 100vw, 1400px\" \/><\/a><figcaption>Dorfteich Glienicke, Nikon D800<\/figcaption><\/figure>\n<\/div>\n\n<div class=\"wp-block-image\">\n<figure class=\"aligncenter size-large\"><a href=\"https:\/\/liebke-foto.de\/maerkischeslicht\/wp-content\/uploads\/2015\/01\/FL8_6303V.jpg\"><img loading=\"lazy\" decoding=\"async\" width=\"1400\" height=\"934\" src=\"https:\/\/liebke-foto.de\/maerkischeslicht\/wp-content\/uploads\/2015\/01\/FL8_6303V.jpg\" alt=\"Eichwerder Moorwiesen im ehemaligen Grenzstreifen von Glienicke, Nikon D800\" class=\"wp-image-1958\" srcset=\"https:\/\/liebke-foto.de\/maerkischeslicht\/wp-content\/uploads\/2015\/01\/FL8_6303V.jpg 1400w, https:\/\/liebke-foto.de\/maerkischeslicht\/wp-content\/uploads\/2015\/01\/FL8_6303V-1199x800.jpg 1199w\" sizes=\"auto, (max-width: 1400px) 100vw, 1400px\" \/><\/a><figcaption>Eichwerder Moorwiesen im ehemaligen Grenzstreifen von Glienicke, Nikon D800<\/figcaption><\/figure>\n<\/div>\n\n<div class=\"wp-block-image\">\n<figure class=\"aligncenter size-large\"><a href=\"https:\/\/liebke-foto.de\/maerkischeslicht\/wp-content\/uploads\/2015\/01\/FL8_6376V.jpg\"><img loading=\"lazy\" decoding=\"async\" width=\"1400\" height=\"934\" src=\"https:\/\/liebke-foto.de\/maerkischeslicht\/wp-content\/uploads\/2015\/01\/FL8_6376V.jpg\" alt=\"Glienicke, Nikon D800\" class=\"wp-image-1959\" srcset=\"https:\/\/liebke-foto.de\/maerkischeslicht\/wp-content\/uploads\/2015\/01\/FL8_6376V.jpg 1400w, https:\/\/liebke-foto.de\/maerkischeslicht\/wp-content\/uploads\/2015\/01\/FL8_6376V-1199x800.jpg 1199w\" sizes=\"auto, (max-width: 1400px) 100vw, 1400px\" \/><\/a><figcaption>Glienicke, Nikon D800<\/figcaption><\/figure>\n<\/div>\n\n<div class=\"wp-block-image\">\n<figure class=\"aligncenter size-large\"><a href=\"https:\/\/liebke-foto.de\/maerkischeslicht\/wp-content\/uploads\/2015\/01\/FL8_6676.jpg\"><img loading=\"lazy\" decoding=\"async\" width=\"1400\" height=\"934\" src=\"https:\/\/liebke-foto.de\/maerkischeslicht\/wp-content\/uploads\/2015\/01\/FL8_6676.jpg\" alt=\"Bergfelde\" class=\"wp-image-1966\" srcset=\"https:\/\/liebke-foto.de\/maerkischeslicht\/wp-content\/uploads\/2015\/01\/FL8_6676.jpg 1400w, https:\/\/liebke-foto.de\/maerkischeslicht\/wp-content\/uploads\/2015\/01\/FL8_6676-1199x800.jpg 1199w\" sizes=\"auto, (max-width: 1400px) 100vw, 1400px\" \/><\/a><figcaption>Bergfelde<\/figcaption><\/figure>\n<\/div>\n\n<div class=\"wp-block-image\">\n<figure class=\"aligncenter size-large\"><a href=\"https:\/\/liebke-foto.de\/maerkischeslicht\/wp-content\/uploads\/2015\/01\/FL8_6646.jpg\"><img loading=\"lazy\" decoding=\"async\" width=\"1400\" height=\"934\" src=\"https:\/\/liebke-foto.de\/maerkischeslicht\/wp-content\/uploads\/2015\/01\/FL8_6646.jpg\" alt=\"Bergfelde\" class=\"wp-image-1965\" srcset=\"https:\/\/liebke-foto.de\/maerkischeslicht\/wp-content\/uploads\/2015\/01\/FL8_6646.jpg 1400w, https:\/\/liebke-foto.de\/maerkischeslicht\/wp-content\/uploads\/2015\/01\/FL8_6646-1199x800.jpg 1199w\" sizes=\"auto, (max-width: 1400px) 100vw, 1400px\" \/><\/a><figcaption>Bergfelde<\/figcaption><\/figure>\n<\/div>\n\n<div class=\"wp-block-image\">\n<figure class=\"aligncenter size-large\"><a href=\"https:\/\/liebke-foto.de\/maerkischeslicht\/wp-content\/uploads\/2015\/01\/FL8_6568.jpg\"><img loading=\"lazy\" decoding=\"async\" width=\"1400\" height=\"934\" src=\"https:\/\/liebke-foto.de\/maerkischeslicht\/wp-content\/uploads\/2015\/01\/FL8_6568.jpg\" alt=\"Bergfelde\" class=\"wp-image-1963\" srcset=\"https:\/\/liebke-foto.de\/maerkischeslicht\/wp-content\/uploads\/2015\/01\/FL8_6568.jpg 1400w, https:\/\/liebke-foto.de\/maerkischeslicht\/wp-content\/uploads\/2015\/01\/FL8_6568-1199x800.jpg 1199w\" sizes=\"auto, (max-width: 1400px) 100vw, 1400px\" \/><\/a><figcaption>Bergfelde<\/figcaption><\/figure>\n<\/div>\n\n<div class=\"wp-block-image\">\n<figure class=\"aligncenter size-large\"><a href=\"https:\/\/liebke-foto.de\/maerkischeslicht\/wp-content\/uploads\/2015\/01\/FL8_6555.jpg\"><img loading=\"lazy\" decoding=\"async\" width=\"1400\" height=\"934\" src=\"https:\/\/liebke-foto.de\/maerkischeslicht\/wp-content\/uploads\/2015\/01\/FL8_6555.jpg\" alt=\"Bergfelde\" class=\"wp-image-1962\" srcset=\"https:\/\/liebke-foto.de\/maerkischeslicht\/wp-content\/uploads\/2015\/01\/FL8_6555.jpg 1400w, https:\/\/liebke-foto.de\/maerkischeslicht\/wp-content\/uploads\/2015\/01\/FL8_6555-1199x800.jpg 1199w\" sizes=\"auto, (max-width: 1400px) 100vw, 1400px\" \/><\/a><figcaption>Bergfelde<\/figcaption><\/figure>\n<\/div>\n\n<div class=\"wp-block-image\">\n<figure class=\"aligncenter size-large\"><a href=\"https:\/\/liebke-foto.de\/maerkischeslicht\/wp-content\/uploads\/2015\/01\/FL8_6493.jpg\"><img loading=\"lazy\" decoding=\"async\" width=\"1400\" height=\"934\" src=\"https:\/\/liebke-foto.de\/maerkischeslicht\/wp-content\/uploads\/2015\/01\/FL8_6493.jpg\" alt=\"Bergfelde\" class=\"wp-image-1961\" srcset=\"https:\/\/liebke-foto.de\/maerkischeslicht\/wp-content\/uploads\/2015\/01\/FL8_6493.jpg 1400w, https:\/\/liebke-foto.de\/maerkischeslicht\/wp-content\/uploads\/2015\/01\/FL8_6493-1199x800.jpg 1199w\" sizes=\"auto, (max-width: 1400px) 100vw, 1400px\" \/><\/a><figcaption>Bergfelde<\/figcaption><\/figure>\n<\/div>\n\n<div class=\"wp-block-image\">\n<figure class=\"aligncenter size-large\"><a href=\"https:\/\/liebke-foto.de\/maerkischeslicht\/wp-content\/uploads\/2015\/01\/FL8_6757.jpg\"><img loading=\"lazy\" decoding=\"async\" width=\"1400\" height=\"934\" src=\"https:\/\/liebke-foto.de\/maerkischeslicht\/wp-content\/uploads\/2015\/01\/FL8_6757.jpg\" alt=\"Glienicke\" class=\"wp-image-1960\" srcset=\"https:\/\/liebke-foto.de\/maerkischeslicht\/wp-content\/uploads\/2015\/01\/FL8_6757.jpg 1400w, https:\/\/liebke-foto.de\/maerkischeslicht\/wp-content\/uploads\/2015\/01\/FL8_6757-1199x800.jpg 1199w\" sizes=\"auto, (max-width: 1400px) 100vw, 1400px\" \/><\/a><figcaption>Glienicke<\/figcaption><\/figure>\n<\/div>\n\n<div class=\"wp-block-image\">\n<figure class=\"aligncenter size-large\"><a href=\"https:\/\/liebke-foto.de\/maerkischeslicht\/wp-content\/uploads\/2015\/01\/FL8_6845.jpg\"><img loading=\"lazy\" decoding=\"async\" width=\"1400\" height=\"934\" src=\"https:\/\/liebke-foto.de\/maerkischeslicht\/wp-content\/uploads\/2015\/01\/FL8_6845.jpg\" alt=\"Vehlefanz\" class=\"wp-image-1967\" srcset=\"https:\/\/liebke-foto.de\/maerkischeslicht\/wp-content\/uploads\/2015\/01\/FL8_6845.jpg 1400w, https:\/\/liebke-foto.de\/maerkischeslicht\/wp-content\/uploads\/2015\/01\/FL8_6845-1199x800.jpg 1199w\" sizes=\"auto, (max-width: 1400px) 100vw, 1400px\" \/><\/a><figcaption>Vehlefanz<\/figcaption><\/figure>\n<\/div>\n\n<div class=\"wp-block-image\">\n<figure class=\"aligncenter size-large\"><a href=\"https:\/\/liebke-foto.de\/maerkischeslicht\/wp-content\/uploads\/2015\/01\/FL8_6901.jpg\"><img loading=\"lazy\" decoding=\"async\" width=\"1400\" height=\"934\" src=\"https:\/\/liebke-foto.de\/maerkischeslicht\/wp-content\/uploads\/2015\/01\/FL8_6901.jpg\" alt=\"M\u00fchlensee Vehlefanz\" class=\"wp-image-1968\" srcset=\"https:\/\/liebke-foto.de\/maerkischeslicht\/wp-content\/uploads\/2015\/01\/FL8_6901.jpg 1400w, https:\/\/liebke-foto.de\/maerkischeslicht\/wp-content\/uploads\/2015\/01\/FL8_6901-1199x800.jpg 1199w\" sizes=\"auto, (max-width: 1400px) 100vw, 1400px\" \/><\/a><figcaption>M\u00fchlensee Vehlefanz<\/figcaption><\/figure>\n<\/div>\n\n\n<div style=\"padding:20px\" class=\"wp-block-tnp-minimal\"><p>Subscribe to our newsletter!<\/p><div><div class=\"tnp tnp-subscription \">\n<form method=\"post\" action=\"https:\/\/liebke-foto.de\/maerkischeslicht\/wp-admin\/admin-ajax.php?action=tnp&amp;na=s\">\n<input type=\"hidden\" name=\"nlang\" value=\"\">\n<div class=\"tnp-field tnp-field-firstname\"><label for=\"tnp-1\">Vorname oder ganzer Name<\/label>\n<input class=\"tnp-name\" type=\"text\" name=\"nn\" id=\"tnp-1\" value=\"\" placeholder=\"\"><\/div>\n<div class=\"tnp-field tnp-field-email\"><label for=\"tnp-2\">Email<\/label>\n<input class=\"tnp-email\" type=\"email\" name=\"ne\" id=\"tnp-2\" value=\"\" placeholder=\"\" required><\/div>\n<div class=\"tnp-field tnp-privacy-field\"><label><input type=\"checkbox\" name=\"ny\" required class=\"tnp-privacy\"> Indem Du fortf\u00e4hrst, akzeptierst Du unsere Datenschutzerkl\u00e4rung.<\/label><\/div><div class=\"tnp-field tnp-field-button\" style=\"text-align: left\"><input class=\"tnp-submit\" type=\"submit\" value=\"Abonnieren\" style=\"\">\n<\/div>\n<\/form>\n<\/div>\n<\/div><\/div>\n\n\n\n\n","protected":false},"excerpt":{"rendered":"<p>Stimmt! Das ist wie beim Maler, sein Pinsel macht dort auch das Bild \ud83d\ude09 , oder wie Helmut Newton einmal nach einem guten&#8230;<\/p>\n","protected":false},"author":1,"featured_media":1942,"comment_status":"open","ping_status":"closed","sticky":false,"template":"","format":"image","meta":{"footnotes":""},"categories":[11,4],"tags":[],"class_list":["post-1938","post","type-post","status-publish","format-image","has-post-thumbnail","hentry","category-im-land-brandenburg-unterwegs","category-equipment","post_format-post-format-image"],"yoast_head":"<!-- This site is optimized with the Yoast SEO plugin v27.5 - https:\/\/yoast.com\/product\/yoast-seo-wordpress\/ -->\n<title>Die Kamera macht das Bild? - M\u00e4rkisches Licht - Der Fotograf der Stille<\/title>\n<meta name=\"description\" content=\"Die Kamera macht das Bild? Na ja...\" \/>\n<meta name=\"robots\" content=\"index, follow, max-snippet:-1, max-image-preview:large, max-video-preview:-1\" \/>\n<link rel=\"canonical\" href=\"https:\/\/liebke-foto.de\/maerkischeslicht\/die-kamera-macht-das-bild\/\" \/>\n<meta property=\"og:locale\" content=\"de_DE\" \/>\n<meta property=\"og:type\" content=\"article\" \/>\n<meta property=\"og:title\" content=\"Die Kamera macht das Bild? - M\u00e4rkisches Licht - Der Fotograf der Stille\" \/>\n<meta property=\"og:description\" content=\"Die Kamera macht das Bild? Na ja...\" \/>\n<meta property=\"og:url\" content=\"https:\/\/liebke-foto.de\/maerkischeslicht\/die-kamera-macht-das-bild\/\" \/>\n<meta property=\"og:site_name\" content=\"M\u00e4rkisches Licht - Der Fotograf der Stille\" \/>\n<meta property=\"article:published_time\" content=\"2015-01-03T17:24:39+00:00\" \/>\n<meta property=\"article:modified_time\" content=\"2022-07-03T21:27:21+00:00\" \/>\n<meta property=\"og:image\" content=\"https:\/\/liebke-foto.de\/maerkischeslicht\/wp-content\/uploads\/2015\/01\/DSCF9494.jpg\" \/>\n\t<meta property=\"og:image:width\" content=\"1400\" \/>\n\t<meta property=\"og:image:height\" content=\"941\" \/>\n\t<meta property=\"og:image:type\" content=\"image\/jpeg\" \/>\n<meta name=\"author\" content=\"Frank Liebke\" \/>\n<meta name=\"twitter:card\" content=\"summary_large_image\" \/>\n<meta name=\"twitter:label1\" content=\"Verfasst von\" \/>\n\t<meta name=\"twitter:data1\" content=\"Frank Liebke\" \/>\n\t<meta name=\"twitter:label2\" content=\"Gesch\u00e4tzte Lesezeit\" \/>\n\t<meta name=\"twitter:data2\" content=\"14\u00a0Minuten\" \/>\n<script type=\"application\/ld+json\" class=\"yoast-schema-graph\">{\"@context\":\"https:\\\/\\\/schema.org\",\"@graph\":[{\"@type\":\"Article\",\"@id\":\"https:\\\/\\\/liebke-foto.de\\\/maerkischeslicht\\\/die-kamera-macht-das-bild\\\/#article\",\"isPartOf\":{\"@id\":\"https:\\\/\\\/liebke-foto.de\\\/maerkischeslicht\\\/die-kamera-macht-das-bild\\\/\"},\"author\":{\"name\":\"Frank Liebke\",\"@id\":\"https:\\\/\\\/liebke-foto.de\\\/maerkischeslicht\\\/#\\\/schema\\\/person\\\/d71108abc09a723daeeb8526a33137ee\"},\"headline\":\"Die Kamera macht das Bild?\",\"datePublished\":\"2015-01-03T17:24:39+00:00\",\"dateModified\":\"2022-07-03T21:27:21+00:00\",\"mainEntityOfPage\":{\"@id\":\"https:\\\/\\\/liebke-foto.de\\\/maerkischeslicht\\\/die-kamera-macht-das-bild\\\/\"},\"wordCount\":1599,\"commentCount\":4,\"publisher\":{\"@id\":\"https:\\\/\\\/liebke-foto.de\\\/maerkischeslicht\\\/#\\\/schema\\\/person\\\/d71108abc09a723daeeb8526a33137ee\"},\"image\":{\"@id\":\"https:\\\/\\\/liebke-foto.de\\\/maerkischeslicht\\\/die-kamera-macht-das-bild\\\/#primaryimage\"},\"thumbnailUrl\":\"https:\\\/\\\/liebke-foto.de\\\/maerkischeslicht\\\/wp-content\\\/uploads\\\/2015\\\/01\\\/DSCF9494.jpg\",\"articleSection\":[\"Im Land Brandenburg unterwegs\",\"Technik\"],\"inLanguage\":\"de\",\"potentialAction\":[{\"@type\":\"CommentAction\",\"name\":\"Comment\",\"target\":[\"https:\\\/\\\/liebke-foto.de\\\/maerkischeslicht\\\/die-kamera-macht-das-bild\\\/#respond\"]}]},{\"@type\":\"WebPage\",\"@id\":\"https:\\\/\\\/liebke-foto.de\\\/maerkischeslicht\\\/die-kamera-macht-das-bild\\\/\",\"url\":\"https:\\\/\\\/liebke-foto.de\\\/maerkischeslicht\\\/die-kamera-macht-das-bild\\\/\",\"name\":\"Die Kamera macht das Bild? - M\u00e4rkisches Licht - Der Fotograf der Stille\",\"isPartOf\":{\"@id\":\"https:\\\/\\\/liebke-foto.de\\\/maerkischeslicht\\\/#website\"},\"primaryImageOfPage\":{\"@id\":\"https:\\\/\\\/liebke-foto.de\\\/maerkischeslicht\\\/die-kamera-macht-das-bild\\\/#primaryimage\"},\"image\":{\"@id\":\"https:\\\/\\\/liebke-foto.de\\\/maerkischeslicht\\\/die-kamera-macht-das-bild\\\/#primaryimage\"},\"thumbnailUrl\":\"https:\\\/\\\/liebke-foto.de\\\/maerkischeslicht\\\/wp-content\\\/uploads\\\/2015\\\/01\\\/DSCF9494.jpg\",\"datePublished\":\"2015-01-03T17:24:39+00:00\",\"dateModified\":\"2022-07-03T21:27:21+00:00\",\"description\":\"Die Kamera macht das Bild? Na ja...\",\"breadcrumb\":{\"@id\":\"https:\\\/\\\/liebke-foto.de\\\/maerkischeslicht\\\/die-kamera-macht-das-bild\\\/#breadcrumb\"},\"inLanguage\":\"de\",\"potentialAction\":[{\"@type\":\"ReadAction\",\"target\":[\"https:\\\/\\\/liebke-foto.de\\\/maerkischeslicht\\\/die-kamera-macht-das-bild\\\/\"]}]},{\"@type\":\"ImageObject\",\"inLanguage\":\"de\",\"@id\":\"https:\\\/\\\/liebke-foto.de\\\/maerkischeslicht\\\/die-kamera-macht-das-bild\\\/#primaryimage\",\"url\":\"https:\\\/\\\/liebke-foto.de\\\/maerkischeslicht\\\/wp-content\\\/uploads\\\/2015\\\/01\\\/DSCF9494.jpg\",\"contentUrl\":\"https:\\\/\\\/liebke-foto.de\\\/maerkischeslicht\\\/wp-content\\\/uploads\\\/2015\\\/01\\\/DSCF9494.jpg\",\"width\":1400,\"height\":941},{\"@type\":\"BreadcrumbList\",\"@id\":\"https:\\\/\\\/liebke-foto.de\\\/maerkischeslicht\\\/die-kamera-macht-das-bild\\\/#breadcrumb\",\"itemListElement\":[{\"@type\":\"ListItem\",\"position\":1,\"name\":\"Startseite\",\"item\":\"https:\\\/\\\/liebke-foto.de\\\/maerkischeslicht\\\/\"},{\"@type\":\"ListItem\",\"position\":2,\"name\":\"Die Kamera macht das Bild?\"}]},{\"@type\":\"WebSite\",\"@id\":\"https:\\\/\\\/liebke-foto.de\\\/maerkischeslicht\\\/#website\",\"url\":\"https:\\\/\\\/liebke-foto.de\\\/maerkischeslicht\\\/\",\"name\":\"M\u00e4rkisches Licht - Der Fotograf der Stille\",\"description\":\"Die Liebe zum Leben...\",\"publisher\":{\"@id\":\"https:\\\/\\\/liebke-foto.de\\\/maerkischeslicht\\\/#\\\/schema\\\/person\\\/d71108abc09a723daeeb8526a33137ee\"},\"potentialAction\":[{\"@type\":\"SearchAction\",\"target\":{\"@type\":\"EntryPoint\",\"urlTemplate\":\"https:\\\/\\\/liebke-foto.de\\\/maerkischeslicht\\\/?s={search_term_string}\"},\"query-input\":{\"@type\":\"PropertyValueSpecification\",\"valueRequired\":true,\"valueName\":\"search_term_string\"}}],\"inLanguage\":\"de\"},{\"@type\":[\"Person\",\"Organization\"],\"@id\":\"https:\\\/\\\/liebke-foto.de\\\/maerkischeslicht\\\/#\\\/schema\\\/person\\\/d71108abc09a723daeeb8526a33137ee\",\"name\":\"Frank Liebke\",\"image\":{\"@type\":\"ImageObject\",\"inLanguage\":\"de\",\"@id\":\"https:\\\/\\\/liebke-foto.de\\\/maerkischeslicht\\\/wp-content\\\/uploads\\\/2021\\\/12\\\/IMG-20211024-WA0001.jpg\",\"url\":\"https:\\\/\\\/liebke-foto.de\\\/maerkischeslicht\\\/wp-content\\\/uploads\\\/2021\\\/12\\\/IMG-20211024-WA0001.jpg\",\"contentUrl\":\"https:\\\/\\\/liebke-foto.de\\\/maerkischeslicht\\\/wp-content\\\/uploads\\\/2021\\\/12\\\/IMG-20211024-WA0001.jpg\",\"width\":900,\"height\":1600,\"caption\":\"Frank Liebke\"},\"logo\":{\"@id\":\"https:\\\/\\\/liebke-foto.de\\\/maerkischeslicht\\\/wp-content\\\/uploads\\\/2021\\\/12\\\/IMG-20211024-WA0001.jpg\"},\"sameAs\":[\"https:\\\/\\\/liebke-foto.de\"],\"url\":\"https:\\\/\\\/liebke-foto.de\\\/maerkischeslicht\\\/author\\\/adminuser\\\/\"}]}<\/script>\n<!-- \/ Yoast SEO plugin. -->","yoast_head_json":{"title":"Die Kamera macht das Bild? - M\u00e4rkisches Licht - Der Fotograf der Stille","description":"Die Kamera macht das Bild? Na ja...","robots":{"index":"index","follow":"follow","max-snippet":"max-snippet:-1","max-image-preview":"max-image-preview:large","max-video-preview":"max-video-preview:-1"},"canonical":"https:\/\/liebke-foto.de\/maerkischeslicht\/die-kamera-macht-das-bild\/","og_locale":"de_DE","og_type":"article","og_title":"Die Kamera macht das Bild? - M\u00e4rkisches Licht - Der Fotograf der Stille","og_description":"Die Kamera macht das Bild? Na ja...","og_url":"https:\/\/liebke-foto.de\/maerkischeslicht\/die-kamera-macht-das-bild\/","og_site_name":"M\u00e4rkisches Licht - Der Fotograf der Stille","article_published_time":"2015-01-03T17:24:39+00:00","article_modified_time":"2022-07-03T21:27:21+00:00","og_image":[{"width":1400,"height":941,"url":"https:\/\/liebke-foto.de\/maerkischeslicht\/wp-content\/uploads\/2015\/01\/DSCF9494.jpg","type":"image\/jpeg"}],"author":"Frank Liebke","twitter_card":"summary_large_image","twitter_misc":{"Verfasst von":"Frank Liebke","Gesch\u00e4tzte Lesezeit":"14\u00a0Minuten"},"schema":{"@context":"https:\/\/schema.org","@graph":[{"@type":"Article","@id":"https:\/\/liebke-foto.de\/maerkischeslicht\/die-kamera-macht-das-bild\/#article","isPartOf":{"@id":"https:\/\/liebke-foto.de\/maerkischeslicht\/die-kamera-macht-das-bild\/"},"author":{"name":"Frank Liebke","@id":"https:\/\/liebke-foto.de\/maerkischeslicht\/#\/schema\/person\/d71108abc09a723daeeb8526a33137ee"},"headline":"Die Kamera macht das Bild?","datePublished":"2015-01-03T17:24:39+00:00","dateModified":"2022-07-03T21:27:21+00:00","mainEntityOfPage":{"@id":"https:\/\/liebke-foto.de\/maerkischeslicht\/die-kamera-macht-das-bild\/"},"wordCount":1599,"commentCount":4,"publisher":{"@id":"https:\/\/liebke-foto.de\/maerkischeslicht\/#\/schema\/person\/d71108abc09a723daeeb8526a33137ee"},"image":{"@id":"https:\/\/liebke-foto.de\/maerkischeslicht\/die-kamera-macht-das-bild\/#primaryimage"},"thumbnailUrl":"https:\/\/liebke-foto.de\/maerkischeslicht\/wp-content\/uploads\/2015\/01\/DSCF9494.jpg","articleSection":["Im Land Brandenburg unterwegs","Technik"],"inLanguage":"de","potentialAction":[{"@type":"CommentAction","name":"Comment","target":["https:\/\/liebke-foto.de\/maerkischeslicht\/die-kamera-macht-das-bild\/#respond"]}]},{"@type":"WebPage","@id":"https:\/\/liebke-foto.de\/maerkischeslicht\/die-kamera-macht-das-bild\/","url":"https:\/\/liebke-foto.de\/maerkischeslicht\/die-kamera-macht-das-bild\/","name":"Die Kamera macht das Bild? - M\u00e4rkisches Licht - Der Fotograf der Stille","isPartOf":{"@id":"https:\/\/liebke-foto.de\/maerkischeslicht\/#website"},"primaryImageOfPage":{"@id":"https:\/\/liebke-foto.de\/maerkischeslicht\/die-kamera-macht-das-bild\/#primaryimage"},"image":{"@id":"https:\/\/liebke-foto.de\/maerkischeslicht\/die-kamera-macht-das-bild\/#primaryimage"},"thumbnailUrl":"https:\/\/liebke-foto.de\/maerkischeslicht\/wp-content\/uploads\/2015\/01\/DSCF9494.jpg","datePublished":"2015-01-03T17:24:39+00:00","dateModified":"2022-07-03T21:27:21+00:00","description":"Die Kamera macht das Bild? Na ja...","breadcrumb":{"@id":"https:\/\/liebke-foto.de\/maerkischeslicht\/die-kamera-macht-das-bild\/#breadcrumb"},"inLanguage":"de","potentialAction":[{"@type":"ReadAction","target":["https:\/\/liebke-foto.de\/maerkischeslicht\/die-kamera-macht-das-bild\/"]}]},{"@type":"ImageObject","inLanguage":"de","@id":"https:\/\/liebke-foto.de\/maerkischeslicht\/die-kamera-macht-das-bild\/#primaryimage","url":"https:\/\/liebke-foto.de\/maerkischeslicht\/wp-content\/uploads\/2015\/01\/DSCF9494.jpg","contentUrl":"https:\/\/liebke-foto.de\/maerkischeslicht\/wp-content\/uploads\/2015\/01\/DSCF9494.jpg","width":1400,"height":941},{"@type":"BreadcrumbList","@id":"https:\/\/liebke-foto.de\/maerkischeslicht\/die-kamera-macht-das-bild\/#breadcrumb","itemListElement":[{"@type":"ListItem","position":1,"name":"Startseite","item":"https:\/\/liebke-foto.de\/maerkischeslicht\/"},{"@type":"ListItem","position":2,"name":"Die Kamera macht das Bild?"}]},{"@type":"WebSite","@id":"https:\/\/liebke-foto.de\/maerkischeslicht\/#website","url":"https:\/\/liebke-foto.de\/maerkischeslicht\/","name":"M\u00e4rkisches Licht - Der Fotograf der Stille","description":"Die Liebe zum Leben...","publisher":{"@id":"https:\/\/liebke-foto.de\/maerkischeslicht\/#\/schema\/person\/d71108abc09a723daeeb8526a33137ee"},"potentialAction":[{"@type":"SearchAction","target":{"@type":"EntryPoint","urlTemplate":"https:\/\/liebke-foto.de\/maerkischeslicht\/?s={search_term_string}"},"query-input":{"@type":"PropertyValueSpecification","valueRequired":true,"valueName":"search_term_string"}}],"inLanguage":"de"},{"@type":["Person","Organization"],"@id":"https:\/\/liebke-foto.de\/maerkischeslicht\/#\/schema\/person\/d71108abc09a723daeeb8526a33137ee","name":"Frank Liebke","image":{"@type":"ImageObject","inLanguage":"de","@id":"https:\/\/liebke-foto.de\/maerkischeslicht\/wp-content\/uploads\/2021\/12\/IMG-20211024-WA0001.jpg","url":"https:\/\/liebke-foto.de\/maerkischeslicht\/wp-content\/uploads\/2021\/12\/IMG-20211024-WA0001.jpg","contentUrl":"https:\/\/liebke-foto.de\/maerkischeslicht\/wp-content\/uploads\/2021\/12\/IMG-20211024-WA0001.jpg","width":900,"height":1600,"caption":"Frank Liebke"},"logo":{"@id":"https:\/\/liebke-foto.de\/maerkischeslicht\/wp-content\/uploads\/2021\/12\/IMG-20211024-WA0001.jpg"},"sameAs":["https:\/\/liebke-foto.de"],"url":"https:\/\/liebke-foto.de\/maerkischeslicht\/author\/adminuser\/"}]}},"_links":{"self":[{"href":"https:\/\/liebke-foto.de\/maerkischeslicht\/wp-json\/wp\/v2\/posts\/1938","targetHints":{"allow":["GET"]}}],"collection":[{"href":"https:\/\/liebke-foto.de\/maerkischeslicht\/wp-json\/wp\/v2\/posts"}],"about":[{"href":"https:\/\/liebke-foto.de\/maerkischeslicht\/wp-json\/wp\/v2\/types\/post"}],"author":[{"embeddable":true,"href":"https:\/\/liebke-foto.de\/maerkischeslicht\/wp-json\/wp\/v2\/users\/1"}],"replies":[{"embeddable":true,"href":"https:\/\/liebke-foto.de\/maerkischeslicht\/wp-json\/wp\/v2\/comments?post=1938"}],"version-history":[{"count":28,"href":"https:\/\/liebke-foto.de\/maerkischeslicht\/wp-json\/wp\/v2\/posts\/1938\/revisions"}],"predecessor-version":[{"id":6081,"href":"https:\/\/liebke-foto.de\/maerkischeslicht\/wp-json\/wp\/v2\/posts\/1938\/revisions\/6081"}],"wp:featuredmedia":[{"embeddable":true,"href":"https:\/\/liebke-foto.de\/maerkischeslicht\/wp-json\/wp\/v2\/media\/1942"}],"wp:attachment":[{"href":"https:\/\/liebke-foto.de\/maerkischeslicht\/wp-json\/wp\/v2\/media?parent=1938"}],"wp:term":[{"taxonomy":"category","embeddable":true,"href":"https:\/\/liebke-foto.de\/maerkischeslicht\/wp-json\/wp\/v2\/categories?post=1938"},{"taxonomy":"post_tag","embeddable":true,"href":"https:\/\/liebke-foto.de\/maerkischeslicht\/wp-json\/wp\/v2\/tags?post=1938"}],"curies":[{"name":"wp","href":"https:\/\/api.w.org\/{rel}","templated":true}]}}