{"id":1929,"date":"2014-12-24T02:12:50","date_gmt":"2014-12-24T00:12:50","guid":{"rendered":"http:\/\/liebke-foto.de\/maerkischeslicht\/?p=1929"},"modified":"2022-07-03T23:27:27","modified_gmt":"2022-07-03T21:27:27","slug":"ein-filtertest-der-dann-ausfiel","status":"publish","type":"post","link":"https:\/\/liebke-foto.de\/maerkischeslicht\/ein-filtertest-der-dann-ausfiel\/","title":{"rendered":"Ein Filtertest, der dann ausfiel."},"content":{"rendered":"<div class=\"wp-block-image\">\n<figure class=\"aligncenter\"><a href=\"https:\/\/liebke-foto.de\/maerkischeslicht\/wp-content\/uploads\/2014\/12\/FL8_6181.jpg\"><img loading=\"lazy\" decoding=\"async\" width=\"1400\" height=\"934\" src=\"https:\/\/liebke-foto.de\/maerkischeslicht\/wp-content\/uploads\/2014\/12\/FL8_6181.jpg\" alt=\"Wintersturm ohne Schnee \u00fcber Vehlefanz\" class=\"wp-image-1930\" srcset=\"https:\/\/liebke-foto.de\/maerkischeslicht\/wp-content\/uploads\/2014\/12\/FL8_6181.jpg 1400w, https:\/\/liebke-foto.de\/maerkischeslicht\/wp-content\/uploads\/2014\/12\/FL8_6181-1199x800.jpg 1199w\" sizes=\"auto, (max-width: 1400px) 100vw, 1400px\" \/><\/a><figcaption>Wintersturm ohne Schnee \u00fcber Vehlefanz<\/figcaption><\/figure>\n<\/div>\n\n\n<p>Es ist ein Tag vor Heiligabend. Es st\u00fcrmt und regnet ab und zu, Temperatur fr\u00fchlingshafte 12\u00b0C \ud83d\ude09 . Ich bin auf dem Weg nach Gro\u00df Ziethen\u00a0im Oberhavelkreis. Dort gibt es f\u00fcr mich DIE B\u00e4ckerei f\u00fcr ausgezeichnete Stollen! Butterstollen die meiner Meinung nach im Geschmack und Konsistenz dem ber\u00fchmten &#8222;Dresdner&#8220; ebenb\u00fcrtig sind. Wenn nicht ihn sogar \u00fcbertreffen \ud83d\ude42 . Und Mohnstollen, hmmm, ein Gedicht. <\/p>\n\n\n\n<p>Hatte ich schon rechtzeitig besorgt, aber beide sind auch &#8222;rechtzeitig&#8220; alle geworden, also muss Nachschub ran. Mit B\u00e4ckereien ist das so eine Sache bei mir. Bin ich doch damit sozusagen gro\u00df geworden. In meiner Familie waren meine Gro\u00dfeltern B\u00e4cker. In meiner Kindheit wurde ich vom rumoren der Maschinen und dem Duft von frischen Br\u00f6tchen immer geweckt. Und beim Spiel in der Stube oder bei sch\u00f6nem Wetter auf dem Hof war dieser Geruch nach Backwerk immer pr\u00e4sent. <\/p>\n\n\n\n<p>Sp\u00e4ter verbrachte ich in meinen Sommerferien einen Gro\u00dfteil als Gehilfe in der Backstube, alles sehr pr\u00e4gend. Und nun auch nicht verwunderlich dass ich Brot aus dem Gro\u00dfmarkt nichts abgewinnen kann, ja selbst Backerzeugnissen sehr kritisch eingestellt bin. Und mit der Zeit habe ich durch viel probieren und kosten \ud83d\ude09 mein kleines B\u00e4ckernetzwerk erstellt. Was st\u00e4ndig erweitert wird. Pfannkuchen schmecken am besten bei Plentz, Schweineohren mit Zucker und Schokolade bei Prussog in Oranienburg. <\/p>\n\n\n\n<p>Tja und wie schon oben angemerkt alle Art von Stollen ( und &#8222;Schillerlocken&#8220;) bei Forduhn in Gro\u00df Ziethen. Und dahin unterwegs war ich heute inSachen &#8222;Nachschub&#8220;. Zu solchen Fahrten begleitet mich meine treue Freundin Nikon D800 mitsamt Hofstaat \ud83d\ude09 .Ein neuer &#8222;Diener&#8220; ist heute per DHL bei mir eingetroffen. Dieses neue Filter hatte ich schon lange auf dem Kieker. Nat\u00fcrlich wollte ich den gleich ausprobieren. Sturm mit schnell ziehenden Wolken. B\u00e4ume und \u00c4ste genauso in stetiger Bewegung wie Wasser, Wolken und Gr\u00e4ser. <\/p>\n\n\n\n<p>Die Idee sah ein Motiv vor, in dem\u00a0die Langzeitbelichtung vom Stativ die Kamera sch\u00f6n ruhig h\u00e4lt. Ebenso alles fest gebaute wie H\u00e4user im Bildausschnitt. Aber alles was sich bewegt sollte so sch\u00f6n verwischt werden. Als erstes versuchte ich das bei Schloss Ziethen von der Parkseite, allerdings war der Besuch des Parks dann doch sehr ern\u00fcchternd, abt\u00f6rnend gar. <\/p>\n\n\n\n<p>Der sch\u00f6ne Wassergraben ausgeschlammt, der Auswurf an die Ufer gepackt, das Schloss dunkel wie nicht bewohnt. Dann taperte ich um den M\u00fchlensee bei Vehlefanz und fand dort auch bald einen sch\u00f6nen Dorfblick mit See. Es wurde schon etwas dunkler, aber alle von mir gew\u00fcnschten Elemente waren vorhanden. Als ich mein Motiv eingerichtet hatte und die Probebelichtung akzeptabel aussah, setzte ich das Filter vor die Linse und machte zwei Probebelichtungen. <\/p>\n\n\n\n<p>Na ja, das war dann doch nichts, alles schwarz \ud83d\ude41 , da fehlte die Erfahrung. (Sp\u00e4ter war mir das alles dann doch wieder sehr logisch.) Also Filter wieder weg, die Langzeitbelichtung hatte ich ja auch so. Ich konnte bei Blende 10 und ISO 160 genau 30s belichten. V\u00f6llig ausreichend f\u00fcr mein Projekt. Das Ergebnis seht ihr oben und ich bin sehr zufrieden damit \ud83d\ude42 . <\/p>\n\n\n\n<p>Dass das Gras so r\u00f6tlich wirkt hat auch noch einen speziellen Grund: Der Himmel mit den sehr tief h\u00e4ngenden Wolken wirkt f\u00fcr die r\u00f6tlich-gelbe Gew\u00e4chshausbeleuchtung von &#8222;Schwanteland&#8220; wie ein gro\u00dfer Reflexschirm. Der ganze Boden war in r\u00f6tliches Licht getaucht, ein toller Farbkontrast zum Blau des Himmels und des kleinen T\u00fcmpels. Das zweite Bild zeigt die mystische Wirkung des Himmels, f\u00fcr mich direkt das richtige Schauspiel f\u00fcr ein kleines Kunstwerk im viereckigen Rahmen \ud83d\ude09 .<\/p>\n\n\n<div class=\"wp-block-image\">\n<figure class=\"aligncenter\"><a href=\"https:\/\/liebke-foto.de\/maerkischeslicht\/wp-content\/uploads\/2014\/12\/FL8_6185.jpg\"><img loading=\"lazy\" decoding=\"async\" width=\"1400\" height=\"934\" src=\"https:\/\/liebke-foto.de\/maerkischeslicht\/wp-content\/uploads\/2014\/12\/FL8_6185.jpg\" alt=\"Mystisches Licht am Sturmhimmel\" class=\"wp-image-1931\" srcset=\"https:\/\/liebke-foto.de\/maerkischeslicht\/wp-content\/uploads\/2014\/12\/FL8_6185.jpg 1400w, https:\/\/liebke-foto.de\/maerkischeslicht\/wp-content\/uploads\/2014\/12\/FL8_6185-1199x800.jpg 1199w\" sizes=\"auto, (max-width: 1400px) 100vw, 1400px\" \/><\/a><figcaption>Mystisches Licht am Sturmhimmel<\/figcaption><\/figure>\n<\/div>\n\n\n<div style=\"padding:20px\" class=\"wp-block-tnp-minimal\"><p>Subscribe to our newsletter!<\/p><div><div class=\"tnp tnp-subscription \">\n<form method=\"post\" action=\"https:\/\/liebke-foto.de\/maerkischeslicht\/wp-admin\/admin-ajax.php?action=tnp&amp;na=s\">\n<input type=\"hidden\" name=\"nlang\" value=\"\">\n<div class=\"tnp-field tnp-field-firstname\"><label for=\"tnp-1\">Vorname oder ganzer Name<\/label>\n<input class=\"tnp-name\" type=\"text\" name=\"nn\" id=\"tnp-1\" value=\"\" placeholder=\"\"><\/div>\n<div class=\"tnp-field tnp-field-email\"><label for=\"tnp-2\">Email<\/label>\n<input class=\"tnp-email\" type=\"email\" name=\"ne\" id=\"tnp-2\" value=\"\" placeholder=\"\" required><\/div>\n<div class=\"tnp-field tnp-privacy-field\"><label><input type=\"checkbox\" name=\"ny\" required class=\"tnp-privacy\"> Indem Du fortf\u00e4hrst, akzeptierst Du unsere Datenschutzerkl\u00e4rung.<\/label><\/div><div class=\"tnp-field tnp-field-button\" style=\"text-align: left\"><input class=\"tnp-submit\" type=\"submit\" value=\"Abonnieren\" style=\"\">\n<\/div>\n<\/form>\n<\/div>\n<\/div><\/div>\n\n\n\n\n","protected":false},"excerpt":{"rendered":"<p>Es ist ein Tag vor Heiligabend. Es st\u00fcrmt und regnet ab und zu, Temperatur fr\u00fchlingshafte 12\u00b0C \ud83d\ude09 . Ich bin auf dem Weg&#8230;<\/p>\n","protected":false},"author":1,"featured_media":1931,"comment_status":"open","ping_status":"closed","sticky":false,"template":"","format":"image","meta":{"footnotes":""},"categories":[11,10,4],"tags":[],"class_list":["post-1929","post","type-post","status-publish","format-image","has-post-thumbnail","hentry","category-im-land-brandenburg-unterwegs","category-landschaft-mark-brandenburg-oberhavel-barnim","category-equipment","post_format-post-format-image"],"yoast_head":"<!-- This site is optimized with the Yoast SEO plugin v27.5 - https:\/\/yoast.com\/product\/yoast-seo-wordpress\/ -->\n<title>Ein Filtertest, der dann ausfiel. - M\u00e4rkisches Licht - Der Fotograf der Stille<\/title>\n<meta name=\"description\" content=\"Ein Filtertest, der dann ausfiel.\" \/>\n<meta name=\"robots\" content=\"index, follow, max-snippet:-1, max-image-preview:large, max-video-preview:-1\" \/>\n<link rel=\"canonical\" href=\"https:\/\/liebke-foto.de\/maerkischeslicht\/ein-filtertest-der-dann-ausfiel\/\" \/>\n<meta property=\"og:locale\" content=\"de_DE\" \/>\n<meta property=\"og:type\" content=\"article\" \/>\n<meta property=\"og:title\" content=\"Ein Filtertest, der dann ausfiel. - M\u00e4rkisches Licht - Der Fotograf der Stille\" \/>\n<meta property=\"og:description\" content=\"Ein Filtertest, der dann ausfiel.\" \/>\n<meta property=\"og:url\" content=\"https:\/\/liebke-foto.de\/maerkischeslicht\/ein-filtertest-der-dann-ausfiel\/\" \/>\n<meta property=\"og:site_name\" content=\"M\u00e4rkisches Licht - Der Fotograf der Stille\" \/>\n<meta property=\"article:published_time\" content=\"2014-12-24T00:12:50+00:00\" \/>\n<meta property=\"article:modified_time\" content=\"2022-07-03T21:27:27+00:00\" \/>\n<meta property=\"og:image\" content=\"https:\/\/liebke-foto.de\/maerkischeslicht\/wp-content\/uploads\/2014\/12\/FL8_6185.jpg\" \/>\n\t<meta property=\"og:image:width\" content=\"1400\" \/>\n\t<meta property=\"og:image:height\" content=\"934\" \/>\n\t<meta property=\"og:image:type\" content=\"image\/jpeg\" \/>\n<meta name=\"author\" content=\"Frank Liebke\" \/>\n<meta name=\"twitter:card\" content=\"summary_large_image\" \/>\n<meta name=\"twitter:label1\" content=\"Verfasst von\" \/>\n\t<meta name=\"twitter:data1\" content=\"Frank Liebke\" \/>\n\t<meta name=\"twitter:label2\" content=\"Gesch\u00e4tzte Lesezeit\" \/>\n\t<meta name=\"twitter:data2\" content=\"4\u00a0Minuten\" \/>\n<script type=\"application\/ld+json\" class=\"yoast-schema-graph\">{\"@context\":\"https:\\\/\\\/schema.org\",\"@graph\":[{\"@type\":\"Article\",\"@id\":\"https:\\\/\\\/liebke-foto.de\\\/maerkischeslicht\\\/ein-filtertest-der-dann-ausfiel\\\/#article\",\"isPartOf\":{\"@id\":\"https:\\\/\\\/liebke-foto.de\\\/maerkischeslicht\\\/ein-filtertest-der-dann-ausfiel\\\/\"},\"author\":{\"name\":\"Frank Liebke\",\"@id\":\"https:\\\/\\\/liebke-foto.de\\\/maerkischeslicht\\\/#\\\/schema\\\/person\\\/d71108abc09a723daeeb8526a33137ee\"},\"headline\":\"Ein Filtertest, der dann ausfiel.\",\"datePublished\":\"2014-12-24T00:12:50+00:00\",\"dateModified\":\"2022-07-03T21:27:27+00:00\",\"mainEntityOfPage\":{\"@id\":\"https:\\\/\\\/liebke-foto.de\\\/maerkischeslicht\\\/ein-filtertest-der-dann-ausfiel\\\/\"},\"wordCount\":610,\"commentCount\":0,\"publisher\":{\"@id\":\"https:\\\/\\\/liebke-foto.de\\\/maerkischeslicht\\\/#\\\/schema\\\/person\\\/d71108abc09a723daeeb8526a33137ee\"},\"image\":{\"@id\":\"https:\\\/\\\/liebke-foto.de\\\/maerkischeslicht\\\/ein-filtertest-der-dann-ausfiel\\\/#primaryimage\"},\"thumbnailUrl\":\"https:\\\/\\\/liebke-foto.de\\\/maerkischeslicht\\\/wp-content\\\/uploads\\\/2014\\\/12\\\/FL8_6185.jpg\",\"articleSection\":[\"Im Land Brandenburg unterwegs\",\"Landschaft\",\"Technik\"],\"inLanguage\":\"de\",\"potentialAction\":[{\"@type\":\"CommentAction\",\"name\":\"Comment\",\"target\":[\"https:\\\/\\\/liebke-foto.de\\\/maerkischeslicht\\\/ein-filtertest-der-dann-ausfiel\\\/#respond\"]}]},{\"@type\":\"WebPage\",\"@id\":\"https:\\\/\\\/liebke-foto.de\\\/maerkischeslicht\\\/ein-filtertest-der-dann-ausfiel\\\/\",\"url\":\"https:\\\/\\\/liebke-foto.de\\\/maerkischeslicht\\\/ein-filtertest-der-dann-ausfiel\\\/\",\"name\":\"Ein Filtertest, der dann ausfiel. - M\u00e4rkisches Licht - Der Fotograf der Stille\",\"isPartOf\":{\"@id\":\"https:\\\/\\\/liebke-foto.de\\\/maerkischeslicht\\\/#website\"},\"primaryImageOfPage\":{\"@id\":\"https:\\\/\\\/liebke-foto.de\\\/maerkischeslicht\\\/ein-filtertest-der-dann-ausfiel\\\/#primaryimage\"},\"image\":{\"@id\":\"https:\\\/\\\/liebke-foto.de\\\/maerkischeslicht\\\/ein-filtertest-der-dann-ausfiel\\\/#primaryimage\"},\"thumbnailUrl\":\"https:\\\/\\\/liebke-foto.de\\\/maerkischeslicht\\\/wp-content\\\/uploads\\\/2014\\\/12\\\/FL8_6185.jpg\",\"datePublished\":\"2014-12-24T00:12:50+00:00\",\"dateModified\":\"2022-07-03T21:27:27+00:00\",\"description\":\"Ein Filtertest, der dann ausfiel.\",\"breadcrumb\":{\"@id\":\"https:\\\/\\\/liebke-foto.de\\\/maerkischeslicht\\\/ein-filtertest-der-dann-ausfiel\\\/#breadcrumb\"},\"inLanguage\":\"de\",\"potentialAction\":[{\"@type\":\"ReadAction\",\"target\":[\"https:\\\/\\\/liebke-foto.de\\\/maerkischeslicht\\\/ein-filtertest-der-dann-ausfiel\\\/\"]}]},{\"@type\":\"ImageObject\",\"inLanguage\":\"de\",\"@id\":\"https:\\\/\\\/liebke-foto.de\\\/maerkischeslicht\\\/ein-filtertest-der-dann-ausfiel\\\/#primaryimage\",\"url\":\"https:\\\/\\\/liebke-foto.de\\\/maerkischeslicht\\\/wp-content\\\/uploads\\\/2014\\\/12\\\/FL8_6185.jpg\",\"contentUrl\":\"https:\\\/\\\/liebke-foto.de\\\/maerkischeslicht\\\/wp-content\\\/uploads\\\/2014\\\/12\\\/FL8_6185.jpg\",\"width\":1400,\"height\":934},{\"@type\":\"BreadcrumbList\",\"@id\":\"https:\\\/\\\/liebke-foto.de\\\/maerkischeslicht\\\/ein-filtertest-der-dann-ausfiel\\\/#breadcrumb\",\"itemListElement\":[{\"@type\":\"ListItem\",\"position\":1,\"name\":\"Startseite\",\"item\":\"https:\\\/\\\/liebke-foto.de\\\/maerkischeslicht\\\/\"},{\"@type\":\"ListItem\",\"position\":2,\"name\":\"Ein Filtertest, der dann ausfiel.\"}]},{\"@type\":\"WebSite\",\"@id\":\"https:\\\/\\\/liebke-foto.de\\\/maerkischeslicht\\\/#website\",\"url\":\"https:\\\/\\\/liebke-foto.de\\\/maerkischeslicht\\\/\",\"name\":\"M\u00e4rkisches Licht - Der Fotograf der Stille\",\"description\":\"Die Liebe zum Leben...\",\"publisher\":{\"@id\":\"https:\\\/\\\/liebke-foto.de\\\/maerkischeslicht\\\/#\\\/schema\\\/person\\\/d71108abc09a723daeeb8526a33137ee\"},\"potentialAction\":[{\"@type\":\"SearchAction\",\"target\":{\"@type\":\"EntryPoint\",\"urlTemplate\":\"https:\\\/\\\/liebke-foto.de\\\/maerkischeslicht\\\/?s={search_term_string}\"},\"query-input\":{\"@type\":\"PropertyValueSpecification\",\"valueRequired\":true,\"valueName\":\"search_term_string\"}}],\"inLanguage\":\"de\"},{\"@type\":[\"Person\",\"Organization\"],\"@id\":\"https:\\\/\\\/liebke-foto.de\\\/maerkischeslicht\\\/#\\\/schema\\\/person\\\/d71108abc09a723daeeb8526a33137ee\",\"name\":\"Frank Liebke\",\"image\":{\"@type\":\"ImageObject\",\"inLanguage\":\"de\",\"@id\":\"https:\\\/\\\/liebke-foto.de\\\/maerkischeslicht\\\/wp-content\\\/uploads\\\/2021\\\/12\\\/IMG-20211024-WA0001.jpg\",\"url\":\"https:\\\/\\\/liebke-foto.de\\\/maerkischeslicht\\\/wp-content\\\/uploads\\\/2021\\\/12\\\/IMG-20211024-WA0001.jpg\",\"contentUrl\":\"https:\\\/\\\/liebke-foto.de\\\/maerkischeslicht\\\/wp-content\\\/uploads\\\/2021\\\/12\\\/IMG-20211024-WA0001.jpg\",\"width\":900,\"height\":1600,\"caption\":\"Frank Liebke\"},\"logo\":{\"@id\":\"https:\\\/\\\/liebke-foto.de\\\/maerkischeslicht\\\/wp-content\\\/uploads\\\/2021\\\/12\\\/IMG-20211024-WA0001.jpg\"},\"sameAs\":[\"https:\\\/\\\/liebke-foto.de\"],\"url\":\"https:\\\/\\\/liebke-foto.de\\\/maerkischeslicht\\\/author\\\/adminuser\\\/\"}]}<\/script>\n<!-- \/ Yoast SEO plugin. -->","yoast_head_json":{"title":"Ein Filtertest, der dann ausfiel. - M\u00e4rkisches Licht - Der Fotograf der Stille","description":"Ein Filtertest, der dann ausfiel.","robots":{"index":"index","follow":"follow","max-snippet":"max-snippet:-1","max-image-preview":"max-image-preview:large","max-video-preview":"max-video-preview:-1"},"canonical":"https:\/\/liebke-foto.de\/maerkischeslicht\/ein-filtertest-der-dann-ausfiel\/","og_locale":"de_DE","og_type":"article","og_title":"Ein Filtertest, der dann ausfiel. - M\u00e4rkisches Licht - Der Fotograf der Stille","og_description":"Ein Filtertest, der dann ausfiel.","og_url":"https:\/\/liebke-foto.de\/maerkischeslicht\/ein-filtertest-der-dann-ausfiel\/","og_site_name":"M\u00e4rkisches Licht - Der Fotograf der Stille","article_published_time":"2014-12-24T00:12:50+00:00","article_modified_time":"2022-07-03T21:27:27+00:00","og_image":[{"width":1400,"height":934,"url":"https:\/\/liebke-foto.de\/maerkischeslicht\/wp-content\/uploads\/2014\/12\/FL8_6185.jpg","type":"image\/jpeg"}],"author":"Frank Liebke","twitter_card":"summary_large_image","twitter_misc":{"Verfasst von":"Frank Liebke","Gesch\u00e4tzte Lesezeit":"4\u00a0Minuten"},"schema":{"@context":"https:\/\/schema.org","@graph":[{"@type":"Article","@id":"https:\/\/liebke-foto.de\/maerkischeslicht\/ein-filtertest-der-dann-ausfiel\/#article","isPartOf":{"@id":"https:\/\/liebke-foto.de\/maerkischeslicht\/ein-filtertest-der-dann-ausfiel\/"},"author":{"name":"Frank Liebke","@id":"https:\/\/liebke-foto.de\/maerkischeslicht\/#\/schema\/person\/d71108abc09a723daeeb8526a33137ee"},"headline":"Ein Filtertest, der dann ausfiel.","datePublished":"2014-12-24T00:12:50+00:00","dateModified":"2022-07-03T21:27:27+00:00","mainEntityOfPage":{"@id":"https:\/\/liebke-foto.de\/maerkischeslicht\/ein-filtertest-der-dann-ausfiel\/"},"wordCount":610,"commentCount":0,"publisher":{"@id":"https:\/\/liebke-foto.de\/maerkischeslicht\/#\/schema\/person\/d71108abc09a723daeeb8526a33137ee"},"image":{"@id":"https:\/\/liebke-foto.de\/maerkischeslicht\/ein-filtertest-der-dann-ausfiel\/#primaryimage"},"thumbnailUrl":"https:\/\/liebke-foto.de\/maerkischeslicht\/wp-content\/uploads\/2014\/12\/FL8_6185.jpg","articleSection":["Im Land Brandenburg unterwegs","Landschaft","Technik"],"inLanguage":"de","potentialAction":[{"@type":"CommentAction","name":"Comment","target":["https:\/\/liebke-foto.de\/maerkischeslicht\/ein-filtertest-der-dann-ausfiel\/#respond"]}]},{"@type":"WebPage","@id":"https:\/\/liebke-foto.de\/maerkischeslicht\/ein-filtertest-der-dann-ausfiel\/","url":"https:\/\/liebke-foto.de\/maerkischeslicht\/ein-filtertest-der-dann-ausfiel\/","name":"Ein Filtertest, der dann ausfiel. - M\u00e4rkisches Licht - Der Fotograf der Stille","isPartOf":{"@id":"https:\/\/liebke-foto.de\/maerkischeslicht\/#website"},"primaryImageOfPage":{"@id":"https:\/\/liebke-foto.de\/maerkischeslicht\/ein-filtertest-der-dann-ausfiel\/#primaryimage"},"image":{"@id":"https:\/\/liebke-foto.de\/maerkischeslicht\/ein-filtertest-der-dann-ausfiel\/#primaryimage"},"thumbnailUrl":"https:\/\/liebke-foto.de\/maerkischeslicht\/wp-content\/uploads\/2014\/12\/FL8_6185.jpg","datePublished":"2014-12-24T00:12:50+00:00","dateModified":"2022-07-03T21:27:27+00:00","description":"Ein Filtertest, der dann ausfiel.","breadcrumb":{"@id":"https:\/\/liebke-foto.de\/maerkischeslicht\/ein-filtertest-der-dann-ausfiel\/#breadcrumb"},"inLanguage":"de","potentialAction":[{"@type":"ReadAction","target":["https:\/\/liebke-foto.de\/maerkischeslicht\/ein-filtertest-der-dann-ausfiel\/"]}]},{"@type":"ImageObject","inLanguage":"de","@id":"https:\/\/liebke-foto.de\/maerkischeslicht\/ein-filtertest-der-dann-ausfiel\/#primaryimage","url":"https:\/\/liebke-foto.de\/maerkischeslicht\/wp-content\/uploads\/2014\/12\/FL8_6185.jpg","contentUrl":"https:\/\/liebke-foto.de\/maerkischeslicht\/wp-content\/uploads\/2014\/12\/FL8_6185.jpg","width":1400,"height":934},{"@type":"BreadcrumbList","@id":"https:\/\/liebke-foto.de\/maerkischeslicht\/ein-filtertest-der-dann-ausfiel\/#breadcrumb","itemListElement":[{"@type":"ListItem","position":1,"name":"Startseite","item":"https:\/\/liebke-foto.de\/maerkischeslicht\/"},{"@type":"ListItem","position":2,"name":"Ein Filtertest, der dann ausfiel."}]},{"@type":"WebSite","@id":"https:\/\/liebke-foto.de\/maerkischeslicht\/#website","url":"https:\/\/liebke-foto.de\/maerkischeslicht\/","name":"M\u00e4rkisches Licht - Der Fotograf der Stille","description":"Die Liebe zum Leben...","publisher":{"@id":"https:\/\/liebke-foto.de\/maerkischeslicht\/#\/schema\/person\/d71108abc09a723daeeb8526a33137ee"},"potentialAction":[{"@type":"SearchAction","target":{"@type":"EntryPoint","urlTemplate":"https:\/\/liebke-foto.de\/maerkischeslicht\/?s={search_term_string}"},"query-input":{"@type":"PropertyValueSpecification","valueRequired":true,"valueName":"search_term_string"}}],"inLanguage":"de"},{"@type":["Person","Organization"],"@id":"https:\/\/liebke-foto.de\/maerkischeslicht\/#\/schema\/person\/d71108abc09a723daeeb8526a33137ee","name":"Frank Liebke","image":{"@type":"ImageObject","inLanguage":"de","@id":"https:\/\/liebke-foto.de\/maerkischeslicht\/wp-content\/uploads\/2021\/12\/IMG-20211024-WA0001.jpg","url":"https:\/\/liebke-foto.de\/maerkischeslicht\/wp-content\/uploads\/2021\/12\/IMG-20211024-WA0001.jpg","contentUrl":"https:\/\/liebke-foto.de\/maerkischeslicht\/wp-content\/uploads\/2021\/12\/IMG-20211024-WA0001.jpg","width":900,"height":1600,"caption":"Frank Liebke"},"logo":{"@id":"https:\/\/liebke-foto.de\/maerkischeslicht\/wp-content\/uploads\/2021\/12\/IMG-20211024-WA0001.jpg"},"sameAs":["https:\/\/liebke-foto.de"],"url":"https:\/\/liebke-foto.de\/maerkischeslicht\/author\/adminuser\/"}]}},"_links":{"self":[{"href":"https:\/\/liebke-foto.de\/maerkischeslicht\/wp-json\/wp\/v2\/posts\/1929","targetHints":{"allow":["GET"]}}],"collection":[{"href":"https:\/\/liebke-foto.de\/maerkischeslicht\/wp-json\/wp\/v2\/posts"}],"about":[{"href":"https:\/\/liebke-foto.de\/maerkischeslicht\/wp-json\/wp\/v2\/types\/post"}],"author":[{"embeddable":true,"href":"https:\/\/liebke-foto.de\/maerkischeslicht\/wp-json\/wp\/v2\/users\/1"}],"replies":[{"embeddable":true,"href":"https:\/\/liebke-foto.de\/maerkischeslicht\/wp-json\/wp\/v2\/comments?post=1929"}],"version-history":[{"count":7,"href":"https:\/\/liebke-foto.de\/maerkischeslicht\/wp-json\/wp\/v2\/posts\/1929\/revisions"}],"predecessor-version":[{"id":6079,"href":"https:\/\/liebke-foto.de\/maerkischeslicht\/wp-json\/wp\/v2\/posts\/1929\/revisions\/6079"}],"wp:featuredmedia":[{"embeddable":true,"href":"https:\/\/liebke-foto.de\/maerkischeslicht\/wp-json\/wp\/v2\/media\/1931"}],"wp:attachment":[{"href":"https:\/\/liebke-foto.de\/maerkischeslicht\/wp-json\/wp\/v2\/media?parent=1929"}],"wp:term":[{"taxonomy":"category","embeddable":true,"href":"https:\/\/liebke-foto.de\/maerkischeslicht\/wp-json\/wp\/v2\/categories?post=1929"},{"taxonomy":"post_tag","embeddable":true,"href":"https:\/\/liebke-foto.de\/maerkischeslicht\/wp-json\/wp\/v2\/tags?post=1929"}],"curies":[{"name":"wp","href":"https:\/\/api.w.org\/{rel}","templated":true}]}}