{"id":19,"date":"2013-08-02T10:21:00","date_gmt":"2013-08-02T08:21:00","guid":{"rendered":"http:\/\/liebke-foto.de\/maerkischeslicht\/?p=19"},"modified":"2022-07-03T23:32:43","modified_gmt":"2022-07-03T21:32:43","slug":"neuer-panoramakalender-2014","status":"publish","type":"post","link":"https:\/\/liebke-foto.de\/maerkischeslicht\/neuer-panoramakalender-2014\/","title":{"rendered":"Neuer Panoramakalender 2014"},"content":{"rendered":"\n<p>Wir haben es wieder geschafft, der neue Panoramakalender &#8222;Oranienburger Ansichten 2014&#8220; ist fertiggestellt und die Daten daf\u00fcr sind ab heute in der Druckerei. <\/p>\n\n\n\n<p>Zum achten Mal gibt es die sch\u00f6nsten Seiten von Oranienburg, seinen Ortsteilen und des unmittelbaren Umlands auf 12 gro\u00dfformatigen Seiten im Panoramaformat, 68cm breit, f\u00fcr einen sch\u00f6nen Platz an der Wand im&nbsp;B\u00fcro oder im eigenen Heim. <img decoding=\"async\" src=\"data:image\/gif;base64,R0lGODlhAQABAIAAAAAAAP\/\/\/yH5BAEAAAAALAAAAAABAAEAAAIBRAA7\" alt=\"\"\/> <\/p>\n\n\n\n<p>Als Herausgeber zeichnen die Stadtwerke Oranienburg GmbH;&nbsp;ein gro\u00dfes Dankesch\u00f6n f\u00fcr die wie immer angenehme Zusammenarbeit; in deren Kundencenter in der Klagenfurter Stra\u00dfe ist er dann zu erwerben. Desweiteren in der Tourismusinformation und der B\u00e4ckerei Plentz, beide in der Bernauer Stra\u00dfe.<\/p>\n\n\n\n<p>Eine Vorschau der Motive gibt es unter&nbsp;<a href=\"http:\/\/liebke-foto.de\" target=\"_blank\" rel=\"noopener\">http:\/\/liebke-foto.de<\/a>&nbsp;zu sehen, einfach dort in das Titelbild klicken und schon kann man durch die Motive eine kleine Reise durch Stadt und Jahreszeiten antreten. Und dazu w\u00fcnsche ich viel Spa\u00df.<\/p>\n\n\n\n<figure class=\"wp-block-image\"><a href=\"https:\/\/liebke-foto.de\/maerkischeslicht\/wp-content\/uploads\/2013\/08\/01.jpg\"><img decoding=\"async\" src=\"https:\/\/liebke-foto.de\/maerkischeslicht\/wp-content\/uploads\/2013\/08\/01-1400x494.jpg\" alt=\"01\"\/><\/a><\/figure>\n\n\n<div class=\"wp-block-image\">\n<figure class=\"aligncenter\"><a href=\"https:\/\/liebke-foto.de\/maerkischeslicht\/wp-content\/uploads\/2013\/08\/02.jpg\"><img decoding=\"async\" src=\"https:\/\/liebke-foto.de\/maerkischeslicht\/wp-content\/uploads\/2013\/08\/02-100x35.jpg\" alt=\"02\"\/><\/a><\/figure>\n<\/div>\n\n<div class=\"wp-block-image\">\n<figure class=\"aligncenter\"><a href=\"https:\/\/liebke-foto.de\/maerkischeslicht\/wp-content\/uploads\/2013\/08\/03.jpg\"><img decoding=\"async\" src=\"https:\/\/liebke-foto.de\/maerkischeslicht\/wp-content\/uploads\/2013\/08\/03-100x35.jpg\" alt=\"03\"\/><\/a><\/figure>\n<\/div>\n\n<div class=\"wp-block-image\">\n<figure class=\"aligncenter\"><a href=\"https:\/\/liebke-foto.de\/maerkischeslicht\/wp-content\/uploads\/2013\/08\/04.jpg\"><img decoding=\"async\" src=\"https:\/\/liebke-foto.de\/maerkischeslicht\/wp-content\/uploads\/2013\/08\/04-100x35.jpg\" alt=\"04\"\/><\/a><\/figure>\n<\/div>\n\n<div class=\"wp-block-image\">\n<figure class=\"aligncenter\"><a href=\"https:\/\/liebke-foto.de\/maerkischeslicht\/wp-content\/uploads\/2013\/08\/05.jpg\"><img decoding=\"async\" src=\"https:\/\/liebke-foto.de\/maerkischeslicht\/wp-content\/uploads\/2013\/08\/05-100x35.jpg\" alt=\"05\"\/><\/a><\/figure>\n<\/div>\n\n<div class=\"wp-block-image\">\n<figure class=\"aligncenter\"><a href=\"https:\/\/liebke-foto.de\/maerkischeslicht\/wp-content\/uploads\/2013\/08\/06.jpg\"><img decoding=\"async\" src=\"https:\/\/liebke-foto.de\/maerkischeslicht\/wp-content\/uploads\/2013\/08\/06-100x35.jpg\" alt=\"06\"\/><\/a><\/figure>\n<\/div>\n\n<div class=\"wp-block-image\">\n<figure class=\"aligncenter\"><a href=\"https:\/\/liebke-foto.de\/maerkischeslicht\/wp-content\/uploads\/2013\/08\/07.jpg\"><img decoding=\"async\" src=\"https:\/\/liebke-foto.de\/maerkischeslicht\/wp-content\/uploads\/2013\/08\/07-100x35.jpg\" alt=\"07\"\/><\/a><\/figure>\n<\/div>\n\n\n<figure class=\"wp-block-gallery aligncenter has-nested-images columns-default is-cropped wp-block-gallery-1 is-layout-flex wp-block-gallery-is-layout-flex\"><div class=\"wp-block-image\">\n<figure class=\"aligncenter is-resized\"><a href=\"https:\/\/liebke-foto.de\/maerkischeslicht\/wp-content\/uploads\/2013\/08\/08.jpg\"><img loading=\"lazy\" decoding=\"async\" src=\"https:\/\/liebke-foto.de\/maerkischeslicht\/wp-content\/uploads\/2013\/08\/08-100x35.jpg\" alt=\"08\" width=\"100\" height=\"35\"\/><\/a><\/figure>\n<\/div><\/figure>\n\n\n<div class=\"wp-block-image\">\n<figure class=\"aligncenter\"><a href=\"https:\/\/liebke-foto.de\/maerkischeslicht\/wp-content\/uploads\/2013\/08\/09.jpg\"><img decoding=\"async\" src=\"https:\/\/liebke-foto.de\/maerkischeslicht\/wp-content\/uploads\/2013\/08\/09-100x35.jpg\" alt=\"09\"\/><\/a><\/figure>\n<\/div>\n\n<div class=\"wp-block-image\">\n<figure class=\"aligncenter\"><a href=\"https:\/\/liebke-foto.de\/maerkischeslicht\/wp-content\/uploads\/2013\/08\/10.jpg\"><img decoding=\"async\" src=\"https:\/\/liebke-foto.de\/maerkischeslicht\/wp-content\/uploads\/2013\/08\/10-100x35.jpg\" alt=\"10\"\/><\/a><\/figure>\n<\/div>\n\n<div class=\"wp-block-image\">\n<figure class=\"aligncenter\"><a href=\"https:\/\/liebke-foto.de\/maerkischeslicht\/wp-content\/uploads\/2013\/08\/11.jpg\"><img decoding=\"async\" src=\"https:\/\/liebke-foto.de\/maerkischeslicht\/wp-content\/uploads\/2013\/08\/11-100x35.jpg\" alt=\"11\"\/><\/a><\/figure>\n<\/div>\n\n<div class=\"wp-block-image\">\n<figure class=\"aligncenter\"><a href=\"https:\/\/liebke-foto.de\/maerkischeslicht\/wp-content\/uploads\/2013\/08\/12.jpg\"><img decoding=\"async\" src=\"https:\/\/liebke-foto.de\/maerkischeslicht\/wp-content\/uploads\/2013\/08\/12-100x35.jpg\" alt=\"12\"\/><\/a><\/figure>\n<\/div>\n\n<div class=\"wp-block-image\">\n<figure class=\"aligncenter\"><a href=\"https:\/\/liebke-foto.de\/maerkischeslicht\/wp-content\/uploads\/2013\/08\/13.jpg\"><img decoding=\"async\" src=\"https:\/\/liebke-foto.de\/maerkischeslicht\/wp-content\/uploads\/2013\/08\/13-100x35.jpg\" alt=\"13\"\/><\/a><\/figure>\n<\/div>\n\n\n<div style=\"padding:20px\" class=\"wp-block-tnp-minimal\"><p>Subscribe to our newsletter!<\/p><div><div class=\"tnp tnp-subscription \">\n<form method=\"post\" action=\"https:\/\/liebke-foto.de\/maerkischeslicht\/wp-admin\/admin-ajax.php?action=tnp&amp;na=s\">\n<input type=\"hidden\" name=\"nlang\" value=\"\">\n<div class=\"tnp-field tnp-field-firstname\"><label for=\"tnp-1\">Vorname oder ganzer Name<\/label>\n<input class=\"tnp-name\" type=\"text\" name=\"nn\" id=\"tnp-1\" value=\"\" placeholder=\"\"><\/div>\n<div class=\"tnp-field tnp-field-email\"><label for=\"tnp-2\">Email<\/label>\n<input class=\"tnp-email\" type=\"email\" name=\"ne\" id=\"tnp-2\" value=\"\" placeholder=\"\" required><\/div>\n<div class=\"tnp-field tnp-privacy-field\"><label><input type=\"checkbox\" name=\"ny\" required class=\"tnp-privacy\"> Indem Du fortf\u00e4hrst, akzeptierst Du unsere Datenschutzerkl\u00e4rung.<\/label><\/div><div class=\"tnp-field tnp-field-button\" style=\"text-align: left\"><input class=\"tnp-submit\" type=\"submit\" value=\"Abonnieren\" style=\"\">\n<\/div>\n<\/form>\n<\/div>\n<\/div><\/div>\n\n\n\n\n","protected":false},"excerpt":{"rendered":"<p>Wir haben es wieder geschafft, der neue Panoramakalender &#8222;Oranienburger Ansichten 2014&#8220; ist fertiggestellt und die Daten daf\u00fcr sind ab heute in der Druckerei&#8230;.<\/p>\n","protected":false},"author":1,"featured_media":173,"comment_status":"open","ping_status":"closed","sticky":false,"template":"","format":"image","meta":{"footnotes":""},"categories":[11,2],"tags":[],"class_list":["post-19","post","type-post","status-publish","format-image","has-post-thumbnail","hentry","category-im-land-brandenburg-unterwegs","category-panoramafotos","post_format-post-format-image"],"yoast_head":"<!-- This site is optimized with the Yoast SEO plugin v27.5 - https:\/\/yoast.com\/product\/yoast-seo-wordpress\/ -->\n<title>Neuer Panoramakalender 2014 - M\u00e4rkisches Licht - Der Fotograf der Stille<\/title>\n<meta name=\"description\" content=\"Neuer Panoramakalender 2014\" \/>\n<meta name=\"robots\" content=\"index, follow, max-snippet:-1, max-image-preview:large, max-video-preview:-1\" \/>\n<link rel=\"canonical\" href=\"https:\/\/liebke-foto.de\/maerkischeslicht\/neuer-panoramakalender-2014\/\" \/>\n<meta property=\"og:locale\" content=\"de_DE\" \/>\n<meta property=\"og:type\" content=\"article\" \/>\n<meta property=\"og:title\" content=\"Neuer Panoramakalender 2014 - M\u00e4rkisches Licht - Der Fotograf der Stille\" \/>\n<meta property=\"og:description\" content=\"Neuer Panoramakalender 2014\" \/>\n<meta property=\"og:url\" content=\"https:\/\/liebke-foto.de\/maerkischeslicht\/neuer-panoramakalender-2014\/\" \/>\n<meta property=\"og:site_name\" content=\"M\u00e4rkisches Licht - Der Fotograf der Stille\" \/>\n<meta property=\"article:published_time\" content=\"2013-08-02T08:21:00+00:00\" \/>\n<meta property=\"article:modified_time\" content=\"2022-07-03T21:32:43+00:00\" \/>\n<meta property=\"og:image\" content=\"https:\/\/liebke-foto.de\/maerkischeslicht\/wp-content\/uploads\/2013\/08\/08.jpg\" \/>\n\t<meta property=\"og:image:width\" content=\"1600\" \/>\n\t<meta property=\"og:image:height\" content=\"565\" \/>\n\t<meta property=\"og:image:type\" content=\"image\/jpeg\" \/>\n<meta name=\"author\" content=\"Frank Liebke\" \/>\n<meta name=\"twitter:card\" content=\"summary_large_image\" \/>\n<meta name=\"twitter:label1\" content=\"Verfasst von\" \/>\n\t<meta name=\"twitter:data1\" content=\"Frank Liebke\" \/>\n\t<meta name=\"twitter:label2\" content=\"Gesch\u00e4tzte Lesezeit\" \/>\n\t<meta name=\"twitter:data2\" content=\"4\u00a0Minuten\" \/>\n<script type=\"application\/ld+json\" class=\"yoast-schema-graph\">{\"@context\":\"https:\\\/\\\/schema.org\",\"@graph\":[{\"@type\":\"Article\",\"@id\":\"https:\\\/\\\/liebke-foto.de\\\/maerkischeslicht\\\/neuer-panoramakalender-2014\\\/#article\",\"isPartOf\":{\"@id\":\"https:\\\/\\\/liebke-foto.de\\\/maerkischeslicht\\\/neuer-panoramakalender-2014\\\/\"},\"author\":{\"name\":\"Frank Liebke\",\"@id\":\"https:\\\/\\\/liebke-foto.de\\\/maerkischeslicht\\\/#\\\/schema\\\/person\\\/d71108abc09a723daeeb8526a33137ee\"},\"headline\":\"Neuer Panoramakalender 2014\",\"datePublished\":\"2013-08-02T08:21:00+00:00\",\"dateModified\":\"2022-07-03T21:32:43+00:00\",\"mainEntityOfPage\":{\"@id\":\"https:\\\/\\\/liebke-foto.de\\\/maerkischeslicht\\\/neuer-panoramakalender-2014\\\/\"},\"wordCount\":163,\"commentCount\":0,\"publisher\":{\"@id\":\"https:\\\/\\\/liebke-foto.de\\\/maerkischeslicht\\\/#\\\/schema\\\/person\\\/d71108abc09a723daeeb8526a33137ee\"},\"image\":{\"@id\":\"https:\\\/\\\/liebke-foto.de\\\/maerkischeslicht\\\/neuer-panoramakalender-2014\\\/#primaryimage\"},\"thumbnailUrl\":\"https:\\\/\\\/liebke-foto.de\\\/maerkischeslicht\\\/wp-content\\\/uploads\\\/2013\\\/08\\\/08.jpg\",\"articleSection\":[\"Im Land Brandenburg unterwegs\",\"Panoramafotografie\"],\"inLanguage\":\"de\",\"potentialAction\":[{\"@type\":\"CommentAction\",\"name\":\"Comment\",\"target\":[\"https:\\\/\\\/liebke-foto.de\\\/maerkischeslicht\\\/neuer-panoramakalender-2014\\\/#respond\"]}]},{\"@type\":\"WebPage\",\"@id\":\"https:\\\/\\\/liebke-foto.de\\\/maerkischeslicht\\\/neuer-panoramakalender-2014\\\/\",\"url\":\"https:\\\/\\\/liebke-foto.de\\\/maerkischeslicht\\\/neuer-panoramakalender-2014\\\/\",\"name\":\"Neuer Panoramakalender 2014 - M\u00e4rkisches Licht - Der Fotograf der Stille\",\"isPartOf\":{\"@id\":\"https:\\\/\\\/liebke-foto.de\\\/maerkischeslicht\\\/#website\"},\"primaryImageOfPage\":{\"@id\":\"https:\\\/\\\/liebke-foto.de\\\/maerkischeslicht\\\/neuer-panoramakalender-2014\\\/#primaryimage\"},\"image\":{\"@id\":\"https:\\\/\\\/liebke-foto.de\\\/maerkischeslicht\\\/neuer-panoramakalender-2014\\\/#primaryimage\"},\"thumbnailUrl\":\"https:\\\/\\\/liebke-foto.de\\\/maerkischeslicht\\\/wp-content\\\/uploads\\\/2013\\\/08\\\/08.jpg\",\"datePublished\":\"2013-08-02T08:21:00+00:00\",\"dateModified\":\"2022-07-03T21:32:43+00:00\",\"description\":\"Neuer Panoramakalender 2014\",\"breadcrumb\":{\"@id\":\"https:\\\/\\\/liebke-foto.de\\\/maerkischeslicht\\\/neuer-panoramakalender-2014\\\/#breadcrumb\"},\"inLanguage\":\"de\",\"potentialAction\":[{\"@type\":\"ReadAction\",\"target\":[\"https:\\\/\\\/liebke-foto.de\\\/maerkischeslicht\\\/neuer-panoramakalender-2014\\\/\"]}]},{\"@type\":\"ImageObject\",\"inLanguage\":\"de\",\"@id\":\"https:\\\/\\\/liebke-foto.de\\\/maerkischeslicht\\\/neuer-panoramakalender-2014\\\/#primaryimage\",\"url\":\"https:\\\/\\\/liebke-foto.de\\\/maerkischeslicht\\\/wp-content\\\/uploads\\\/2013\\\/08\\\/08.jpg\",\"contentUrl\":\"https:\\\/\\\/liebke-foto.de\\\/maerkischeslicht\\\/wp-content\\\/uploads\\\/2013\\\/08\\\/08.jpg\",\"width\":1600,\"height\":565},{\"@type\":\"BreadcrumbList\",\"@id\":\"https:\\\/\\\/liebke-foto.de\\\/maerkischeslicht\\\/neuer-panoramakalender-2014\\\/#breadcrumb\",\"itemListElement\":[{\"@type\":\"ListItem\",\"position\":1,\"name\":\"Startseite\",\"item\":\"https:\\\/\\\/liebke-foto.de\\\/maerkischeslicht\\\/\"},{\"@type\":\"ListItem\",\"position\":2,\"name\":\"Neuer Panoramakalender 2014\"}]},{\"@type\":\"WebSite\",\"@id\":\"https:\\\/\\\/liebke-foto.de\\\/maerkischeslicht\\\/#website\",\"url\":\"https:\\\/\\\/liebke-foto.de\\\/maerkischeslicht\\\/\",\"name\":\"M\u00e4rkisches Licht - Der Fotograf der Stille\",\"description\":\"Die Liebe zum Leben...\",\"publisher\":{\"@id\":\"https:\\\/\\\/liebke-foto.de\\\/maerkischeslicht\\\/#\\\/schema\\\/person\\\/d71108abc09a723daeeb8526a33137ee\"},\"potentialAction\":[{\"@type\":\"SearchAction\",\"target\":{\"@type\":\"EntryPoint\",\"urlTemplate\":\"https:\\\/\\\/liebke-foto.de\\\/maerkischeslicht\\\/?s={search_term_string}\"},\"query-input\":{\"@type\":\"PropertyValueSpecification\",\"valueRequired\":true,\"valueName\":\"search_term_string\"}}],\"inLanguage\":\"de\"},{\"@type\":[\"Person\",\"Organization\"],\"@id\":\"https:\\\/\\\/liebke-foto.de\\\/maerkischeslicht\\\/#\\\/schema\\\/person\\\/d71108abc09a723daeeb8526a33137ee\",\"name\":\"Frank Liebke\",\"image\":{\"@type\":\"ImageObject\",\"inLanguage\":\"de\",\"@id\":\"https:\\\/\\\/liebke-foto.de\\\/maerkischeslicht\\\/wp-content\\\/uploads\\\/2021\\\/12\\\/IMG-20211024-WA0001.jpg\",\"url\":\"https:\\\/\\\/liebke-foto.de\\\/maerkischeslicht\\\/wp-content\\\/uploads\\\/2021\\\/12\\\/IMG-20211024-WA0001.jpg\",\"contentUrl\":\"https:\\\/\\\/liebke-foto.de\\\/maerkischeslicht\\\/wp-content\\\/uploads\\\/2021\\\/12\\\/IMG-20211024-WA0001.jpg\",\"width\":900,\"height\":1600,\"caption\":\"Frank Liebke\"},\"logo\":{\"@id\":\"https:\\\/\\\/liebke-foto.de\\\/maerkischeslicht\\\/wp-content\\\/uploads\\\/2021\\\/12\\\/IMG-20211024-WA0001.jpg\"},\"sameAs\":[\"https:\\\/\\\/liebke-foto.de\"],\"url\":\"https:\\\/\\\/liebke-foto.de\\\/maerkischeslicht\\\/author\\\/adminuser\\\/\"}]}<\/script>\n<!-- \/ Yoast SEO plugin. -->","yoast_head_json":{"title":"Neuer Panoramakalender 2014 - M\u00e4rkisches Licht - Der Fotograf der Stille","description":"Neuer Panoramakalender 2014","robots":{"index":"index","follow":"follow","max-snippet":"max-snippet:-1","max-image-preview":"max-image-preview:large","max-video-preview":"max-video-preview:-1"},"canonical":"https:\/\/liebke-foto.de\/maerkischeslicht\/neuer-panoramakalender-2014\/","og_locale":"de_DE","og_type":"article","og_title":"Neuer Panoramakalender 2014 - M\u00e4rkisches Licht - Der Fotograf der Stille","og_description":"Neuer Panoramakalender 2014","og_url":"https:\/\/liebke-foto.de\/maerkischeslicht\/neuer-panoramakalender-2014\/","og_site_name":"M\u00e4rkisches Licht - Der Fotograf der Stille","article_published_time":"2013-08-02T08:21:00+00:00","article_modified_time":"2022-07-03T21:32:43+00:00","og_image":[{"width":1600,"height":565,"url":"https:\/\/liebke-foto.de\/maerkischeslicht\/wp-content\/uploads\/2013\/08\/08.jpg","type":"image\/jpeg"}],"author":"Frank Liebke","twitter_card":"summary_large_image","twitter_misc":{"Verfasst von":"Frank Liebke","Gesch\u00e4tzte Lesezeit":"4\u00a0Minuten"},"schema":{"@context":"https:\/\/schema.org","@graph":[{"@type":"Article","@id":"https:\/\/liebke-foto.de\/maerkischeslicht\/neuer-panoramakalender-2014\/#article","isPartOf":{"@id":"https:\/\/liebke-foto.de\/maerkischeslicht\/neuer-panoramakalender-2014\/"},"author":{"name":"Frank Liebke","@id":"https:\/\/liebke-foto.de\/maerkischeslicht\/#\/schema\/person\/d71108abc09a723daeeb8526a33137ee"},"headline":"Neuer Panoramakalender 2014","datePublished":"2013-08-02T08:21:00+00:00","dateModified":"2022-07-03T21:32:43+00:00","mainEntityOfPage":{"@id":"https:\/\/liebke-foto.de\/maerkischeslicht\/neuer-panoramakalender-2014\/"},"wordCount":163,"commentCount":0,"publisher":{"@id":"https:\/\/liebke-foto.de\/maerkischeslicht\/#\/schema\/person\/d71108abc09a723daeeb8526a33137ee"},"image":{"@id":"https:\/\/liebke-foto.de\/maerkischeslicht\/neuer-panoramakalender-2014\/#primaryimage"},"thumbnailUrl":"https:\/\/liebke-foto.de\/maerkischeslicht\/wp-content\/uploads\/2013\/08\/08.jpg","articleSection":["Im Land Brandenburg unterwegs","Panoramafotografie"],"inLanguage":"de","potentialAction":[{"@type":"CommentAction","name":"Comment","target":["https:\/\/liebke-foto.de\/maerkischeslicht\/neuer-panoramakalender-2014\/#respond"]}]},{"@type":"WebPage","@id":"https:\/\/liebke-foto.de\/maerkischeslicht\/neuer-panoramakalender-2014\/","url":"https:\/\/liebke-foto.de\/maerkischeslicht\/neuer-panoramakalender-2014\/","name":"Neuer Panoramakalender 2014 - M\u00e4rkisches Licht - Der Fotograf der Stille","isPartOf":{"@id":"https:\/\/liebke-foto.de\/maerkischeslicht\/#website"},"primaryImageOfPage":{"@id":"https:\/\/liebke-foto.de\/maerkischeslicht\/neuer-panoramakalender-2014\/#primaryimage"},"image":{"@id":"https:\/\/liebke-foto.de\/maerkischeslicht\/neuer-panoramakalender-2014\/#primaryimage"},"thumbnailUrl":"https:\/\/liebke-foto.de\/maerkischeslicht\/wp-content\/uploads\/2013\/08\/08.jpg","datePublished":"2013-08-02T08:21:00+00:00","dateModified":"2022-07-03T21:32:43+00:00","description":"Neuer Panoramakalender 2014","breadcrumb":{"@id":"https:\/\/liebke-foto.de\/maerkischeslicht\/neuer-panoramakalender-2014\/#breadcrumb"},"inLanguage":"de","potentialAction":[{"@type":"ReadAction","target":["https:\/\/liebke-foto.de\/maerkischeslicht\/neuer-panoramakalender-2014\/"]}]},{"@type":"ImageObject","inLanguage":"de","@id":"https:\/\/liebke-foto.de\/maerkischeslicht\/neuer-panoramakalender-2014\/#primaryimage","url":"https:\/\/liebke-foto.de\/maerkischeslicht\/wp-content\/uploads\/2013\/08\/08.jpg","contentUrl":"https:\/\/liebke-foto.de\/maerkischeslicht\/wp-content\/uploads\/2013\/08\/08.jpg","width":1600,"height":565},{"@type":"BreadcrumbList","@id":"https:\/\/liebke-foto.de\/maerkischeslicht\/neuer-panoramakalender-2014\/#breadcrumb","itemListElement":[{"@type":"ListItem","position":1,"name":"Startseite","item":"https:\/\/liebke-foto.de\/maerkischeslicht\/"},{"@type":"ListItem","position":2,"name":"Neuer Panoramakalender 2014"}]},{"@type":"WebSite","@id":"https:\/\/liebke-foto.de\/maerkischeslicht\/#website","url":"https:\/\/liebke-foto.de\/maerkischeslicht\/","name":"M\u00e4rkisches Licht - Der Fotograf der Stille","description":"Die Liebe zum Leben...","publisher":{"@id":"https:\/\/liebke-foto.de\/maerkischeslicht\/#\/schema\/person\/d71108abc09a723daeeb8526a33137ee"},"potentialAction":[{"@type":"SearchAction","target":{"@type":"EntryPoint","urlTemplate":"https:\/\/liebke-foto.de\/maerkischeslicht\/?s={search_term_string}"},"query-input":{"@type":"PropertyValueSpecification","valueRequired":true,"valueName":"search_term_string"}}],"inLanguage":"de"},{"@type":["Person","Organization"],"@id":"https:\/\/liebke-foto.de\/maerkischeslicht\/#\/schema\/person\/d71108abc09a723daeeb8526a33137ee","name":"Frank Liebke","image":{"@type":"ImageObject","inLanguage":"de","@id":"https:\/\/liebke-foto.de\/maerkischeslicht\/wp-content\/uploads\/2021\/12\/IMG-20211024-WA0001.jpg","url":"https:\/\/liebke-foto.de\/maerkischeslicht\/wp-content\/uploads\/2021\/12\/IMG-20211024-WA0001.jpg","contentUrl":"https:\/\/liebke-foto.de\/maerkischeslicht\/wp-content\/uploads\/2021\/12\/IMG-20211024-WA0001.jpg","width":900,"height":1600,"caption":"Frank Liebke"},"logo":{"@id":"https:\/\/liebke-foto.de\/maerkischeslicht\/wp-content\/uploads\/2021\/12\/IMG-20211024-WA0001.jpg"},"sameAs":["https:\/\/liebke-foto.de"],"url":"https:\/\/liebke-foto.de\/maerkischeslicht\/author\/adminuser\/"}]}},"_links":{"self":[{"href":"https:\/\/liebke-foto.de\/maerkischeslicht\/wp-json\/wp\/v2\/posts\/19","targetHints":{"allow":["GET"]}}],"collection":[{"href":"https:\/\/liebke-foto.de\/maerkischeslicht\/wp-json\/wp\/v2\/posts"}],"about":[{"href":"https:\/\/liebke-foto.de\/maerkischeslicht\/wp-json\/wp\/v2\/types\/post"}],"author":[{"embeddable":true,"href":"https:\/\/liebke-foto.de\/maerkischeslicht\/wp-json\/wp\/v2\/users\/1"}],"replies":[{"embeddable":true,"href":"https:\/\/liebke-foto.de\/maerkischeslicht\/wp-json\/wp\/v2\/comments?post=19"}],"version-history":[{"count":13,"href":"https:\/\/liebke-foto.de\/maerkischeslicht\/wp-json\/wp\/v2\/posts\/19\/revisions"}],"predecessor-version":[{"id":5990,"href":"https:\/\/liebke-foto.de\/maerkischeslicht\/wp-json\/wp\/v2\/posts\/19\/revisions\/5990"}],"wp:featuredmedia":[{"embeddable":true,"href":"https:\/\/liebke-foto.de\/maerkischeslicht\/wp-json\/wp\/v2\/media\/173"}],"wp:attachment":[{"href":"https:\/\/liebke-foto.de\/maerkischeslicht\/wp-json\/wp\/v2\/media?parent=19"}],"wp:term":[{"taxonomy":"category","embeddable":true,"href":"https:\/\/liebke-foto.de\/maerkischeslicht\/wp-json\/wp\/v2\/categories?post=19"},{"taxonomy":"post_tag","embeddable":true,"href":"https:\/\/liebke-foto.de\/maerkischeslicht\/wp-json\/wp\/v2\/tags?post=19"}],"curies":[{"name":"wp","href":"https:\/\/api.w.org\/{rel}","templated":true}]}}