{"id":1887,"date":"2014-12-01T01:52:04","date_gmt":"2014-11-30T23:52:04","guid":{"rendered":"http:\/\/liebke-foto.de\/maerkischeslicht\/?p=1887"},"modified":"2022-07-03T23:27:47","modified_gmt":"2022-07-03T21:27:47","slug":"landpara-ie-zum-kremmener-weihnachtsmarkt","status":"publish","type":"post","link":"https:\/\/liebke-foto.de\/maerkischeslicht\/landpara-ie-zum-kremmener-weihnachtsmarkt\/","title":{"rendered":"LANDpartie zum Kremmener Weihnachtsmarkt"},"content":{"rendered":"\n<p>Genau das war mein Ziel zum sp\u00e4ten Nachmittag des heutigen 1.Advents. Mal schauen was da so los ist im Kremmener Scheunenviertel. Dieses Viertel mit seinen vielen gut erhaltenen und sanierten Scheunen der Ackerb\u00fcrgerstadt versprach eine perfekte Kulisse f\u00fcr ein sch\u00f6nes vorweihnachtliches Erlebnis f\u00fcr Gro\u00df und Klein abzugeben. Und so war es schwer&nbsp;einen Parkplatz nicht allzu weit entfernt zu ergattern. Mein Vorhaben f\u00fcr stimmungsvolle Fotos sah die bald anbrechende blaue Stunde vor. <\/p>\n\n\n\n<p>Je nach Wetterlage kann sie sehr knapp ausfallen oder bei klaren Himmel doch ein gutes St\u00fcck dauern. Der Wetterbericht versprach einen sch\u00f6nen Abend mit Sonnenuntergang. Bei der Hinfahrt f\u00e4rbten sich auch ein paar W\u00f6lkchen in dem bedeckten Himmelswust leicht rosa, aber das war\u00b4s auch schon. <\/p>\n\n\n\n<p>Ich hatte die Vorstellung eines Bildes mit einer beleuchteten Scheunenflucht, Weihnachtslichterketten, Tannenbaum und dazu einen dramatischen Himmel an dem rotes reflecktiertes Sonnenlicht den Tag verabschiedet. Und in Echt? Grauer Himmel der dann langsam den blauen Touch bekam, dunkelblau, schwarz \ud83d\ude41 &nbsp;Na ja, Wetterversprechungen eben&#8230;.<\/p>\n\n\n\n<p>Egal, in unseren Breiten ist Schnee zur Adventszeit eh selten, manchmal der Schnee den ganzen Winter \u00fcber ein Gast der einfach ausbleibt. Kein Lamentieren, au\u00dferdem mit dem richtigen Gesp\u00fchr f\u00fcr Licht und Farben kann man aus allem gute Fotos machen. Ich hatte sowieso schon das Gef\u00fchl langsam einzurosten, also auf ins Get\u00fcmmel. Vorweg gesagt, es war sch\u00f6n. <\/p>\n\n\n\n<p>Sehr viele Menschen aller Alterklassen, teilweise greinende ersch\u00f6pfte Kleinkinder, die zwar schon hundem\u00fcde waren, ob der vielen bunten Dinge, dort trotzdem noch bleiben wollten und ja nicht nach Hause gehen, und trotzdem so m\u00fcde, und es ist alles so sch\u00f6n bunt, m\u00fcde, ein Konflikt \ud83d\ude09 &#8230;<\/p>\n\n\n\n<p><br \/>Den einzigen Einwand (o.k. zwei Einw\u00e4nde) die ich mir erlauben w\u00fcrde: Es ist Vorweihnachtszeit und es ist Weihnachtsmarkt. Sicher sch\u00f6n f\u00fcr Einige wenn sich dort BBradio pr\u00e4sentiert, aber m\u00fcssen die das mit so aufdringlicher Werbung tun? Zur Vorweihnachtszeit, gleich neben dem Christbaum? Haben die nicht das Geld um f\u00fcr die Weihnachtszeit ihre Werbung (wenn die schon sein muss) dann auch weihnachtlich zu gestalten?? <\/p>\n\n\n\n<p>Ebenso der Spargelhof, ich bin mir nicht sicher ob Weihnachtszeit auch Spargelzeit ist, aber m\u00fcssen denn vor einer sehr sch\u00f6nen Scheune in der es Gerichte mit Rotkohl! gibt gleich vier dieser &#8222;Spargelwerbesegel&#8220; hin und herflattern? Und wenn ja, k\u00f6nnte man nicht f\u00fcr diese Zeit die Werbung weihnachtlich gestalten dass sie ins Konzept des Marktes passt? <\/p>\n\n\n\n<p>War echt schade, damit &#8222;gingen&#8220; ein paar Motive, die &#8222;ohne&#8220; sehr gut gepasst h\u00e4tten, so nun nicht. Aber ist auch egal, ich war da zu meinem eigenen Vergn\u00fcgen und habe einige sch\u00f6ne Bilder mitbringen k\u00f6nnen. Das war jetzt auch keine Kritik sondern nur mal als Anregung zu verstehen.<\/p>\n\n\n\n<p>Die Zeit passte dann noch um endlich mal ein stimmungsvolles Bild der Kirche aufzunehmen. Viel Gl\u00fcck hatte ich, denn zu der Zeit sollte in der Kirche bald ein Konzert losgehen. Dadurch waren mal alle Fenster erleuchtet und das Bild lebte. Wenn jetzt die ganzen Autos weg w\u00e4ren und Schnee liegen w\u00fcrde, perfekt. <\/p>\n\n\n\n<p>Aber beklagen will ich mich nicht, ich hatte gerade die letzte Aufnahme im Kasten und war beim Einpacken, da setzte sich genau vor mir in die L\u00fccke ein VW-Transporter, DER h\u00e4tte mir das Bild verdorben w\u00e4re er schon fr\u00fcher gekommen. Ich h\u00e4tte mir sehr gern das Konzert angeh\u00f6rt und auch gern fotografiert. <\/p>\n\n\n\n<p>Aber ich denke, die Kirche war voller Leute, da wollte ich nicht mit Stativ und Kamerarucksack hineinpoltern und st\u00f6ren. Au\u00dferdem hatte ich noch die Idee, zum Luchweg zu fahren. Schon fr\u00fcher hatte ich von dort mal Bilder einer sch\u00f6nen Stadtansicht mit Kirche als Zentrum gemacht. <\/p>\n\n\n\n<p>Das k\u00f6nnte auch jetzt im Dunkeln mit der angeleuchteten Fassade und Spitze gut aussehen. Also hin und ja, auch wenn der Himmel schon schwarz war, der ideale Zeitpunkt von Licht und Farbe l\u00e4ngst vorbei, wollte ich es wagen. Ein schwieriges Unterfangen. Es blies ein kalter Wind mit leichten Sturmb\u00f6en, der die Kamera samt Tele trotz Stativ bei der 30 Sekunden dauernden Belichtungszeit immer wieder gaaanz leicht erzittern lie\u00df. <\/p>\n\n\n\n<p>Und genau das reichte zu verwackelten Bildern. Ich stellte mich dann mit aufgeschlagenen Mantel so davor, dass ich ein Windschutzsegel darstellte, und sieh, eine Aufnahme gelang! Freu!! Und das Irre, auf dem Bild sieht man deutlich mehr als mit blo\u00dfem Auge vor Ort \ud83d\ude00<\/p>\n\n\n\n<p><br \/>Ich w\u00fcnsche Euch eine vor allem besinnliche Weihnachtszeit. Lasst Euch blo\u00df nicht von dem Kauf-und-unbedingt-besorgen-Stress anstecken. Weihnachten hatte mal eigentlich gar nichts mit dem Kommerz-(<del>Schei\u00df<\/del>Unsinn), der heutzutage jedes Jahr noch histerischer abgezogen wird, zu tun. <\/p>\n\n\n\n<p>Da geht es um ganz andere, einfache und menschliche Dinge. Dinge, wo sich die Seele gestreichelt f\u00fchlt, wo Menschen sich verstehen und geliebt f\u00fchlen, wo man noch f\u00fcr einander da ist, Frieden&#8230;<\/p>\n\n\n<div class=\"wp-block-image\">\n<figure class=\"aligncenter size-large\"><a href=\"https:\/\/liebke-foto.de\/maerkischeslicht\/wp-content\/uploads\/2014\/12\/FL8_4567.jpg\"><img loading=\"lazy\" decoding=\"async\" width=\"1400\" height=\"935\" src=\"https:\/\/liebke-foto.de\/maerkischeslicht\/wp-content\/uploads\/2014\/12\/FL8_4567.jpg\" alt=\"\" class=\"wp-image-1888\" srcset=\"https:\/\/liebke-foto.de\/maerkischeslicht\/wp-content\/uploads\/2014\/12\/FL8_4567.jpg 1400w, https:\/\/liebke-foto.de\/maerkischeslicht\/wp-content\/uploads\/2014\/12\/FL8_4567-1197x800.jpg 1197w\" sizes=\"auto, (max-width: 1400px) 100vw, 1400px\" \/><\/a><\/figure>\n<\/div>\n\n<div class=\"wp-block-image\">\n<figure class=\"aligncenter size-large\"><a href=\"https:\/\/liebke-foto.de\/maerkischeslicht\/wp-content\/uploads\/2014\/12\/FL8_4570.jpg\"><img loading=\"lazy\" decoding=\"async\" width=\"1400\" height=\"935\" src=\"https:\/\/liebke-foto.de\/maerkischeslicht\/wp-content\/uploads\/2014\/12\/FL8_4570.jpg\" alt=\"\" class=\"wp-image-1889\" srcset=\"https:\/\/liebke-foto.de\/maerkischeslicht\/wp-content\/uploads\/2014\/12\/FL8_4570.jpg 1400w, https:\/\/liebke-foto.de\/maerkischeslicht\/wp-content\/uploads\/2014\/12\/FL8_4570-1197x800.jpg 1197w\" sizes=\"auto, (max-width: 1400px) 100vw, 1400px\" \/><\/a><\/figure>\n<\/div>\n\n<div class=\"wp-block-image\">\n<figure class=\"aligncenter size-large\"><a href=\"https:\/\/liebke-foto.de\/maerkischeslicht\/wp-content\/uploads\/2014\/12\/FL8_4576.jpg\"><img loading=\"lazy\" decoding=\"async\" width=\"1400\" height=\"934\" src=\"https:\/\/liebke-foto.de\/maerkischeslicht\/wp-content\/uploads\/2014\/12\/FL8_4576.jpg\" alt=\"\" class=\"wp-image-1890\" srcset=\"https:\/\/liebke-foto.de\/maerkischeslicht\/wp-content\/uploads\/2014\/12\/FL8_4576.jpg 1400w, https:\/\/liebke-foto.de\/maerkischeslicht\/wp-content\/uploads\/2014\/12\/FL8_4576-1199x800.jpg 1199w\" sizes=\"auto, (max-width: 1400px) 100vw, 1400px\" \/><\/a><\/figure>\n<\/div>\n\n<div class=\"wp-block-image\">\n<figure class=\"aligncenter size-large\"><a href=\"https:\/\/liebke-foto.de\/maerkischeslicht\/wp-content\/uploads\/2014\/12\/FL8_4587.jpg\"><img loading=\"lazy\" decoding=\"async\" width=\"1400\" height=\"935\" src=\"https:\/\/liebke-foto.de\/maerkischeslicht\/wp-content\/uploads\/2014\/12\/FL8_4587.jpg\" alt=\"\" class=\"wp-image-1891\" srcset=\"https:\/\/liebke-foto.de\/maerkischeslicht\/wp-content\/uploads\/2014\/12\/FL8_4587.jpg 1400w, https:\/\/liebke-foto.de\/maerkischeslicht\/wp-content\/uploads\/2014\/12\/FL8_4587-1197x800.jpg 1197w\" sizes=\"auto, (max-width: 1400px) 100vw, 1400px\" \/><\/a><\/figure>\n<\/div>\n\n<div class=\"wp-block-image\">\n<figure class=\"aligncenter size-large\"><a href=\"https:\/\/liebke-foto.de\/maerkischeslicht\/wp-content\/uploads\/2014\/12\/FL8_4613.jpg\"><img loading=\"lazy\" decoding=\"async\" width=\"1400\" height=\"934\" src=\"https:\/\/liebke-foto.de\/maerkischeslicht\/wp-content\/uploads\/2014\/12\/FL8_4613.jpg\" alt=\"\" class=\"wp-image-1892\" srcset=\"https:\/\/liebke-foto.de\/maerkischeslicht\/wp-content\/uploads\/2014\/12\/FL8_4613.jpg 1400w, https:\/\/liebke-foto.de\/maerkischeslicht\/wp-content\/uploads\/2014\/12\/FL8_4613-1199x800.jpg 1199w\" sizes=\"auto, (max-width: 1400px) 100vw, 1400px\" \/><\/a><\/figure>\n<\/div>\n\n<div class=\"wp-block-image\">\n<figure class=\"aligncenter size-large\"><a href=\"https:\/\/liebke-foto.de\/maerkischeslicht\/wp-content\/uploads\/2014\/12\/FL8_4616.jpg\"><img loading=\"lazy\" decoding=\"async\" width=\"1400\" height=\"935\" src=\"https:\/\/liebke-foto.de\/maerkischeslicht\/wp-content\/uploads\/2014\/12\/FL8_4616.jpg\" alt=\"\" class=\"wp-image-1893\" srcset=\"https:\/\/liebke-foto.de\/maerkischeslicht\/wp-content\/uploads\/2014\/12\/FL8_4616.jpg 1400w, https:\/\/liebke-foto.de\/maerkischeslicht\/wp-content\/uploads\/2014\/12\/FL8_4616-1197x800.jpg 1197w\" sizes=\"auto, (max-width: 1400px) 100vw, 1400px\" \/><\/a><\/figure>\n<\/div>\n\n<div class=\"wp-block-image\">\n<figure class=\"aligncenter size-large\"><a href=\"https:\/\/liebke-foto.de\/maerkischeslicht\/wp-content\/uploads\/2014\/12\/FL8_4635.jpg\"><img loading=\"lazy\" decoding=\"async\" width=\"1400\" height=\"934\" src=\"https:\/\/liebke-foto.de\/maerkischeslicht\/wp-content\/uploads\/2014\/12\/FL8_4635.jpg\" alt=\"\" class=\"wp-image-1894\" srcset=\"https:\/\/liebke-foto.de\/maerkischeslicht\/wp-content\/uploads\/2014\/12\/FL8_4635.jpg 1400w, https:\/\/liebke-foto.de\/maerkischeslicht\/wp-content\/uploads\/2014\/12\/FL8_4635-1199x800.jpg 1199w\" sizes=\"auto, (max-width: 1400px) 100vw, 1400px\" \/><\/a><\/figure>\n<\/div>\n\n<div class=\"wp-block-image\">\n<figure class=\"aligncenter size-large\"><a href=\"https:\/\/liebke-foto.de\/maerkischeslicht\/wp-content\/uploads\/2014\/12\/FL8_4647.jpg\"><img loading=\"lazy\" decoding=\"async\" width=\"1400\" height=\"934\" src=\"https:\/\/liebke-foto.de\/maerkischeslicht\/wp-content\/uploads\/2014\/12\/FL8_4647.jpg\" alt=\"\" class=\"wp-image-1895\" srcset=\"https:\/\/liebke-foto.de\/maerkischeslicht\/wp-content\/uploads\/2014\/12\/FL8_4647.jpg 1400w, https:\/\/liebke-foto.de\/maerkischeslicht\/wp-content\/uploads\/2014\/12\/FL8_4647-1199x800.jpg 1199w\" sizes=\"auto, (max-width: 1400px) 100vw, 1400px\" \/><\/a><\/figure>\n<\/div>\n\n<div class=\"wp-block-image\">\n<figure class=\"aligncenter size-large\"><a href=\"https:\/\/liebke-foto.de\/maerkischeslicht\/wp-content\/uploads\/2014\/12\/FL8_4659.jpg\"><img loading=\"lazy\" decoding=\"async\" width=\"1400\" height=\"934\" src=\"https:\/\/liebke-foto.de\/maerkischeslicht\/wp-content\/uploads\/2014\/12\/FL8_4659.jpg\" alt=\"\" class=\"wp-image-1896\" srcset=\"https:\/\/liebke-foto.de\/maerkischeslicht\/wp-content\/uploads\/2014\/12\/FL8_4659.jpg 1400w, https:\/\/liebke-foto.de\/maerkischeslicht\/wp-content\/uploads\/2014\/12\/FL8_4659-1199x800.jpg 1199w\" sizes=\"auto, (max-width: 1400px) 100vw, 1400px\" \/><\/a><\/figure>\n<\/div>\n\n<div class=\"wp-block-image\">\n<figure class=\"aligncenter size-large\"><a href=\"https:\/\/liebke-foto.de\/maerkischeslicht\/wp-content\/uploads\/2014\/12\/FL8_4665.jpg\"><img loading=\"lazy\" decoding=\"async\" width=\"1400\" height=\"934\" src=\"https:\/\/liebke-foto.de\/maerkischeslicht\/wp-content\/uploads\/2014\/12\/FL8_4665.jpg\" alt=\"\" class=\"wp-image-1897\" srcset=\"https:\/\/liebke-foto.de\/maerkischeslicht\/wp-content\/uploads\/2014\/12\/FL8_4665.jpg 1400w, https:\/\/liebke-foto.de\/maerkischeslicht\/wp-content\/uploads\/2014\/12\/FL8_4665-1199x800.jpg 1199w\" sizes=\"auto, (max-width: 1400px) 100vw, 1400px\" \/><\/a><\/figure>\n<\/div>\n\n<div class=\"wp-block-image\">\n<figure class=\"aligncenter size-large\"><a href=\"https:\/\/liebke-foto.de\/maerkischeslicht\/wp-content\/uploads\/2014\/12\/FL8_4666.jpg\"><img loading=\"lazy\" decoding=\"async\" width=\"1400\" height=\"934\" src=\"https:\/\/liebke-foto.de\/maerkischeslicht\/wp-content\/uploads\/2014\/12\/FL8_4666.jpg\" alt=\"\" class=\"wp-image-1898\" srcset=\"https:\/\/liebke-foto.de\/maerkischeslicht\/wp-content\/uploads\/2014\/12\/FL8_4666.jpg 1400w, https:\/\/liebke-foto.de\/maerkischeslicht\/wp-content\/uploads\/2014\/12\/FL8_4666-1199x800.jpg 1199w\" sizes=\"auto, (max-width: 1400px) 100vw, 1400px\" \/><\/a><\/figure>\n<\/div>\n\n<div class=\"wp-block-image\">\n<figure class=\"aligncenter size-large\"><a href=\"https:\/\/liebke-foto.de\/maerkischeslicht\/wp-content\/uploads\/2014\/12\/FL8_4669.jpg\"><img loading=\"lazy\" decoding=\"async\" width=\"1400\" height=\"934\" src=\"https:\/\/liebke-foto.de\/maerkischeslicht\/wp-content\/uploads\/2014\/12\/FL8_4669.jpg\" alt=\"\" class=\"wp-image-1899\" srcset=\"https:\/\/liebke-foto.de\/maerkischeslicht\/wp-content\/uploads\/2014\/12\/FL8_4669.jpg 1400w, https:\/\/liebke-foto.de\/maerkischeslicht\/wp-content\/uploads\/2014\/12\/FL8_4669-1199x800.jpg 1199w\" sizes=\"auto, (max-width: 1400px) 100vw, 1400px\" \/><\/a><\/figure>\n<\/div>\n\n<div class=\"wp-block-image\">\n<figure class=\"aligncenter size-large\"><a href=\"https:\/\/liebke-foto.de\/maerkischeslicht\/wp-content\/uploads\/2014\/12\/FL8_4699.jpg\"><img loading=\"lazy\" decoding=\"async\" width=\"1400\" height=\"707\" src=\"https:\/\/liebke-foto.de\/maerkischeslicht\/wp-content\/uploads\/2014\/12\/FL8_4699.jpg\" alt=\"\" class=\"wp-image-1900\" srcset=\"https:\/\/liebke-foto.de\/maerkischeslicht\/wp-content\/uploads\/2014\/12\/FL8_4699.jpg 1400w, https:\/\/liebke-foto.de\/maerkischeslicht\/wp-content\/uploads\/2014\/12\/FL8_4699-1300x656.jpg 1300w\" sizes=\"auto, (max-width: 1400px) 100vw, 1400px\" \/><\/a><figcaption>Advent in der Kremmener Kirche<\/figcaption><\/figure>\n<\/div>\n\n<div class=\"wp-block-image\">\n<figure class=\"aligncenter size-large\"><a href=\"https:\/\/liebke-foto.de\/maerkischeslicht\/wp-content\/uploads\/2014\/12\/FL8_4703.jpg\"><img loading=\"lazy\" decoding=\"async\" width=\"1400\" height=\"934\" src=\"https:\/\/liebke-foto.de\/maerkischeslicht\/wp-content\/uploads\/2014\/12\/FL8_4703.jpg\" alt=\"\" class=\"wp-image-1901\" srcset=\"https:\/\/liebke-foto.de\/maerkischeslicht\/wp-content\/uploads\/2014\/12\/FL8_4703.jpg 1400w, https:\/\/liebke-foto.de\/maerkischeslicht\/wp-content\/uploads\/2014\/12\/FL8_4703-1199x800.jpg 1199w\" sizes=\"auto, (max-width: 1400px) 100vw, 1400px\" \/><\/a><\/figure>\n<\/div>\n\n\n<div style=\"padding:20px\" class=\"wp-block-tnp-minimal\"><p>Subscribe to our newsletter!<\/p><div><div class=\"tnp tnp-subscription \">\n<form method=\"post\" action=\"https:\/\/liebke-foto.de\/maerkischeslicht\/wp-admin\/admin-ajax.php?action=tnp&amp;na=s\">\n<input type=\"hidden\" name=\"nlang\" value=\"\">\n<div class=\"tnp-field tnp-field-firstname\"><label for=\"tnp-1\">Vorname oder ganzer Name<\/label>\n<input class=\"tnp-name\" type=\"text\" name=\"nn\" id=\"tnp-1\" value=\"\" placeholder=\"\"><\/div>\n<div class=\"tnp-field tnp-field-email\"><label for=\"tnp-2\">Email<\/label>\n<input class=\"tnp-email\" type=\"email\" name=\"ne\" id=\"tnp-2\" value=\"\" placeholder=\"\" required><\/div>\n<div class=\"tnp-field tnp-privacy-field\"><label><input type=\"checkbox\" name=\"ny\" required class=\"tnp-privacy\"> Indem Du fortf\u00e4hrst, akzeptierst Du unsere Datenschutzerkl\u00e4rung.<\/label><\/div><div class=\"tnp-field tnp-field-button\" style=\"text-align: left\"><input class=\"tnp-submit\" type=\"submit\" value=\"Abonnieren\" style=\"\">\n<\/div>\n<\/form>\n<\/div>\n<\/div><\/div>\n\n\n\n\n","protected":false},"excerpt":{"rendered":"<p>Genau das war mein Ziel zum sp\u00e4ten Nachmittag des heutigen 1.Advents. Mal schauen was da so los ist im Kremmener Scheunenviertel. Dieses Viertel&#8230;<\/p>\n","protected":false},"author":1,"featured_media":1896,"comment_status":"open","ping_status":"closed","sticky":false,"template":"","format":"gallery","meta":{"footnotes":""},"categories":[11,38],"tags":[],"class_list":["post-1887","post","type-post","status-publish","format-gallery","has-post-thumbnail","hentry","category-im-land-brandenburg-unterwegs","category-menschliches-aus-der-mark","post_format-post-format-gallery"],"yoast_head":"<!-- This site is optimized with the Yoast SEO plugin v27.5 - https:\/\/yoast.com\/product\/yoast-seo-wordpress\/ -->\n<title>LANDpartie zum Kremmener Weihnachtsmarkt - M\u00e4rkisches Licht - Der Fotograf der Stille<\/title>\n<meta name=\"description\" content=\"LANDpartie zum Kremmener Weihnachtsmarkt\" \/>\n<meta name=\"robots\" content=\"index, follow, max-snippet:-1, max-image-preview:large, max-video-preview:-1\" \/>\n<link rel=\"canonical\" href=\"https:\/\/liebke-foto.de\/maerkischeslicht\/landpara-ie-zum-kremmener-weihnachtsmarkt\/\" \/>\n<meta property=\"og:locale\" content=\"de_DE\" \/>\n<meta property=\"og:type\" content=\"article\" \/>\n<meta property=\"og:title\" content=\"LANDpartie zum Kremmener Weihnachtsmarkt - M\u00e4rkisches Licht - Der Fotograf der Stille\" \/>\n<meta property=\"og:description\" content=\"LANDpartie zum Kremmener Weihnachtsmarkt\" \/>\n<meta property=\"og:url\" content=\"https:\/\/liebke-foto.de\/maerkischeslicht\/landpara-ie-zum-kremmener-weihnachtsmarkt\/\" \/>\n<meta property=\"og:site_name\" content=\"M\u00e4rkisches Licht - Der Fotograf der Stille\" \/>\n<meta property=\"article:published_time\" content=\"2014-11-30T23:52:04+00:00\" \/>\n<meta property=\"article:modified_time\" content=\"2022-07-03T21:27:47+00:00\" \/>\n<meta property=\"og:image\" content=\"https:\/\/liebke-foto.de\/maerkischeslicht\/wp-content\/uploads\/2014\/12\/FL8_4659.jpg\" \/>\n\t<meta property=\"og:image:width\" content=\"1400\" \/>\n\t<meta property=\"og:image:height\" content=\"934\" \/>\n\t<meta property=\"og:image:type\" content=\"image\/jpeg\" \/>\n<meta name=\"author\" content=\"Frank Liebke\" \/>\n<meta name=\"twitter:card\" content=\"summary_large_image\" \/>\n<meta name=\"twitter:label1\" content=\"Verfasst von\" \/>\n\t<meta name=\"twitter:data1\" content=\"Frank Liebke\" \/>\n\t<meta name=\"twitter:label2\" content=\"Gesch\u00e4tzte Lesezeit\" \/>\n\t<meta name=\"twitter:data2\" content=\"8\u00a0Minuten\" \/>\n<script type=\"application\/ld+json\" class=\"yoast-schema-graph\">{\"@context\":\"https:\\\/\\\/schema.org\",\"@graph\":[{\"@type\":\"Article\",\"@id\":\"https:\\\/\\\/liebke-foto.de\\\/maerkischeslicht\\\/landpara-ie-zum-kremmener-weihnachtsmarkt\\\/#article\",\"isPartOf\":{\"@id\":\"https:\\\/\\\/liebke-foto.de\\\/maerkischeslicht\\\/landpara-ie-zum-kremmener-weihnachtsmarkt\\\/\"},\"author\":{\"name\":\"Frank Liebke\",\"@id\":\"https:\\\/\\\/liebke-foto.de\\\/maerkischeslicht\\\/#\\\/schema\\\/person\\\/d71108abc09a723daeeb8526a33137ee\"},\"headline\":\"LANDpartie zum Kremmener Weihnachtsmarkt\",\"datePublished\":\"2014-11-30T23:52:04+00:00\",\"dateModified\":\"2022-07-03T21:27:47+00:00\",\"mainEntityOfPage\":{\"@id\":\"https:\\\/\\\/liebke-foto.de\\\/maerkischeslicht\\\/landpara-ie-zum-kremmener-weihnachtsmarkt\\\/\"},\"wordCount\":832,\"commentCount\":0,\"publisher\":{\"@id\":\"https:\\\/\\\/liebke-foto.de\\\/maerkischeslicht\\\/#\\\/schema\\\/person\\\/d71108abc09a723daeeb8526a33137ee\"},\"image\":{\"@id\":\"https:\\\/\\\/liebke-foto.de\\\/maerkischeslicht\\\/landpara-ie-zum-kremmener-weihnachtsmarkt\\\/#primaryimage\"},\"thumbnailUrl\":\"https:\\\/\\\/liebke-foto.de\\\/maerkischeslicht\\\/wp-content\\\/uploads\\\/2014\\\/12\\\/FL8_4659.jpg\",\"articleSection\":[\"Im Land Brandenburg unterwegs\",\"Menschliches aus der Mark\"],\"inLanguage\":\"de\",\"potentialAction\":[{\"@type\":\"CommentAction\",\"name\":\"Comment\",\"target\":[\"https:\\\/\\\/liebke-foto.de\\\/maerkischeslicht\\\/landpara-ie-zum-kremmener-weihnachtsmarkt\\\/#respond\"]}]},{\"@type\":\"WebPage\",\"@id\":\"https:\\\/\\\/liebke-foto.de\\\/maerkischeslicht\\\/landpara-ie-zum-kremmener-weihnachtsmarkt\\\/\",\"url\":\"https:\\\/\\\/liebke-foto.de\\\/maerkischeslicht\\\/landpara-ie-zum-kremmener-weihnachtsmarkt\\\/\",\"name\":\"LANDpartie zum Kremmener Weihnachtsmarkt - M\u00e4rkisches Licht - Der Fotograf der Stille\",\"isPartOf\":{\"@id\":\"https:\\\/\\\/liebke-foto.de\\\/maerkischeslicht\\\/#website\"},\"primaryImageOfPage\":{\"@id\":\"https:\\\/\\\/liebke-foto.de\\\/maerkischeslicht\\\/landpara-ie-zum-kremmener-weihnachtsmarkt\\\/#primaryimage\"},\"image\":{\"@id\":\"https:\\\/\\\/liebke-foto.de\\\/maerkischeslicht\\\/landpara-ie-zum-kremmener-weihnachtsmarkt\\\/#primaryimage\"},\"thumbnailUrl\":\"https:\\\/\\\/liebke-foto.de\\\/maerkischeslicht\\\/wp-content\\\/uploads\\\/2014\\\/12\\\/FL8_4659.jpg\",\"datePublished\":\"2014-11-30T23:52:04+00:00\",\"dateModified\":\"2022-07-03T21:27:47+00:00\",\"description\":\"LANDpartie zum Kremmener Weihnachtsmarkt\",\"breadcrumb\":{\"@id\":\"https:\\\/\\\/liebke-foto.de\\\/maerkischeslicht\\\/landpara-ie-zum-kremmener-weihnachtsmarkt\\\/#breadcrumb\"},\"inLanguage\":\"de\",\"potentialAction\":[{\"@type\":\"ReadAction\",\"target\":[\"https:\\\/\\\/liebke-foto.de\\\/maerkischeslicht\\\/landpara-ie-zum-kremmener-weihnachtsmarkt\\\/\"]}]},{\"@type\":\"ImageObject\",\"inLanguage\":\"de\",\"@id\":\"https:\\\/\\\/liebke-foto.de\\\/maerkischeslicht\\\/landpara-ie-zum-kremmener-weihnachtsmarkt\\\/#primaryimage\",\"url\":\"https:\\\/\\\/liebke-foto.de\\\/maerkischeslicht\\\/wp-content\\\/uploads\\\/2014\\\/12\\\/FL8_4659.jpg\",\"contentUrl\":\"https:\\\/\\\/liebke-foto.de\\\/maerkischeslicht\\\/wp-content\\\/uploads\\\/2014\\\/12\\\/FL8_4659.jpg\",\"width\":1400,\"height\":934},{\"@type\":\"BreadcrumbList\",\"@id\":\"https:\\\/\\\/liebke-foto.de\\\/maerkischeslicht\\\/landpara-ie-zum-kremmener-weihnachtsmarkt\\\/#breadcrumb\",\"itemListElement\":[{\"@type\":\"ListItem\",\"position\":1,\"name\":\"Startseite\",\"item\":\"https:\\\/\\\/liebke-foto.de\\\/maerkischeslicht\\\/\"},{\"@type\":\"ListItem\",\"position\":2,\"name\":\"LANDpartie zum Kremmener Weihnachtsmarkt\"}]},{\"@type\":\"WebSite\",\"@id\":\"https:\\\/\\\/liebke-foto.de\\\/maerkischeslicht\\\/#website\",\"url\":\"https:\\\/\\\/liebke-foto.de\\\/maerkischeslicht\\\/\",\"name\":\"M\u00e4rkisches Licht - Der Fotograf der Stille\",\"description\":\"Die Liebe zum Leben...\",\"publisher\":{\"@id\":\"https:\\\/\\\/liebke-foto.de\\\/maerkischeslicht\\\/#\\\/schema\\\/person\\\/d71108abc09a723daeeb8526a33137ee\"},\"potentialAction\":[{\"@type\":\"SearchAction\",\"target\":{\"@type\":\"EntryPoint\",\"urlTemplate\":\"https:\\\/\\\/liebke-foto.de\\\/maerkischeslicht\\\/?s={search_term_string}\"},\"query-input\":{\"@type\":\"PropertyValueSpecification\",\"valueRequired\":true,\"valueName\":\"search_term_string\"}}],\"inLanguage\":\"de\"},{\"@type\":[\"Person\",\"Organization\"],\"@id\":\"https:\\\/\\\/liebke-foto.de\\\/maerkischeslicht\\\/#\\\/schema\\\/person\\\/d71108abc09a723daeeb8526a33137ee\",\"name\":\"Frank Liebke\",\"image\":{\"@type\":\"ImageObject\",\"inLanguage\":\"de\",\"@id\":\"https:\\\/\\\/liebke-foto.de\\\/maerkischeslicht\\\/wp-content\\\/uploads\\\/2021\\\/12\\\/IMG-20211024-WA0001.jpg\",\"url\":\"https:\\\/\\\/liebke-foto.de\\\/maerkischeslicht\\\/wp-content\\\/uploads\\\/2021\\\/12\\\/IMG-20211024-WA0001.jpg\",\"contentUrl\":\"https:\\\/\\\/liebke-foto.de\\\/maerkischeslicht\\\/wp-content\\\/uploads\\\/2021\\\/12\\\/IMG-20211024-WA0001.jpg\",\"width\":900,\"height\":1600,\"caption\":\"Frank Liebke\"},\"logo\":{\"@id\":\"https:\\\/\\\/liebke-foto.de\\\/maerkischeslicht\\\/wp-content\\\/uploads\\\/2021\\\/12\\\/IMG-20211024-WA0001.jpg\"},\"sameAs\":[\"https:\\\/\\\/liebke-foto.de\"],\"url\":\"https:\\\/\\\/liebke-foto.de\\\/maerkischeslicht\\\/author\\\/adminuser\\\/\"}]}<\/script>\n<!-- \/ Yoast SEO plugin. -->","yoast_head_json":{"title":"LANDpartie zum Kremmener Weihnachtsmarkt - M\u00e4rkisches Licht - Der Fotograf der Stille","description":"LANDpartie zum Kremmener Weihnachtsmarkt","robots":{"index":"index","follow":"follow","max-snippet":"max-snippet:-1","max-image-preview":"max-image-preview:large","max-video-preview":"max-video-preview:-1"},"canonical":"https:\/\/liebke-foto.de\/maerkischeslicht\/landpara-ie-zum-kremmener-weihnachtsmarkt\/","og_locale":"de_DE","og_type":"article","og_title":"LANDpartie zum Kremmener Weihnachtsmarkt - M\u00e4rkisches Licht - Der Fotograf der Stille","og_description":"LANDpartie zum Kremmener Weihnachtsmarkt","og_url":"https:\/\/liebke-foto.de\/maerkischeslicht\/landpara-ie-zum-kremmener-weihnachtsmarkt\/","og_site_name":"M\u00e4rkisches Licht - Der Fotograf der Stille","article_published_time":"2014-11-30T23:52:04+00:00","article_modified_time":"2022-07-03T21:27:47+00:00","og_image":[{"width":1400,"height":934,"url":"https:\/\/liebke-foto.de\/maerkischeslicht\/wp-content\/uploads\/2014\/12\/FL8_4659.jpg","type":"image\/jpeg"}],"author":"Frank Liebke","twitter_card":"summary_large_image","twitter_misc":{"Verfasst von":"Frank Liebke","Gesch\u00e4tzte Lesezeit":"8\u00a0Minuten"},"schema":{"@context":"https:\/\/schema.org","@graph":[{"@type":"Article","@id":"https:\/\/liebke-foto.de\/maerkischeslicht\/landpara-ie-zum-kremmener-weihnachtsmarkt\/#article","isPartOf":{"@id":"https:\/\/liebke-foto.de\/maerkischeslicht\/landpara-ie-zum-kremmener-weihnachtsmarkt\/"},"author":{"name":"Frank Liebke","@id":"https:\/\/liebke-foto.de\/maerkischeslicht\/#\/schema\/person\/d71108abc09a723daeeb8526a33137ee"},"headline":"LANDpartie zum Kremmener Weihnachtsmarkt","datePublished":"2014-11-30T23:52:04+00:00","dateModified":"2022-07-03T21:27:47+00:00","mainEntityOfPage":{"@id":"https:\/\/liebke-foto.de\/maerkischeslicht\/landpara-ie-zum-kremmener-weihnachtsmarkt\/"},"wordCount":832,"commentCount":0,"publisher":{"@id":"https:\/\/liebke-foto.de\/maerkischeslicht\/#\/schema\/person\/d71108abc09a723daeeb8526a33137ee"},"image":{"@id":"https:\/\/liebke-foto.de\/maerkischeslicht\/landpara-ie-zum-kremmener-weihnachtsmarkt\/#primaryimage"},"thumbnailUrl":"https:\/\/liebke-foto.de\/maerkischeslicht\/wp-content\/uploads\/2014\/12\/FL8_4659.jpg","articleSection":["Im Land Brandenburg unterwegs","Menschliches aus der Mark"],"inLanguage":"de","potentialAction":[{"@type":"CommentAction","name":"Comment","target":["https:\/\/liebke-foto.de\/maerkischeslicht\/landpara-ie-zum-kremmener-weihnachtsmarkt\/#respond"]}]},{"@type":"WebPage","@id":"https:\/\/liebke-foto.de\/maerkischeslicht\/landpara-ie-zum-kremmener-weihnachtsmarkt\/","url":"https:\/\/liebke-foto.de\/maerkischeslicht\/landpara-ie-zum-kremmener-weihnachtsmarkt\/","name":"LANDpartie zum Kremmener Weihnachtsmarkt - M\u00e4rkisches Licht - Der Fotograf der Stille","isPartOf":{"@id":"https:\/\/liebke-foto.de\/maerkischeslicht\/#website"},"primaryImageOfPage":{"@id":"https:\/\/liebke-foto.de\/maerkischeslicht\/landpara-ie-zum-kremmener-weihnachtsmarkt\/#primaryimage"},"image":{"@id":"https:\/\/liebke-foto.de\/maerkischeslicht\/landpara-ie-zum-kremmener-weihnachtsmarkt\/#primaryimage"},"thumbnailUrl":"https:\/\/liebke-foto.de\/maerkischeslicht\/wp-content\/uploads\/2014\/12\/FL8_4659.jpg","datePublished":"2014-11-30T23:52:04+00:00","dateModified":"2022-07-03T21:27:47+00:00","description":"LANDpartie zum Kremmener Weihnachtsmarkt","breadcrumb":{"@id":"https:\/\/liebke-foto.de\/maerkischeslicht\/landpara-ie-zum-kremmener-weihnachtsmarkt\/#breadcrumb"},"inLanguage":"de","potentialAction":[{"@type":"ReadAction","target":["https:\/\/liebke-foto.de\/maerkischeslicht\/landpara-ie-zum-kremmener-weihnachtsmarkt\/"]}]},{"@type":"ImageObject","inLanguage":"de","@id":"https:\/\/liebke-foto.de\/maerkischeslicht\/landpara-ie-zum-kremmener-weihnachtsmarkt\/#primaryimage","url":"https:\/\/liebke-foto.de\/maerkischeslicht\/wp-content\/uploads\/2014\/12\/FL8_4659.jpg","contentUrl":"https:\/\/liebke-foto.de\/maerkischeslicht\/wp-content\/uploads\/2014\/12\/FL8_4659.jpg","width":1400,"height":934},{"@type":"BreadcrumbList","@id":"https:\/\/liebke-foto.de\/maerkischeslicht\/landpara-ie-zum-kremmener-weihnachtsmarkt\/#breadcrumb","itemListElement":[{"@type":"ListItem","position":1,"name":"Startseite","item":"https:\/\/liebke-foto.de\/maerkischeslicht\/"},{"@type":"ListItem","position":2,"name":"LANDpartie zum Kremmener Weihnachtsmarkt"}]},{"@type":"WebSite","@id":"https:\/\/liebke-foto.de\/maerkischeslicht\/#website","url":"https:\/\/liebke-foto.de\/maerkischeslicht\/","name":"M\u00e4rkisches Licht - Der Fotograf der Stille","description":"Die Liebe zum Leben...","publisher":{"@id":"https:\/\/liebke-foto.de\/maerkischeslicht\/#\/schema\/person\/d71108abc09a723daeeb8526a33137ee"},"potentialAction":[{"@type":"SearchAction","target":{"@type":"EntryPoint","urlTemplate":"https:\/\/liebke-foto.de\/maerkischeslicht\/?s={search_term_string}"},"query-input":{"@type":"PropertyValueSpecification","valueRequired":true,"valueName":"search_term_string"}}],"inLanguage":"de"},{"@type":["Person","Organization"],"@id":"https:\/\/liebke-foto.de\/maerkischeslicht\/#\/schema\/person\/d71108abc09a723daeeb8526a33137ee","name":"Frank Liebke","image":{"@type":"ImageObject","inLanguage":"de","@id":"https:\/\/liebke-foto.de\/maerkischeslicht\/wp-content\/uploads\/2021\/12\/IMG-20211024-WA0001.jpg","url":"https:\/\/liebke-foto.de\/maerkischeslicht\/wp-content\/uploads\/2021\/12\/IMG-20211024-WA0001.jpg","contentUrl":"https:\/\/liebke-foto.de\/maerkischeslicht\/wp-content\/uploads\/2021\/12\/IMG-20211024-WA0001.jpg","width":900,"height":1600,"caption":"Frank Liebke"},"logo":{"@id":"https:\/\/liebke-foto.de\/maerkischeslicht\/wp-content\/uploads\/2021\/12\/IMG-20211024-WA0001.jpg"},"sameAs":["https:\/\/liebke-foto.de"],"url":"https:\/\/liebke-foto.de\/maerkischeslicht\/author\/adminuser\/"}]}},"_links":{"self":[{"href":"https:\/\/liebke-foto.de\/maerkischeslicht\/wp-json\/wp\/v2\/posts\/1887","targetHints":{"allow":["GET"]}}],"collection":[{"href":"https:\/\/liebke-foto.de\/maerkischeslicht\/wp-json\/wp\/v2\/posts"}],"about":[{"href":"https:\/\/liebke-foto.de\/maerkischeslicht\/wp-json\/wp\/v2\/types\/post"}],"author":[{"embeddable":true,"href":"https:\/\/liebke-foto.de\/maerkischeslicht\/wp-json\/wp\/v2\/users\/1"}],"replies":[{"embeddable":true,"href":"https:\/\/liebke-foto.de\/maerkischeslicht\/wp-json\/wp\/v2\/comments?post=1887"}],"version-history":[{"count":6,"href":"https:\/\/liebke-foto.de\/maerkischeslicht\/wp-json\/wp\/v2\/posts\/1887\/revisions"}],"predecessor-version":[{"id":6074,"href":"https:\/\/liebke-foto.de\/maerkischeslicht\/wp-json\/wp\/v2\/posts\/1887\/revisions\/6074"}],"wp:featuredmedia":[{"embeddable":true,"href":"https:\/\/liebke-foto.de\/maerkischeslicht\/wp-json\/wp\/v2\/media\/1896"}],"wp:attachment":[{"href":"https:\/\/liebke-foto.de\/maerkischeslicht\/wp-json\/wp\/v2\/media?parent=1887"}],"wp:term":[{"taxonomy":"category","embeddable":true,"href":"https:\/\/liebke-foto.de\/maerkischeslicht\/wp-json\/wp\/v2\/categories?post=1887"},{"taxonomy":"post_tag","embeddable":true,"href":"https:\/\/liebke-foto.de\/maerkischeslicht\/wp-json\/wp\/v2\/tags?post=1887"}],"curies":[{"name":"wp","href":"https:\/\/api.w.org\/{rel}","templated":true}]}}