{"id":1875,"date":"2014-11-27T20:13:49","date_gmt":"2014-11-27T18:13:49","guid":{"rendered":"http:\/\/liebke-foto.de\/maerkischeslicht\/?p=1875"},"modified":"2022-07-03T23:27:54","modified_gmt":"2022-07-03T21:27:54","slug":"hennigsdorf-als-innovationsstandort-werbung-und-making-of-teil2","status":"publish","type":"post","link":"https:\/\/liebke-foto.de\/maerkischeslicht\/hennigsdorf-als-innovationsstandort-werbung-und-making-of-teil2\/","title":{"rendered":"Hennigsdorf als Innovationsstandort &#8211; Werbung und making of Teil 2"},"content":{"rendered":"\n<p><a href=\"https:\/\/liebke-foto.de\/maerkischeslicht\/hennigsdorf-als-innovationsstandort-werbung-und-making-of\/\" target=\"_blank\" rel=\"noopener\">Im ersten Teil<\/a>\u00a0hatte ich schon recht ausf\u00fchrlich \u00fcber die Beweggr\u00fcnde dieser <a href=\"https:\/\/liebke-foto.de\/maerkischeslicht\/hennigsdorf-als-innovationsstandort-werbung-und-making-of\/\" target=\"_blank\" rel=\"noopener\">Werbekampagne<\/a> f\u00fcr die Stadt Hennigsdorf als Innovationsstandort geschrieben. Hier m\u00f6chte ich das nur noch mit vielen Bildbeispielen zeigen, was dann draus geworden ist. Zum einen riesige durchleutbare Plakate, die unter anderem an den vielen Bushaltestellen in Hennigsdorf verwendung finden.<\/p>\n\n\n<div class=\"wp-block-image\">\n<figure class=\"aligncenter\"><a href=\"https:\/\/liebke-foto.de\/maerkischeslicht\/wp-content\/uploads\/2014\/11\/02.jpg\"><img loading=\"lazy\" decoding=\"async\" width=\"1200\" height=\"801\" src=\"https:\/\/liebke-foto.de\/maerkischeslicht\/wp-content\/uploads\/2014\/11\/02.jpg\" alt=\"Werbeleuchtkasten und Bushaltestelle am Klubhaus Hennigsdorf\" class=\"wp-image-1829\" srcset=\"https:\/\/liebke-foto.de\/maerkischeslicht\/wp-content\/uploads\/2014\/11\/02.jpg 1200w, https:\/\/liebke-foto.de\/maerkischeslicht\/wp-content\/uploads\/2014\/11\/02-1198x800.jpg 1198w\" sizes=\"auto, (max-width: 1200px) 100vw, 1200px\" \/><\/a><figcaption>Werbeleuchtkasten und Bushaltestelle am Klubhaus Hennigsdorf<\/figcaption><\/figure>\n<\/div>\n\n\n<p>Damit wurde auch vielen Hennigsdorfern und ihren G\u00e4sten einmal recht deutlich gemacht, was f\u00fcr ein enormes Potential an Innovationskraft in diesem Ort steckt. Desweiteren streckt sich die Werbung bis in die Hauptstadt Berlin hinein, unter anderem in U-Bahnh\u00f6fen.<\/p>\n\n\n<div class=\"wp-block-image\">\n<figure class=\"aligncenter\"><a href=\"https:\/\/liebke-foto.de\/maerkischeslicht\/wp-content\/uploads\/2014\/11\/U-Bahn.jpg\"><img loading=\"lazy\" decoding=\"async\" width=\"598\" height=\"304\" src=\"https:\/\/liebke-foto.de\/maerkischeslicht\/wp-content\/uploads\/2014\/11\/U-Bahn.jpg\" alt=\"U-Bahn\" class=\"wp-image-1815\"\/><\/a><figcaption>U-Bahn Berlin<\/figcaption><\/figure>\n<\/div>\n\n\n<p>Und hier ist die Webseite mit allen n\u00f6tigen Informationen dazu und weiterf\u00fchrende Links zu den ausgew\u00e4hlten Firmen und Gewrbetreibenden: <a href=\"http:\/\/www.made-in-hennigsdorf.de\" target=\"_blank\" rel=\"noopener\">Made-in-hennigsdorf.de&nbsp;<\/a><\/p>\n\n\n\n<p>F\u00fcr die Technikinteressierten: Schon die <a href=\"https:\/\/liebke-foto.de\/maerkischeslicht\/wie-die-stadt-hennigsdorf-ihr-image-bewirbt\/\" target=\"_blank\" rel=\"noopener\">erste Kampagne<\/a>&nbsp;hat mich auf Grund der zu erwartenden riesigen Bilder dazu bewogen, zu meiner D700 eine Nikon D800 zu erwerben. Die kam auch bei diesem Projekt ausschlie\u00dflich zum Einsatz. Auch ausschlie\u00dflich mit dem 2,8\/70-200er Nikkor, alles ohne Blitz. Ich wollte alles so echt wie m\u00f6glich haben und habe alle Register der Technik und meines K\u00f6nnens gezogen \ud83d\ude09 . Da war dann auch der Extremfall im Stahlwerk. Ein Stahlarbeiter ganz in der N\u00e4he des Elektro-Hochofens, auf seinem Gesicht spiegelt sich ein Lichtschein, Empfindlichkeit 6400 ISO, Blende 2,8 , 90mm Brennweite, 1\/50stel Sekunde Belichtungszeit \ud83d\ude09<br \/>Bei dieser Arbeit hatte ich die Kamera auf Schwarz-Wei\u00df eingestellt, was den Vorteil hatte dass das Display gleich jeden Schuss auch monochrom anzeigte. Ich konnte mich voll und ganz auf die grafische Wirkund des Lichts konzentrieren, eine feine Sache! Im RAW-Konverter war ich dann oft \u00fcberrascht, wie fad doch manches Motiv in Farbe aussieht, denn da kamen ja alle Daten erst mal in voller Farbigkeit an und wurden dann in SW konvertiert. Um diesen Gegensatz noch einmal deutlich zu zeigen habe ich ein paar Beispiele in die Bildergalerie gesteckt.<br \/>Und falls manch einem Firmeninhaber meine Art der Personenfotografie zusagt, ich bin gern zu buchen \ud83d\ude09 einfach per Mail an :frank@liebke-foto.de<\/p>\n\n\n<div class=\"wp-block-image\">\n<figure class=\"aligncenter size-large\"><a href=\"https:\/\/liebke-foto.de\/maerkischeslicht\/wp-content\/uploads\/2014\/11\/FL8_7193.jpg\"><img loading=\"lazy\" decoding=\"async\" width=\"700\" height=\"1049\" src=\"https:\/\/liebke-foto.de\/maerkischeslicht\/wp-content\/uploads\/2014\/11\/FL8_7193.jpg\" alt=\"HES Stahlwerk\" class=\"wp-image-1844\" srcset=\"https:\/\/liebke-foto.de\/maerkischeslicht\/wp-content\/uploads\/2014\/11\/FL8_7193.jpg 700w, https:\/\/liebke-foto.de\/maerkischeslicht\/wp-content\/uploads\/2014\/11\/FL8_7193-533x800.jpg 533w\" sizes=\"auto, (max-width: 700px) 100vw, 700px\" \/><\/a><\/figure>\n<\/div>\n\n<div class=\"wp-block-image\">\n<figure class=\"aligncenter size-large\"><a href=\"https:\/\/liebke-foto.de\/maerkischeslicht\/wp-content\/uploads\/2014\/11\/FL8_7193-1.jpg\"><img loading=\"lazy\" decoding=\"async\" width=\"700\" height=\"1048\" src=\"https:\/\/liebke-foto.de\/maerkischeslicht\/wp-content\/uploads\/2014\/11\/FL8_7193-1.jpg\" alt=\"HES Stahlwerk\" class=\"wp-image-1843\" srcset=\"https:\/\/liebke-foto.de\/maerkischeslicht\/wp-content\/uploads\/2014\/11\/FL8_7193-1.jpg 700w, https:\/\/liebke-foto.de\/maerkischeslicht\/wp-content\/uploads\/2014\/11\/FL8_7193-1-534x800.jpg 534w\" sizes=\"auto, (max-width: 700px) 100vw, 700px\" \/><\/a><\/figure>\n<\/div>\n\n<div class=\"wp-block-image\">\n<figure class=\"aligncenter size-large\"><a href=\"https:\/\/liebke-foto.de\/maerkischeslicht\/wp-content\/uploads\/2014\/11\/FL8_9339.jpg\"><img loading=\"lazy\" decoding=\"async\" width=\"700\" height=\"1049\" src=\"https:\/\/liebke-foto.de\/maerkischeslicht\/wp-content\/uploads\/2014\/11\/FL8_9339.jpg\" alt=\"Fiagon\" class=\"wp-image-1856\" srcset=\"https:\/\/liebke-foto.de\/maerkischeslicht\/wp-content\/uploads\/2014\/11\/FL8_9339.jpg 700w, https:\/\/liebke-foto.de\/maerkischeslicht\/wp-content\/uploads\/2014\/11\/FL8_9339-533x800.jpg 533w\" sizes=\"auto, (max-width: 700px) 100vw, 700px\" \/><\/a><\/figure>\n<\/div>\n\n<div class=\"wp-block-image\">\n<figure class=\"aligncenter size-large\"><a href=\"https:\/\/liebke-foto.de\/maerkischeslicht\/wp-content\/uploads\/2014\/11\/FL8_9339-1.jpg\"><img loading=\"lazy\" decoding=\"async\" width=\"700\" height=\"1048\" src=\"https:\/\/liebke-foto.de\/maerkischeslicht\/wp-content\/uploads\/2014\/11\/FL8_9339-1.jpg\" alt=\"Fiagon\" class=\"wp-image-1855\" srcset=\"https:\/\/liebke-foto.de\/maerkischeslicht\/wp-content\/uploads\/2014\/11\/FL8_9339-1.jpg 700w, https:\/\/liebke-foto.de\/maerkischeslicht\/wp-content\/uploads\/2014\/11\/FL8_9339-1-534x800.jpg 534w\" sizes=\"auto, (max-width: 700px) 100vw, 700px\" \/><\/a><\/figure>\n<\/div>\n\n<div class=\"wp-block-image\">\n<figure class=\"aligncenter size-large\"><a href=\"https:\/\/liebke-foto.de\/maerkischeslicht\/wp-content\/uploads\/2014\/11\/FL8_8233.jpg\"><img loading=\"lazy\" decoding=\"async\" width=\"700\" height=\"1049\" src=\"https:\/\/liebke-foto.de\/maerkischeslicht\/wp-content\/uploads\/2014\/11\/FL8_8233.jpg\" alt=\"Stadtwerke\" class=\"wp-image-1848\" srcset=\"https:\/\/liebke-foto.de\/maerkischeslicht\/wp-content\/uploads\/2014\/11\/FL8_8233.jpg 700w, https:\/\/liebke-foto.de\/maerkischeslicht\/wp-content\/uploads\/2014\/11\/FL8_8233-533x800.jpg 533w\" sizes=\"auto, (max-width: 700px) 100vw, 700px\" \/><\/a><\/figure>\n<\/div>\n\n<div class=\"wp-block-image\">\n<figure class=\"aligncenter size-large\"><a href=\"https:\/\/liebke-foto.de\/maerkischeslicht\/wp-content\/uploads\/2014\/11\/FL8_8233-1.jpg\"><img loading=\"lazy\" decoding=\"async\" width=\"700\" height=\"1048\" src=\"https:\/\/liebke-foto.de\/maerkischeslicht\/wp-content\/uploads\/2014\/11\/FL8_8233-1.jpg\" alt=\"Stadtwerke\" class=\"wp-image-1847\" srcset=\"https:\/\/liebke-foto.de\/maerkischeslicht\/wp-content\/uploads\/2014\/11\/FL8_8233-1.jpg 700w, https:\/\/liebke-foto.de\/maerkischeslicht\/wp-content\/uploads\/2014\/11\/FL8_8233-1-534x800.jpg 534w\" sizes=\"auto, (max-width: 700px) 100vw, 700px\" \/><\/a><\/figure>\n<\/div>\n\n<div class=\"wp-block-image\">\n<figure class=\"aligncenter size-large\"><a href=\"https:\/\/liebke-foto.de\/maerkischeslicht\/wp-content\/uploads\/2014\/11\/FL8_7071.jpg\"><img loading=\"lazy\" decoding=\"async\" width=\"700\" height=\"1049\" src=\"https:\/\/liebke-foto.de\/maerkischeslicht\/wp-content\/uploads\/2014\/11\/FL8_7071.jpg\" alt=\"Gastst\u00e4tte Hubertus\" class=\"wp-image-1842\" srcset=\"https:\/\/liebke-foto.de\/maerkischeslicht\/wp-content\/uploads\/2014\/11\/FL8_7071.jpg 700w, https:\/\/liebke-foto.de\/maerkischeslicht\/wp-content\/uploads\/2014\/11\/FL8_7071-533x800.jpg 533w\" sizes=\"auto, (max-width: 700px) 100vw, 700px\" \/><\/a><\/figure>\n<\/div>\n\n<div class=\"wp-block-image\">\n<figure class=\"aligncenter size-large\"><a href=\"https:\/\/liebke-foto.de\/maerkischeslicht\/wp-content\/uploads\/2014\/11\/FL8_7071-1.jpg\"><img loading=\"lazy\" decoding=\"async\" width=\"700\" height=\"1048\" src=\"https:\/\/liebke-foto.de\/maerkischeslicht\/wp-content\/uploads\/2014\/11\/FL8_7071-1.jpg\" alt=\"Gastst\u00e4tte Hubertus\" class=\"wp-image-1841\" srcset=\"https:\/\/liebke-foto.de\/maerkischeslicht\/wp-content\/uploads\/2014\/11\/FL8_7071-1.jpg 700w, https:\/\/liebke-foto.de\/maerkischeslicht\/wp-content\/uploads\/2014\/11\/FL8_7071-1-534x800.jpg 534w\" sizes=\"auto, (max-width: 700px) 100vw, 700px\" \/><\/a><\/figure>\n<\/div>\n\n<div class=\"wp-block-image\">\n<figure class=\"aligncenter size-large\"><a href=\"https:\/\/liebke-foto.de\/maerkischeslicht\/wp-content\/uploads\/2014\/11\/FL8_6985.jpg\"><img loading=\"lazy\" decoding=\"async\" width=\"700\" height=\"1049\" src=\"https:\/\/liebke-foto.de\/maerkischeslicht\/wp-content\/uploads\/2014\/11\/FL8_6985.jpg\" alt=\"Hubertus-Der Chef\" class=\"wp-image-1840\" srcset=\"https:\/\/liebke-foto.de\/maerkischeslicht\/wp-content\/uploads\/2014\/11\/FL8_6985.jpg 700w, https:\/\/liebke-foto.de\/maerkischeslicht\/wp-content\/uploads\/2014\/11\/FL8_6985-533x800.jpg 533w\" sizes=\"auto, (max-width: 700px) 100vw, 700px\" \/><\/a><\/figure>\n<\/div>\n\n<div class=\"wp-block-image\">\n<figure class=\"aligncenter size-large\"><a href=\"https:\/\/liebke-foto.de\/maerkischeslicht\/wp-content\/uploads\/2014\/11\/FL8_6985-1.jpg\"><img loading=\"lazy\" decoding=\"async\" width=\"700\" height=\"1048\" src=\"https:\/\/liebke-foto.de\/maerkischeslicht\/wp-content\/uploads\/2014\/11\/FL8_6985-1.jpg\" alt=\"Hubertus-Der Chef\" class=\"wp-image-1839\" srcset=\"https:\/\/liebke-foto.de\/maerkischeslicht\/wp-content\/uploads\/2014\/11\/FL8_6985-1.jpg 700w, https:\/\/liebke-foto.de\/maerkischeslicht\/wp-content\/uploads\/2014\/11\/FL8_6985-1-534x800.jpg 534w\" sizes=\"auto, (max-width: 700px) 100vw, 700px\" \/><\/a><\/figure>\n<\/div>\n\n<div class=\"wp-block-image\">\n<figure class=\"aligncenter size-large\"><a href=\"https:\/\/liebke-foto.de\/maerkischeslicht\/wp-content\/uploads\/2014\/11\/FL8_6530.jpg\"><img loading=\"lazy\" decoding=\"async\" width=\"700\" height=\"1049\" src=\"https:\/\/liebke-foto.de\/maerkischeslicht\/wp-content\/uploads\/2014\/11\/FL8_6530.jpg\" alt=\"Bombardier\" class=\"wp-image-1836\" srcset=\"https:\/\/liebke-foto.de\/maerkischeslicht\/wp-content\/uploads\/2014\/11\/FL8_6530.jpg 700w, https:\/\/liebke-foto.de\/maerkischeslicht\/wp-content\/uploads\/2014\/11\/FL8_6530-533x800.jpg 533w\" sizes=\"auto, (max-width: 700px) 100vw, 700px\" \/><\/a><\/figure>\n<\/div>\n\n<div class=\"wp-block-image\">\n<figure class=\"aligncenter size-large\"><a href=\"https:\/\/liebke-foto.de\/maerkischeslicht\/wp-content\/uploads\/2014\/11\/FL8_6530-1.jpg\"><img loading=\"lazy\" decoding=\"async\" width=\"700\" height=\"1048\" src=\"https:\/\/liebke-foto.de\/maerkischeslicht\/wp-content\/uploads\/2014\/11\/FL8_6530-1.jpg\" alt=\"Bombardier\" class=\"wp-image-1835\" srcset=\"https:\/\/liebke-foto.de\/maerkischeslicht\/wp-content\/uploads\/2014\/11\/FL8_6530-1.jpg 700w, https:\/\/liebke-foto.de\/maerkischeslicht\/wp-content\/uploads\/2014\/11\/FL8_6530-1-534x800.jpg 534w\" sizes=\"auto, (max-width: 700px) 100vw, 700px\" \/><\/a><\/figure>\n<\/div>\n\n<div class=\"wp-block-image\">\n<figure class=\"aligncenter size-large\"><a href=\"https:\/\/liebke-foto.de\/maerkischeslicht\/wp-content\/uploads\/2014\/11\/FL8_6567.jpg\"><img loading=\"lazy\" decoding=\"async\" width=\"700\" height=\"1049\" src=\"https:\/\/liebke-foto.de\/maerkischeslicht\/wp-content\/uploads\/2014\/11\/FL8_6567.jpg\" alt=\"Bombardier\" class=\"wp-image-1838\" srcset=\"https:\/\/liebke-foto.de\/maerkischeslicht\/wp-content\/uploads\/2014\/11\/FL8_6567.jpg 700w, https:\/\/liebke-foto.de\/maerkischeslicht\/wp-content\/uploads\/2014\/11\/FL8_6567-533x800.jpg 533w\" sizes=\"auto, (max-width: 700px) 100vw, 700px\" \/><\/a><\/figure>\n<\/div>\n\n<div class=\"wp-block-image\">\n<figure class=\"aligncenter size-large\"><a href=\"https:\/\/liebke-foto.de\/maerkischeslicht\/wp-content\/uploads\/2014\/11\/FL8_6567-1.jpg\"><img loading=\"lazy\" decoding=\"async\" width=\"700\" height=\"1048\" src=\"https:\/\/liebke-foto.de\/maerkischeslicht\/wp-content\/uploads\/2014\/11\/FL8_6567-1.jpg\" alt=\"Bombardier\" class=\"wp-image-1837\" srcset=\"https:\/\/liebke-foto.de\/maerkischeslicht\/wp-content\/uploads\/2014\/11\/FL8_6567-1.jpg 700w, https:\/\/liebke-foto.de\/maerkischeslicht\/wp-content\/uploads\/2014\/11\/FL8_6567-1-534x800.jpg 534w\" sizes=\"auto, (max-width: 700px) 100vw, 700px\" \/><\/a><\/figure>\n<\/div>\n\n<div class=\"wp-block-image\">\n<figure class=\"aligncenter size-large\"><a href=\"https:\/\/liebke-foto.de\/maerkischeslicht\/wp-content\/uploads\/2014\/11\/FL8_6428.jpg\"><img loading=\"lazy\" decoding=\"async\" width=\"700\" height=\"1049\" src=\"https:\/\/liebke-foto.de\/maerkischeslicht\/wp-content\/uploads\/2014\/11\/FL8_6428.jpg\" alt=\"Bombardier\" class=\"wp-image-1832\" srcset=\"https:\/\/liebke-foto.de\/maerkischeslicht\/wp-content\/uploads\/2014\/11\/FL8_6428.jpg 700w, https:\/\/liebke-foto.de\/maerkischeslicht\/wp-content\/uploads\/2014\/11\/FL8_6428-533x800.jpg 533w\" sizes=\"auto, (max-width: 700px) 100vw, 700px\" \/><\/a><\/figure>\n<\/div>\n\n<div class=\"wp-block-image\">\n<figure class=\"aligncenter size-large\"><a href=\"https:\/\/liebke-foto.de\/maerkischeslicht\/wp-content\/uploads\/2014\/11\/FL8_6428-1.jpg\"><img loading=\"lazy\" decoding=\"async\" width=\"700\" height=\"1048\" src=\"https:\/\/liebke-foto.de\/maerkischeslicht\/wp-content\/uploads\/2014\/11\/FL8_6428-1.jpg\" alt=\"Bombardier\" class=\"wp-image-1831\" srcset=\"https:\/\/liebke-foto.de\/maerkischeslicht\/wp-content\/uploads\/2014\/11\/FL8_6428-1.jpg 700w, https:\/\/liebke-foto.de\/maerkischeslicht\/wp-content\/uploads\/2014\/11\/FL8_6428-1-534x800.jpg 534w\" sizes=\"auto, (max-width: 700px) 100vw, 700px\" \/><\/a><\/figure>\n<\/div>\n\n<div class=\"wp-block-image\">\n<figure class=\"aligncenter size-large\"><a href=\"https:\/\/liebke-foto.de\/maerkischeslicht\/wp-content\/uploads\/2014\/11\/FL82926.jpg\"><img loading=\"lazy\" decoding=\"async\" width=\"700\" height=\"1049\" src=\"https:\/\/liebke-foto.de\/maerkischeslicht\/wp-content\/uploads\/2014\/11\/FL82926.jpg\" alt=\"HES Stahlwerk\" class=\"wp-image-1828\" srcset=\"https:\/\/liebke-foto.de\/maerkischeslicht\/wp-content\/uploads\/2014\/11\/FL82926.jpg 700w, https:\/\/liebke-foto.de\/maerkischeslicht\/wp-content\/uploads\/2014\/11\/FL82926-533x800.jpg 533w\" sizes=\"auto, (max-width: 700px) 100vw, 700px\" \/><\/a><\/figure>\n<\/div>\n\n<div class=\"wp-block-image\">\n<figure class=\"aligncenter size-large\"><a href=\"https:\/\/liebke-foto.de\/maerkischeslicht\/wp-content\/uploads\/2014\/11\/FL82926-1.jpg\"><img loading=\"lazy\" decoding=\"async\" width=\"700\" height=\"1048\" src=\"https:\/\/liebke-foto.de\/maerkischeslicht\/wp-content\/uploads\/2014\/11\/FL82926-1.jpg\" alt=\"HES Stahlwerk\" class=\"wp-image-1827\" srcset=\"https:\/\/liebke-foto.de\/maerkischeslicht\/wp-content\/uploads\/2014\/11\/FL82926-1.jpg 700w, https:\/\/liebke-foto.de\/maerkischeslicht\/wp-content\/uploads\/2014\/11\/FL82926-1-534x800.jpg 534w\" sizes=\"auto, (max-width: 700px) 100vw, 700px\" \/><\/a><\/figure>\n<\/div>\n\n<div class=\"wp-block-image\">\n<figure class=\"aligncenter size-large\"><a href=\"https:\/\/liebke-foto.de\/maerkischeslicht\/wp-content\/uploads\/2014\/11\/FL81239.jpg\"><img loading=\"lazy\" decoding=\"async\" width=\"700\" height=\"1049\" src=\"https:\/\/liebke-foto.de\/maerkischeslicht\/wp-content\/uploads\/2014\/11\/FL81239.jpg\" alt=\"Yara ZIM Plant\" class=\"wp-image-1825\" srcset=\"https:\/\/liebke-foto.de\/maerkischeslicht\/wp-content\/uploads\/2014\/11\/FL81239.jpg 700w, https:\/\/liebke-foto.de\/maerkischeslicht\/wp-content\/uploads\/2014\/11\/FL81239-533x800.jpg 533w\" sizes=\"auto, (max-width: 700px) 100vw, 700px\" \/><\/a><\/figure>\n<\/div>\n\n<div class=\"wp-block-image\">\n<figure class=\"aligncenter size-large\"><a href=\"https:\/\/liebke-foto.de\/maerkischeslicht\/wp-content\/uploads\/2014\/11\/FL81239-1.jpg\"><img loading=\"lazy\" decoding=\"async\" width=\"700\" height=\"1048\" src=\"https:\/\/liebke-foto.de\/maerkischeslicht\/wp-content\/uploads\/2014\/11\/FL81239-1.jpg\" alt=\"Yara ZIM Plant\" class=\"wp-image-1824\" srcset=\"https:\/\/liebke-foto.de\/maerkischeslicht\/wp-content\/uploads\/2014\/11\/FL81239-1.jpg 700w, https:\/\/liebke-foto.de\/maerkischeslicht\/wp-content\/uploads\/2014\/11\/FL81239-1-534x800.jpg 534w\" sizes=\"auto, (max-width: 700px) 100vw, 700px\" \/><\/a><\/figure>\n<\/div>\n\n<div class=\"wp-block-image\">\n<figure class=\"aligncenter size-large\"><a href=\"https:\/\/liebke-foto.de\/maerkischeslicht\/wp-content\/uploads\/2014\/11\/FL81199.jpg\"><img loading=\"lazy\" decoding=\"async\" width=\"700\" height=\"1049\" src=\"https:\/\/liebke-foto.de\/maerkischeslicht\/wp-content\/uploads\/2014\/11\/FL81199.jpg\" alt=\"Yara ZIM Plant\" class=\"wp-image-1823\" srcset=\"https:\/\/liebke-foto.de\/maerkischeslicht\/wp-content\/uploads\/2014\/11\/FL81199.jpg 700w, https:\/\/liebke-foto.de\/maerkischeslicht\/wp-content\/uploads\/2014\/11\/FL81199-533x800.jpg 533w\" sizes=\"auto, (max-width: 700px) 100vw, 700px\" \/><\/a><\/figure>\n<\/div>\n\n<div class=\"wp-block-image\">\n<figure class=\"aligncenter size-large\"><a href=\"https:\/\/liebke-foto.de\/maerkischeslicht\/wp-content\/uploads\/2014\/11\/FL81199-1.jpg\"><img loading=\"lazy\" decoding=\"async\" width=\"700\" height=\"1048\" src=\"https:\/\/liebke-foto.de\/maerkischeslicht\/wp-content\/uploads\/2014\/11\/FL81199-1.jpg\" alt=\"Yara ZIM Plant\" class=\"wp-image-1822\" srcset=\"https:\/\/liebke-foto.de\/maerkischeslicht\/wp-content\/uploads\/2014\/11\/FL81199-1.jpg 700w, https:\/\/liebke-foto.de\/maerkischeslicht\/wp-content\/uploads\/2014\/11\/FL81199-1-534x800.jpg 534w\" sizes=\"auto, (max-width: 700px) 100vw, 700px\" \/><\/a><\/figure>\n<\/div>\n\n<div class=\"wp-block-image\">\n<figure class=\"aligncenter size-large\"><a href=\"https:\/\/liebke-foto.de\/maerkischeslicht\/wp-content\/uploads\/2014\/11\/ZIM_Plant2.jpg\"><img loading=\"lazy\" decoding=\"async\" width=\"800\" height=\"1128\" src=\"https:\/\/liebke-foto.de\/maerkischeslicht\/wp-content\/uploads\/2014\/11\/ZIM_Plant2.jpg\" alt=\"\" class=\"wp-image-1817\" srcset=\"https:\/\/liebke-foto.de\/maerkischeslicht\/wp-content\/uploads\/2014\/11\/ZIM_Plant2.jpg 800w, https:\/\/liebke-foto.de\/maerkischeslicht\/wp-content\/uploads\/2014\/11\/ZIM_Plant2-567x800.jpg 567w\" sizes=\"auto, (max-width: 800px) 100vw, 800px\" \/><\/a><\/figure>\n<\/div>\n\n<div class=\"wp-block-image\">\n<figure class=\"aligncenter size-large\"><a href=\"https:\/\/liebke-foto.de\/maerkischeslicht\/wp-content\/uploads\/2014\/11\/ZIM_Plant1.jpg\"><img loading=\"lazy\" decoding=\"async\" width=\"800\" height=\"1128\" src=\"https:\/\/liebke-foto.de\/maerkischeslicht\/wp-content\/uploads\/2014\/11\/ZIM_Plant1.jpg\" alt=\"\" class=\"wp-image-1816\" srcset=\"https:\/\/liebke-foto.de\/maerkischeslicht\/wp-content\/uploads\/2014\/11\/ZIM_Plant1.jpg 800w, https:\/\/liebke-foto.de\/maerkischeslicht\/wp-content\/uploads\/2014\/11\/ZIM_Plant1-567x800.jpg 567w\" sizes=\"auto, (max-width: 800px) 100vw, 800px\" \/><\/a><\/figure>\n<\/div>\n\n<div class=\"wp-block-image\">\n<figure class=\"aligncenter size-large\"><a href=\"https:\/\/liebke-foto.de\/maerkischeslicht\/wp-content\/uploads\/2014\/11\/Stadtwerke2.jpg\"><img loading=\"lazy\" decoding=\"async\" width=\"800\" height=\"1128\" src=\"https:\/\/liebke-foto.de\/maerkischeslicht\/wp-content\/uploads\/2014\/11\/Stadtwerke2.jpg\" alt=\"\" class=\"wp-image-1814\" srcset=\"https:\/\/liebke-foto.de\/maerkischeslicht\/wp-content\/uploads\/2014\/11\/Stadtwerke2.jpg 800w, https:\/\/liebke-foto.de\/maerkischeslicht\/wp-content\/uploads\/2014\/11\/Stadtwerke2-567x800.jpg 567w\" sizes=\"auto, (max-width: 800px) 100vw, 800px\" \/><\/a><\/figure>\n<\/div>\n\n<div class=\"wp-block-image\">\n<figure class=\"aligncenter size-large\"><a href=\"https:\/\/liebke-foto.de\/maerkischeslicht\/wp-content\/uploads\/2014\/11\/Stadtwerke1.jpg\"><img loading=\"lazy\" decoding=\"async\" width=\"800\" height=\"1128\" src=\"https:\/\/liebke-foto.de\/maerkischeslicht\/wp-content\/uploads\/2014\/11\/Stadtwerke1.jpg\" alt=\"\" class=\"wp-image-1813\" srcset=\"https:\/\/liebke-foto.de\/maerkischeslicht\/wp-content\/uploads\/2014\/11\/Stadtwerke1.jpg 800w, https:\/\/liebke-foto.de\/maerkischeslicht\/wp-content\/uploads\/2014\/11\/Stadtwerke1-567x800.jpg 567w\" sizes=\"auto, (max-width: 800px) 100vw, 800px\" \/><\/a><\/figure>\n<\/div>\n\n<div class=\"wp-block-image\">\n<figure class=\"aligncenter size-large\"><a href=\"https:\/\/liebke-foto.de\/maerkischeslicht\/wp-content\/uploads\/2014\/11\/Hubertus1.jpg\"><img loading=\"lazy\" decoding=\"async\" width=\"800\" height=\"1128\" src=\"https:\/\/liebke-foto.de\/maerkischeslicht\/wp-content\/uploads\/2014\/11\/Hubertus1.jpg\" alt=\"\" class=\"wp-image-1812\" srcset=\"https:\/\/liebke-foto.de\/maerkischeslicht\/wp-content\/uploads\/2014\/11\/Hubertus1.jpg 800w, https:\/\/liebke-foto.de\/maerkischeslicht\/wp-content\/uploads\/2014\/11\/Hubertus1-567x800.jpg 567w\" sizes=\"auto, (max-width: 800px) 100vw, 800px\" \/><\/a><\/figure>\n<\/div>\n\n<div class=\"wp-block-image\">\n<figure class=\"aligncenter size-large\"><a href=\"https:\/\/liebke-foto.de\/maerkischeslicht\/wp-content\/uploads\/2014\/11\/HES2.jpg\"><img loading=\"lazy\" decoding=\"async\" width=\"800\" height=\"1128\" src=\"https:\/\/liebke-foto.de\/maerkischeslicht\/wp-content\/uploads\/2014\/11\/HES2.jpg\" alt=\"\" class=\"wp-image-1811\" srcset=\"https:\/\/liebke-foto.de\/maerkischeslicht\/wp-content\/uploads\/2014\/11\/HES2.jpg 800w, https:\/\/liebke-foto.de\/maerkischeslicht\/wp-content\/uploads\/2014\/11\/HES2-567x800.jpg 567w\" sizes=\"auto, (max-width: 800px) 100vw, 800px\" \/><\/a><\/figure>\n<\/div>\n\n<div class=\"wp-block-image\">\n<figure class=\"aligncenter size-large\"><a href=\"https:\/\/liebke-foto.de\/maerkischeslicht\/wp-content\/uploads\/2014\/11\/HES1.jpg\"><img loading=\"lazy\" decoding=\"async\" width=\"800\" height=\"1128\" src=\"https:\/\/liebke-foto.de\/maerkischeslicht\/wp-content\/uploads\/2014\/11\/HES1.jpg\" alt=\"\" class=\"wp-image-1810\" srcset=\"https:\/\/liebke-foto.de\/maerkischeslicht\/wp-content\/uploads\/2014\/11\/HES1.jpg 800w, https:\/\/liebke-foto.de\/maerkischeslicht\/wp-content\/uploads\/2014\/11\/HES1-567x800.jpg 567w\" sizes=\"auto, (max-width: 800px) 100vw, 800px\" \/><\/a><\/figure>\n<\/div>\n\n<div class=\"wp-block-image\">\n<figure class=\"aligncenter size-large\"><a href=\"https:\/\/liebke-foto.de\/maerkischeslicht\/wp-content\/uploads\/2014\/11\/Fiagon2.jpg\"><img loading=\"lazy\" decoding=\"async\" width=\"800\" height=\"1128\" src=\"https:\/\/liebke-foto.de\/maerkischeslicht\/wp-content\/uploads\/2014\/11\/Fiagon2.jpg\" alt=\"\" class=\"wp-image-1809\" srcset=\"https:\/\/liebke-foto.de\/maerkischeslicht\/wp-content\/uploads\/2014\/11\/Fiagon2.jpg 800w, https:\/\/liebke-foto.de\/maerkischeslicht\/wp-content\/uploads\/2014\/11\/Fiagon2-567x800.jpg 567w\" sizes=\"auto, (max-width: 800px) 100vw, 800px\" \/><\/a><\/figure>\n<\/div>\n\n<div class=\"wp-block-image\">\n<figure class=\"aligncenter size-large\"><a href=\"https:\/\/liebke-foto.de\/maerkischeslicht\/wp-content\/uploads\/2014\/11\/Fiagon1.jpg\"><img loading=\"lazy\" decoding=\"async\" width=\"800\" height=\"1128\" src=\"https:\/\/liebke-foto.de\/maerkischeslicht\/wp-content\/uploads\/2014\/11\/Fiagon1.jpg\" alt=\"\" class=\"wp-image-1808\" srcset=\"https:\/\/liebke-foto.de\/maerkischeslicht\/wp-content\/uploads\/2014\/11\/Fiagon1.jpg 800w, https:\/\/liebke-foto.de\/maerkischeslicht\/wp-content\/uploads\/2014\/11\/Fiagon1-567x800.jpg 567w\" sizes=\"auto, (max-width: 800px) 100vw, 800px\" \/><\/a><\/figure>\n<\/div>\n\n<div class=\"wp-block-image\">\n<figure class=\"aligncenter size-large\"><a href=\"https:\/\/liebke-foto.de\/maerkischeslicht\/wp-content\/uploads\/2014\/11\/Bombardier2.jpg\"><img loading=\"lazy\" decoding=\"async\" width=\"800\" height=\"1128\" src=\"https:\/\/liebke-foto.de\/maerkischeslicht\/wp-content\/uploads\/2014\/11\/Bombardier2.jpg\" alt=\"\" class=\"wp-image-1807\" srcset=\"https:\/\/liebke-foto.de\/maerkischeslicht\/wp-content\/uploads\/2014\/11\/Bombardier2.jpg 800w, https:\/\/liebke-foto.de\/maerkischeslicht\/wp-content\/uploads\/2014\/11\/Bombardier2-567x800.jpg 567w\" sizes=\"auto, (max-width: 800px) 100vw, 800px\" \/><\/a><\/figure>\n<\/div>\n\n<div class=\"wp-block-image\">\n<figure class=\"aligncenter size-large\"><a href=\"https:\/\/liebke-foto.de\/maerkischeslicht\/wp-content\/uploads\/2014\/11\/Bombardier1.jpg\"><img loading=\"lazy\" decoding=\"async\" width=\"800\" height=\"1128\" src=\"https:\/\/liebke-foto.de\/maerkischeslicht\/wp-content\/uploads\/2014\/11\/Bombardier1.jpg\" alt=\"\" class=\"wp-image-1806\" srcset=\"https:\/\/liebke-foto.de\/maerkischeslicht\/wp-content\/uploads\/2014\/11\/Bombardier1.jpg 800w, https:\/\/liebke-foto.de\/maerkischeslicht\/wp-content\/uploads\/2014\/11\/Bombardier1-567x800.jpg 567w\" sizes=\"auto, (max-width: 800px) 100vw, 800px\" \/><\/a><\/figure>\n<\/div>\n\n<div class=\"wp-block-image\">\n<figure class=\"aligncenter size-large\"><a href=\"https:\/\/liebke-foto.de\/maerkischeslicht\/wp-content\/uploads\/2014\/11\/FL8_9520.jpg\"><img loading=\"lazy\" decoding=\"async\" width=\"1400\" height=\"561\" src=\"https:\/\/liebke-foto.de\/maerkischeslicht\/wp-content\/uploads\/2014\/11\/FL8_9520.jpg\" alt=\"Abgrenzung Backstage Stadtfest\" class=\"wp-image-1857\" srcset=\"https:\/\/liebke-foto.de\/maerkischeslicht\/wp-content\/uploads\/2014\/11\/FL8_9520.jpg 1400w, https:\/\/liebke-foto.de\/maerkischeslicht\/wp-content\/uploads\/2014\/11\/FL8_9520-1300x520.jpg 1300w\" sizes=\"auto, (max-width: 1400px) 100vw, 1400px\" \/><\/a><figcaption>Abgrenzung Backstage Stadtfest<\/figcaption><\/figure>\n<\/div>\n\n<div class=\"wp-block-image\">\n<figure class=\"aligncenter size-large\"><a href=\"https:\/\/liebke-foto.de\/maerkischeslicht\/wp-content\/uploads\/2014\/11\/FL8_8743.jpg\"><img loading=\"lazy\" decoding=\"async\" width=\"700\" height=\"1049\" src=\"https:\/\/liebke-foto.de\/maerkischeslicht\/wp-content\/uploads\/2014\/11\/FL8_8743.jpg\" alt=\"Das &quot;Stadtfestsegel&quot;\" class=\"wp-image-1849\" srcset=\"https:\/\/liebke-foto.de\/maerkischeslicht\/wp-content\/uploads\/2014\/11\/FL8_8743.jpg 700w, https:\/\/liebke-foto.de\/maerkischeslicht\/wp-content\/uploads\/2014\/11\/FL8_8743-533x800.jpg 533w\" sizes=\"auto, (max-width: 700px) 100vw, 700px\" \/><\/a><figcaption>Das &#8222;Stadtfestsegel&#8220;<\/figcaption><\/figure>\n<\/div>\n\n<div class=\"wp-block-image\">\n<figure class=\"aligncenter size-large\"><a href=\"https:\/\/liebke-foto.de\/maerkischeslicht\/wp-content\/uploads\/2014\/11\/FL8_9225.jpg\"><img loading=\"lazy\" decoding=\"async\" width=\"1400\" height=\"736\" src=\"https:\/\/liebke-foto.de\/maerkischeslicht\/wp-content\/uploads\/2014\/11\/FL8_9225.jpg\" alt=\"Abgrenzung Backstage Stadtfest\" class=\"wp-image-1854\" srcset=\"https:\/\/liebke-foto.de\/maerkischeslicht\/wp-content\/uploads\/2014\/11\/FL8_9225.jpg 1400w, https:\/\/liebke-foto.de\/maerkischeslicht\/wp-content\/uploads\/2014\/11\/FL8_9225-1300x683.jpg 1300w\" sizes=\"auto, (max-width: 1400px) 100vw, 1400px\" \/><\/a><figcaption>Abgrenzung Backstage Stadtfest<\/figcaption><\/figure>\n<\/div>\n\n<div class=\"wp-block-image\">\n<figure class=\"aligncenter size-large\"><a href=\"https:\/\/liebke-foto.de\/maerkischeslicht\/wp-content\/uploads\/2014\/11\/04.jpg\"><img loading=\"lazy\" decoding=\"async\" width=\"1400\" height=\"667\" src=\"https:\/\/liebke-foto.de\/maerkischeslicht\/wp-content\/uploads\/2014\/11\/04.jpg\" alt=\"Bushaltestellen Fontanestra\u00dfe\" class=\"wp-image-1830\" srcset=\"https:\/\/liebke-foto.de\/maerkischeslicht\/wp-content\/uploads\/2014\/11\/04.jpg 1400w, https:\/\/liebke-foto.de\/maerkischeslicht\/wp-content\/uploads\/2014\/11\/04-1300x619.jpg 1300w\" sizes=\"auto, (max-width: 1400px) 100vw, 1400px\" \/><\/a><figcaption>Bushaltestellen Fontanestra\u00dfe<\/figcaption><\/figure>\n<\/div>\n\n\n<div style=\"padding:20px\" class=\"wp-block-tnp-minimal\"><p>Subscribe to our newsletter!<\/p><div><div class=\"tnp tnp-subscription \">\n<form method=\"post\" action=\"https:\/\/liebke-foto.de\/maerkischeslicht\/wp-admin\/admin-ajax.php?action=tnp&amp;na=s\">\n<input type=\"hidden\" name=\"nlang\" value=\"\">\n<div class=\"tnp-field tnp-field-firstname\"><label for=\"tnp-1\">Vorname oder ganzer Name<\/label>\n<input class=\"tnp-name\" type=\"text\" name=\"nn\" id=\"tnp-1\" value=\"\" placeholder=\"\"><\/div>\n<div class=\"tnp-field tnp-field-email\"><label for=\"tnp-2\">Email<\/label>\n<input class=\"tnp-email\" type=\"email\" name=\"ne\" id=\"tnp-2\" value=\"\" placeholder=\"\" required><\/div>\n<div class=\"tnp-field tnp-privacy-field\"><label><input type=\"checkbox\" name=\"ny\" required class=\"tnp-privacy\"> Indem Du fortf\u00e4hrst, akzeptierst Du unsere Datenschutzerkl\u00e4rung.<\/label><\/div><div class=\"tnp-field tnp-field-button\" style=\"text-align: left\"><input class=\"tnp-submit\" type=\"submit\" value=\"Abonnieren\" style=\"\">\n<\/div>\n<\/form>\n<\/div>\n<\/div><\/div>\n\n\n\n\n","protected":false},"excerpt":{"rendered":"<p>Im ersten Teil\u00a0hatte ich schon recht ausf\u00fchrlich \u00fcber die Beweggr\u00fcnde dieser Werbekampagne f\u00fcr die Stadt Hennigsdorf als Innovationsstandort geschrieben. Hier m\u00f6chte ich das&#8230;<\/p>\n","protected":false},"author":1,"featured_media":1829,"comment_status":"open","ping_status":"closed","sticky":false,"template":"","format":"gallery","meta":{"footnotes":""},"categories":[11,38,4],"tags":[],"class_list":["post-1875","post","type-post","status-publish","format-gallery","has-post-thumbnail","hentry","category-im-land-brandenburg-unterwegs","category-menschliches-aus-der-mark","category-equipment","post_format-post-format-gallery"],"yoast_head":"<!-- This site is optimized with the Yoast SEO plugin v27.5 - https:\/\/yoast.com\/product\/yoast-seo-wordpress\/ -->\n<title>Hennigsdorf als Innovationsstandort - Werbung und making of Teil 2 - M\u00e4rkisches Licht - Der Fotograf der Stille<\/title>\n<meta name=\"description\" content=\"Hennigsdorf als Innovationsstandort - Werbung und making of Teil2\" \/>\n<meta name=\"robots\" content=\"index, follow, max-snippet:-1, max-image-preview:large, max-video-preview:-1\" \/>\n<link rel=\"canonical\" href=\"https:\/\/liebke-foto.de\/maerkischeslicht\/hennigsdorf-als-innovationsstandort-werbung-und-making-of-teil2\/\" \/>\n<meta property=\"og:locale\" content=\"de_DE\" \/>\n<meta property=\"og:type\" content=\"article\" \/>\n<meta property=\"og:title\" content=\"Hennigsdorf als Innovationsstandort - Werbung und making of Teil 2 - M\u00e4rkisches Licht - Der Fotograf der Stille\" \/>\n<meta property=\"og:description\" content=\"Hennigsdorf als Innovationsstandort - Werbung und making of Teil2\" \/>\n<meta property=\"og:url\" content=\"https:\/\/liebke-foto.de\/maerkischeslicht\/hennigsdorf-als-innovationsstandort-werbung-und-making-of-teil2\/\" \/>\n<meta property=\"og:site_name\" content=\"M\u00e4rkisches Licht - Der Fotograf der Stille\" \/>\n<meta property=\"article:published_time\" content=\"2014-11-27T18:13:49+00:00\" \/>\n<meta property=\"article:modified_time\" content=\"2022-07-03T21:27:54+00:00\" \/>\n<meta property=\"og:image\" content=\"https:\/\/liebke-foto.de\/maerkischeslicht\/wp-content\/uploads\/2014\/11\/02.jpg\" \/>\n\t<meta property=\"og:image:width\" content=\"1200\" \/>\n\t<meta property=\"og:image:height\" content=\"801\" \/>\n\t<meta property=\"og:image:type\" content=\"image\/jpeg\" \/>\n<meta name=\"author\" content=\"Frank Liebke\" \/>\n<meta name=\"twitter:card\" content=\"summary_large_image\" \/>\n<meta name=\"twitter:label1\" content=\"Verfasst von\" \/>\n\t<meta name=\"twitter:data1\" content=\"Frank Liebke\" \/>\n\t<meta name=\"twitter:label2\" content=\"Gesch\u00e4tzte Lesezeit\" \/>\n\t<meta name=\"twitter:data2\" content=\"10\u00a0Minuten\" \/>\n<script type=\"application\/ld+json\" class=\"yoast-schema-graph\">{\"@context\":\"https:\\\/\\\/schema.org\",\"@graph\":[{\"@type\":\"Article\",\"@id\":\"https:\\\/\\\/liebke-foto.de\\\/maerkischeslicht\\\/hennigsdorf-als-innovationsstandort-werbung-und-making-of-teil2\\\/#article\",\"isPartOf\":{\"@id\":\"https:\\\/\\\/liebke-foto.de\\\/maerkischeslicht\\\/hennigsdorf-als-innovationsstandort-werbung-und-making-of-teil2\\\/\"},\"author\":{\"name\":\"Frank Liebke\",\"@id\":\"https:\\\/\\\/liebke-foto.de\\\/maerkischeslicht\\\/#\\\/schema\\\/person\\\/d71108abc09a723daeeb8526a33137ee\"},\"headline\":\"Hennigsdorf als Innovationsstandort &#8211; Werbung und making of Teil 2\",\"datePublished\":\"2014-11-27T18:13:49+00:00\",\"dateModified\":\"2022-07-03T21:27:54+00:00\",\"mainEntityOfPage\":{\"@id\":\"https:\\\/\\\/liebke-foto.de\\\/maerkischeslicht\\\/hennigsdorf-als-innovationsstandort-werbung-und-making-of-teil2\\\/\"},\"wordCount\":367,\"commentCount\":0,\"publisher\":{\"@id\":\"https:\\\/\\\/liebke-foto.de\\\/maerkischeslicht\\\/#\\\/schema\\\/person\\\/d71108abc09a723daeeb8526a33137ee\"},\"image\":{\"@id\":\"https:\\\/\\\/liebke-foto.de\\\/maerkischeslicht\\\/hennigsdorf-als-innovationsstandort-werbung-und-making-of-teil2\\\/#primaryimage\"},\"thumbnailUrl\":\"https:\\\/\\\/liebke-foto.de\\\/maerkischeslicht\\\/wp-content\\\/uploads\\\/2014\\\/11\\\/02.jpg\",\"articleSection\":[\"Im Land Brandenburg unterwegs\",\"Menschliches aus der Mark\",\"Technik\"],\"inLanguage\":\"de\",\"potentialAction\":[{\"@type\":\"CommentAction\",\"name\":\"Comment\",\"target\":[\"https:\\\/\\\/liebke-foto.de\\\/maerkischeslicht\\\/hennigsdorf-als-innovationsstandort-werbung-und-making-of-teil2\\\/#respond\"]}]},{\"@type\":\"WebPage\",\"@id\":\"https:\\\/\\\/liebke-foto.de\\\/maerkischeslicht\\\/hennigsdorf-als-innovationsstandort-werbung-und-making-of-teil2\\\/\",\"url\":\"https:\\\/\\\/liebke-foto.de\\\/maerkischeslicht\\\/hennigsdorf-als-innovationsstandort-werbung-und-making-of-teil2\\\/\",\"name\":\"Hennigsdorf als Innovationsstandort - Werbung und making of Teil 2 - M\u00e4rkisches Licht - Der Fotograf der Stille\",\"isPartOf\":{\"@id\":\"https:\\\/\\\/liebke-foto.de\\\/maerkischeslicht\\\/#website\"},\"primaryImageOfPage\":{\"@id\":\"https:\\\/\\\/liebke-foto.de\\\/maerkischeslicht\\\/hennigsdorf-als-innovationsstandort-werbung-und-making-of-teil2\\\/#primaryimage\"},\"image\":{\"@id\":\"https:\\\/\\\/liebke-foto.de\\\/maerkischeslicht\\\/hennigsdorf-als-innovationsstandort-werbung-und-making-of-teil2\\\/#primaryimage\"},\"thumbnailUrl\":\"https:\\\/\\\/liebke-foto.de\\\/maerkischeslicht\\\/wp-content\\\/uploads\\\/2014\\\/11\\\/02.jpg\",\"datePublished\":\"2014-11-27T18:13:49+00:00\",\"dateModified\":\"2022-07-03T21:27:54+00:00\",\"description\":\"Hennigsdorf als Innovationsstandort - Werbung und making of Teil2\",\"breadcrumb\":{\"@id\":\"https:\\\/\\\/liebke-foto.de\\\/maerkischeslicht\\\/hennigsdorf-als-innovationsstandort-werbung-und-making-of-teil2\\\/#breadcrumb\"},\"inLanguage\":\"de\",\"potentialAction\":[{\"@type\":\"ReadAction\",\"target\":[\"https:\\\/\\\/liebke-foto.de\\\/maerkischeslicht\\\/hennigsdorf-als-innovationsstandort-werbung-und-making-of-teil2\\\/\"]}]},{\"@type\":\"ImageObject\",\"inLanguage\":\"de\",\"@id\":\"https:\\\/\\\/liebke-foto.de\\\/maerkischeslicht\\\/hennigsdorf-als-innovationsstandort-werbung-und-making-of-teil2\\\/#primaryimage\",\"url\":\"https:\\\/\\\/liebke-foto.de\\\/maerkischeslicht\\\/wp-content\\\/uploads\\\/2014\\\/11\\\/02.jpg\",\"contentUrl\":\"https:\\\/\\\/liebke-foto.de\\\/maerkischeslicht\\\/wp-content\\\/uploads\\\/2014\\\/11\\\/02.jpg\",\"width\":1200,\"height\":801},{\"@type\":\"BreadcrumbList\",\"@id\":\"https:\\\/\\\/liebke-foto.de\\\/maerkischeslicht\\\/hennigsdorf-als-innovationsstandort-werbung-und-making-of-teil2\\\/#breadcrumb\",\"itemListElement\":[{\"@type\":\"ListItem\",\"position\":1,\"name\":\"Startseite\",\"item\":\"https:\\\/\\\/liebke-foto.de\\\/maerkischeslicht\\\/\"},{\"@type\":\"ListItem\",\"position\":2,\"name\":\"Hennigsdorf als Innovationsstandort &#8211; Werbung und making of Teil 2\"}]},{\"@type\":\"WebSite\",\"@id\":\"https:\\\/\\\/liebke-foto.de\\\/maerkischeslicht\\\/#website\",\"url\":\"https:\\\/\\\/liebke-foto.de\\\/maerkischeslicht\\\/\",\"name\":\"M\u00e4rkisches Licht - Der Fotograf der Stille\",\"description\":\"Die Liebe zum Leben...\",\"publisher\":{\"@id\":\"https:\\\/\\\/liebke-foto.de\\\/maerkischeslicht\\\/#\\\/schema\\\/person\\\/d71108abc09a723daeeb8526a33137ee\"},\"potentialAction\":[{\"@type\":\"SearchAction\",\"target\":{\"@type\":\"EntryPoint\",\"urlTemplate\":\"https:\\\/\\\/liebke-foto.de\\\/maerkischeslicht\\\/?s={search_term_string}\"},\"query-input\":{\"@type\":\"PropertyValueSpecification\",\"valueRequired\":true,\"valueName\":\"search_term_string\"}}],\"inLanguage\":\"de\"},{\"@type\":[\"Person\",\"Organization\"],\"@id\":\"https:\\\/\\\/liebke-foto.de\\\/maerkischeslicht\\\/#\\\/schema\\\/person\\\/d71108abc09a723daeeb8526a33137ee\",\"name\":\"Frank Liebke\",\"image\":{\"@type\":\"ImageObject\",\"inLanguage\":\"de\",\"@id\":\"https:\\\/\\\/liebke-foto.de\\\/maerkischeslicht\\\/wp-content\\\/uploads\\\/2021\\\/12\\\/IMG-20211024-WA0001.jpg\",\"url\":\"https:\\\/\\\/liebke-foto.de\\\/maerkischeslicht\\\/wp-content\\\/uploads\\\/2021\\\/12\\\/IMG-20211024-WA0001.jpg\",\"contentUrl\":\"https:\\\/\\\/liebke-foto.de\\\/maerkischeslicht\\\/wp-content\\\/uploads\\\/2021\\\/12\\\/IMG-20211024-WA0001.jpg\",\"width\":900,\"height\":1600,\"caption\":\"Frank Liebke\"},\"logo\":{\"@id\":\"https:\\\/\\\/liebke-foto.de\\\/maerkischeslicht\\\/wp-content\\\/uploads\\\/2021\\\/12\\\/IMG-20211024-WA0001.jpg\"},\"sameAs\":[\"https:\\\/\\\/liebke-foto.de\"],\"url\":\"https:\\\/\\\/liebke-foto.de\\\/maerkischeslicht\\\/author\\\/adminuser\\\/\"}]}<\/script>\n<!-- \/ Yoast SEO plugin. -->","yoast_head_json":{"title":"Hennigsdorf als Innovationsstandort - Werbung und making of Teil 2 - M\u00e4rkisches Licht - Der Fotograf der Stille","description":"Hennigsdorf als Innovationsstandort - Werbung und making of Teil2","robots":{"index":"index","follow":"follow","max-snippet":"max-snippet:-1","max-image-preview":"max-image-preview:large","max-video-preview":"max-video-preview:-1"},"canonical":"https:\/\/liebke-foto.de\/maerkischeslicht\/hennigsdorf-als-innovationsstandort-werbung-und-making-of-teil2\/","og_locale":"de_DE","og_type":"article","og_title":"Hennigsdorf als Innovationsstandort - Werbung und making of Teil 2 - M\u00e4rkisches Licht - Der Fotograf der Stille","og_description":"Hennigsdorf als Innovationsstandort - Werbung und making of Teil2","og_url":"https:\/\/liebke-foto.de\/maerkischeslicht\/hennigsdorf-als-innovationsstandort-werbung-und-making-of-teil2\/","og_site_name":"M\u00e4rkisches Licht - Der Fotograf der Stille","article_published_time":"2014-11-27T18:13:49+00:00","article_modified_time":"2022-07-03T21:27:54+00:00","og_image":[{"width":1200,"height":801,"url":"https:\/\/liebke-foto.de\/maerkischeslicht\/wp-content\/uploads\/2014\/11\/02.jpg","type":"image\/jpeg"}],"author":"Frank Liebke","twitter_card":"summary_large_image","twitter_misc":{"Verfasst von":"Frank Liebke","Gesch\u00e4tzte Lesezeit":"10\u00a0Minuten"},"schema":{"@context":"https:\/\/schema.org","@graph":[{"@type":"Article","@id":"https:\/\/liebke-foto.de\/maerkischeslicht\/hennigsdorf-als-innovationsstandort-werbung-und-making-of-teil2\/#article","isPartOf":{"@id":"https:\/\/liebke-foto.de\/maerkischeslicht\/hennigsdorf-als-innovationsstandort-werbung-und-making-of-teil2\/"},"author":{"name":"Frank Liebke","@id":"https:\/\/liebke-foto.de\/maerkischeslicht\/#\/schema\/person\/d71108abc09a723daeeb8526a33137ee"},"headline":"Hennigsdorf als Innovationsstandort &#8211; Werbung und making of Teil 2","datePublished":"2014-11-27T18:13:49+00:00","dateModified":"2022-07-03T21:27:54+00:00","mainEntityOfPage":{"@id":"https:\/\/liebke-foto.de\/maerkischeslicht\/hennigsdorf-als-innovationsstandort-werbung-und-making-of-teil2\/"},"wordCount":367,"commentCount":0,"publisher":{"@id":"https:\/\/liebke-foto.de\/maerkischeslicht\/#\/schema\/person\/d71108abc09a723daeeb8526a33137ee"},"image":{"@id":"https:\/\/liebke-foto.de\/maerkischeslicht\/hennigsdorf-als-innovationsstandort-werbung-und-making-of-teil2\/#primaryimage"},"thumbnailUrl":"https:\/\/liebke-foto.de\/maerkischeslicht\/wp-content\/uploads\/2014\/11\/02.jpg","articleSection":["Im Land Brandenburg unterwegs","Menschliches aus der Mark","Technik"],"inLanguage":"de","potentialAction":[{"@type":"CommentAction","name":"Comment","target":["https:\/\/liebke-foto.de\/maerkischeslicht\/hennigsdorf-als-innovationsstandort-werbung-und-making-of-teil2\/#respond"]}]},{"@type":"WebPage","@id":"https:\/\/liebke-foto.de\/maerkischeslicht\/hennigsdorf-als-innovationsstandort-werbung-und-making-of-teil2\/","url":"https:\/\/liebke-foto.de\/maerkischeslicht\/hennigsdorf-als-innovationsstandort-werbung-und-making-of-teil2\/","name":"Hennigsdorf als Innovationsstandort - Werbung und making of Teil 2 - M\u00e4rkisches Licht - Der Fotograf der Stille","isPartOf":{"@id":"https:\/\/liebke-foto.de\/maerkischeslicht\/#website"},"primaryImageOfPage":{"@id":"https:\/\/liebke-foto.de\/maerkischeslicht\/hennigsdorf-als-innovationsstandort-werbung-und-making-of-teil2\/#primaryimage"},"image":{"@id":"https:\/\/liebke-foto.de\/maerkischeslicht\/hennigsdorf-als-innovationsstandort-werbung-und-making-of-teil2\/#primaryimage"},"thumbnailUrl":"https:\/\/liebke-foto.de\/maerkischeslicht\/wp-content\/uploads\/2014\/11\/02.jpg","datePublished":"2014-11-27T18:13:49+00:00","dateModified":"2022-07-03T21:27:54+00:00","description":"Hennigsdorf als Innovationsstandort - Werbung und making of Teil2","breadcrumb":{"@id":"https:\/\/liebke-foto.de\/maerkischeslicht\/hennigsdorf-als-innovationsstandort-werbung-und-making-of-teil2\/#breadcrumb"},"inLanguage":"de","potentialAction":[{"@type":"ReadAction","target":["https:\/\/liebke-foto.de\/maerkischeslicht\/hennigsdorf-als-innovationsstandort-werbung-und-making-of-teil2\/"]}]},{"@type":"ImageObject","inLanguage":"de","@id":"https:\/\/liebke-foto.de\/maerkischeslicht\/hennigsdorf-als-innovationsstandort-werbung-und-making-of-teil2\/#primaryimage","url":"https:\/\/liebke-foto.de\/maerkischeslicht\/wp-content\/uploads\/2014\/11\/02.jpg","contentUrl":"https:\/\/liebke-foto.de\/maerkischeslicht\/wp-content\/uploads\/2014\/11\/02.jpg","width":1200,"height":801},{"@type":"BreadcrumbList","@id":"https:\/\/liebke-foto.de\/maerkischeslicht\/hennigsdorf-als-innovationsstandort-werbung-und-making-of-teil2\/#breadcrumb","itemListElement":[{"@type":"ListItem","position":1,"name":"Startseite","item":"https:\/\/liebke-foto.de\/maerkischeslicht\/"},{"@type":"ListItem","position":2,"name":"Hennigsdorf als Innovationsstandort &#8211; Werbung und making of Teil 2"}]},{"@type":"WebSite","@id":"https:\/\/liebke-foto.de\/maerkischeslicht\/#website","url":"https:\/\/liebke-foto.de\/maerkischeslicht\/","name":"M\u00e4rkisches Licht - Der Fotograf der Stille","description":"Die Liebe zum Leben...","publisher":{"@id":"https:\/\/liebke-foto.de\/maerkischeslicht\/#\/schema\/person\/d71108abc09a723daeeb8526a33137ee"},"potentialAction":[{"@type":"SearchAction","target":{"@type":"EntryPoint","urlTemplate":"https:\/\/liebke-foto.de\/maerkischeslicht\/?s={search_term_string}"},"query-input":{"@type":"PropertyValueSpecification","valueRequired":true,"valueName":"search_term_string"}}],"inLanguage":"de"},{"@type":["Person","Organization"],"@id":"https:\/\/liebke-foto.de\/maerkischeslicht\/#\/schema\/person\/d71108abc09a723daeeb8526a33137ee","name":"Frank Liebke","image":{"@type":"ImageObject","inLanguage":"de","@id":"https:\/\/liebke-foto.de\/maerkischeslicht\/wp-content\/uploads\/2021\/12\/IMG-20211024-WA0001.jpg","url":"https:\/\/liebke-foto.de\/maerkischeslicht\/wp-content\/uploads\/2021\/12\/IMG-20211024-WA0001.jpg","contentUrl":"https:\/\/liebke-foto.de\/maerkischeslicht\/wp-content\/uploads\/2021\/12\/IMG-20211024-WA0001.jpg","width":900,"height":1600,"caption":"Frank Liebke"},"logo":{"@id":"https:\/\/liebke-foto.de\/maerkischeslicht\/wp-content\/uploads\/2021\/12\/IMG-20211024-WA0001.jpg"},"sameAs":["https:\/\/liebke-foto.de"],"url":"https:\/\/liebke-foto.de\/maerkischeslicht\/author\/adminuser\/"}]}},"_links":{"self":[{"href":"https:\/\/liebke-foto.de\/maerkischeslicht\/wp-json\/wp\/v2\/posts\/1875","targetHints":{"allow":["GET"]}}],"collection":[{"href":"https:\/\/liebke-foto.de\/maerkischeslicht\/wp-json\/wp\/v2\/posts"}],"about":[{"href":"https:\/\/liebke-foto.de\/maerkischeslicht\/wp-json\/wp\/v2\/types\/post"}],"author":[{"embeddable":true,"href":"https:\/\/liebke-foto.de\/maerkischeslicht\/wp-json\/wp\/v2\/users\/1"}],"replies":[{"embeddable":true,"href":"https:\/\/liebke-foto.de\/maerkischeslicht\/wp-json\/wp\/v2\/comments?post=1875"}],"version-history":[{"count":10,"href":"https:\/\/liebke-foto.de\/maerkischeslicht\/wp-json\/wp\/v2\/posts\/1875\/revisions"}],"predecessor-version":[{"id":6072,"href":"https:\/\/liebke-foto.de\/maerkischeslicht\/wp-json\/wp\/v2\/posts\/1875\/revisions\/6072"}],"wp:featuredmedia":[{"embeddable":true,"href":"https:\/\/liebke-foto.de\/maerkischeslicht\/wp-json\/wp\/v2\/media\/1829"}],"wp:attachment":[{"href":"https:\/\/liebke-foto.de\/maerkischeslicht\/wp-json\/wp\/v2\/media?parent=1875"}],"wp:term":[{"taxonomy":"category","embeddable":true,"href":"https:\/\/liebke-foto.de\/maerkischeslicht\/wp-json\/wp\/v2\/categories?post=1875"},{"taxonomy":"post_tag","embeddable":true,"href":"https:\/\/liebke-foto.de\/maerkischeslicht\/wp-json\/wp\/v2\/tags?post=1875"}],"curies":[{"name":"wp","href":"https:\/\/api.w.org\/{rel}","templated":true}]}}