{"id":1782,"date":"2014-11-24T17:56:51","date_gmt":"2014-11-24T15:56:51","guid":{"rendered":"http:\/\/liebke-foto.de\/maerkischeslicht\/?p=1782"},"modified":"2023-07-29T13:11:27","modified_gmt":"2023-07-29T11:11:27","slug":"wie-die-stadt-hennigsdorf-ihr-image-bewirbt","status":"publish","type":"post","link":"https:\/\/liebke-foto.de\/maerkischeslicht\/wie-die-stadt-hennigsdorf-ihr-image-bewirbt\/","title":{"rendered":"Wie die Stadt Hennigsdorf ihr Image bewirbt (2014)"},"content":{"rendered":"<div class=\"wp-block-image\">\n<figure class=\"aligncenter\"><a href=\"https:\/\/liebke-foto.de\/maerkischeslicht\/wp-content\/uploads\/2014\/11\/Portfolio_Print-10.jpg\"><img decoding=\"async\" src=\"https:\/\/liebke-foto.de\/maerkischeslicht\/wp-content\/uploads\/2014\/11\/Portfolio_Print-10.jpg\" alt=\"Portfolio_Print-10\" class=\"wp-image-1797\"\/><\/a><\/figure>\n<\/div>\n\n\n<p>Man kennt mich ja eher mehr als Fotograf stiller, vertr\u00e4umter und dramatischer Landschaften. Das macht mir auch nach wie vor gro\u00dfe Freude. Ist f\u00fcr mich oft Urlaub und Entspannung von der Auftragsfotografie (die ich genauso leidenschaftlich aus\u00fcbe!).<\/p>\n\n\n\n<p>Ebenso habe ich seit Anbeginn ein Faible f\u00fcr das Fotografieren von Menschen. Seit ich meine &#8222;Penti II&#8220; hatte waren meine Eltern, meine Bruder und auch fast jeder Besuch nicht mehr sicher vor meiner &#8222;Knipse&#8220;. Sogar mit in die Schule habe ich das Ding geschmuggelt und heimlich im Unterricht die Lehrer &#8222;aufs Korn&#8220; genommen. In den Pausen meine Mitsch\u00fcler. Je mehr ich mich damit besch\u00e4ftigte, um so mehr reizte mich das Thema &#8222;Menschen&#8220;. Vor allem nicht die gestellten Bilder sondern das Beobachten von Handlungen. <\/p>\n\n\n\n<p>Sch\u00f6nstes Lob war f\u00fcr mich immer wenn Bekannte zu den Bildern sagten: &#8220; Das ist er\/ sie wie er\/ sie leibt und lebt. Du hast mit deinen Bildern genau getroffen wie sie sind&#8220;.<\/p>\n\n\n\n<p><br \/>So war es dann sp\u00e4ter auch bei der Zeitung, am liebsten habe ich Bilder gemacht, die Leute bei ihrem jeweiligen Tun zeigen, ungestellt und ungesch\u00f6nt. Und daran hat sich bis heute nichts ge\u00e4ndert. Nur das es mitunter Auftr\u00e4ge sind, die eine bestimmte Aussage verlangen. Oder eben wenn mich Familien, Ehepaare, buchen. Um ein paar sch\u00f6ne Bilder f\u00fcr ihr Album, f\u00fcr die Verwandtschaft, erhalten. Ich versuche dabei trotzdem Momente einzufangen, die ungek\u00fcnstelt und nicht gestellt sind (auf Wunsch gibt es diese aber auch \ud83d\ude09 ). <\/p>\n\n\n\n<p>Meine St\u00e4rke ist das K\u00f6nnen, die Reaktionsschnelligkeit eines Reporters, bereit zu sein, einen unwiederbringlichen Moment sofort einzufangen. Eine zweite Chance f\u00fcr den Moment gibt es nicht. Und das finde ich so spannend am fotografieren von Menschen. Jeder ein anderer Typ, immer wieder neue Begegnungen. Trotzdem in der vorhandenen Zeit ein ausdruckstarkes Bild der Person, Bilder des Geschehens festhalten, hervorbringen.<\/p>\n\n\n\n<p><br \/>Ende 2012 wurde ich f\u00fcr eine Kampagne der Stadt Hennigsdorf gebucht. Der Marketingchef der Stadt, Christoph Schneider, hatte sich vorgenommen, daf\u00fcr wirklich in Hennigsdorf wohnende B\u00fcrger zu gewinnen. Keine Models zu nehmen. Es sollte Leute sein, die gern in dieser Stadt leben (und das geht nat\u00fcrlich nur mit echten Hennigsdorfern) und bereit waren, sich daf\u00fcr fotografieren zu lassen. <\/p>\n\n\n\n<p>Die Fotos sollten dann in sehr gro\u00dfem Format in beleuchtete Aufsteller und in den Buswarteh\u00e4uschen verwendung finden. Ein Altersquerschnitt vom Kind bis zum Senioren war geplant. Daf\u00fcr entwickelten wir dann zusammen die Ideen f\u00fcr verschiedene Themen und entsprechende Locations. <\/p>\n\n\n\n<p>Leider hatten wir f\u00fcr die Au\u00dfenaufnahmen den Sommer nicht mehr &#8222;im Boot&#8220;, das Wetter oft durchwachsen. Aber es machte allen Beteiligten gro\u00dfen Spa\u00df, ich bin sehr gl\u00fccklich mit den dabei entstandenen Motiven. Ich denke die ganze Aktion kann man als gelungen bezeichnen \ud83d\ude09<\/p>\n\n\n\n<p><br \/>In der Galerie sind ein paar Aufnahmen im originalen Format, dann die Fotos ins Layout der Kampagne eingebettet und zum Schluss als Beispiel ein Aufsteller, damit man eine Vorstellung hat wie das im Endeffekt aussah. Nachts waren die beleuchtet und damit noch viel wirkungsvoller \ud83d\ude09<\/p>\n\n\n\n<p>Alle Fotos wurden mit meiner Nikon D800 und fast ausschlie\u00dflich mit dem Nikkor 2,8\/70-200 VR , einzelne mit dem Nikkor 2,8\/24-70 aufgenommen. Es kam nur vorhandenes Licht zur Verwendung, oft wurde die Empfindlichkeit des Sensors auf 3200-6400 ISO eingestellt. <\/p>\n\n\n\n<p>Abgeblendet wurde nur knapp.<\/p>\n\n\n\n<p><br \/>Einfach aufs erste Bild klicken, dann geht es als Popup auf, dann nur noch jeweils rechts ins Bild klicken, schon ist das N\u00e4chste zu sehen, viel Spa\u00df.<\/p>\n\n\n<div class=\"wp-block-image\">\n<figure class=\"aligncenter size-large\"><a href=\"https:\/\/liebke-foto.de\/maerkischeslicht\/wp-content\/uploads\/2014\/11\/LIE4444cmyk.jpg\"><img loading=\"lazy\" decoding=\"async\" width=\"534\" height=\"800\" src=\"https:\/\/liebke-foto.de\/maerkischeslicht\/wp-content\/uploads\/2014\/11\/LIE4444cmyk.jpg\" alt=\"\" class=\"wp-image-1786\"\/><\/a><\/figure>\n<\/div>\n\n<div class=\"wp-block-image\">\n<figure class=\"aligncenter size-large\"><a href=\"https:\/\/liebke-foto.de\/maerkischeslicht\/wp-content\/uploads\/2014\/11\/Portfolio_Print-3.jpg\"><img loading=\"lazy\" decoding=\"async\" width=\"566\" height=\"800\" src=\"https:\/\/liebke-foto.de\/maerkischeslicht\/wp-content\/uploads\/2014\/11\/Portfolio_Print-3.jpg\" alt=\"\" class=\"wp-image-1790\"\/><\/a><\/figure>\n<\/div>\n\n<div class=\"wp-block-image\">\n<figure class=\"aligncenter size-large\"><a href=\"https:\/\/liebke-foto.de\/maerkischeslicht\/wp-content\/uploads\/2014\/11\/Portfolio_Print-1.jpg\"><img loading=\"lazy\" decoding=\"async\" width=\"566\" height=\"800\" src=\"https:\/\/liebke-foto.de\/maerkischeslicht\/wp-content\/uploads\/2014\/11\/Portfolio_Print-1.jpg\" alt=\"\" class=\"wp-image-1788\"\/><\/a><\/figure>\n<\/div>\n\n<div class=\"wp-block-image\">\n<figure class=\"aligncenter size-large\"><a href=\"https:\/\/liebke-foto.de\/maerkischeslicht\/wp-content\/uploads\/2014\/11\/Portfolio_Print-2.jpg\"><img loading=\"lazy\" decoding=\"async\" width=\"566\" height=\"800\" src=\"https:\/\/liebke-foto.de\/maerkischeslicht\/wp-content\/uploads\/2014\/11\/Portfolio_Print-2.jpg\" alt=\"\" class=\"wp-image-1789\"\/><\/a><\/figure>\n<\/div>\n\n<div class=\"wp-block-image\">\n<figure class=\"aligncenter size-large\"><a href=\"https:\/\/liebke-foto.de\/maerkischeslicht\/wp-content\/uploads\/2014\/11\/LIE7639.jpg\"><img loading=\"lazy\" decoding=\"async\" width=\"1200\" height=\"878\" src=\"https:\/\/liebke-foto.de\/maerkischeslicht\/wp-content\/uploads\/2014\/11\/LIE7639.jpg\" alt=\"\" class=\"wp-image-1820\" srcset=\"https:\/\/liebke-foto.de\/maerkischeslicht\/wp-content\/uploads\/2014\/11\/LIE7639.jpg 1200w, https:\/\/liebke-foto.de\/maerkischeslicht\/wp-content\/uploads\/2014\/11\/LIE7639-1093x800.jpg 1093w\" sizes=\"auto, (max-width: 1200px) 100vw, 1200px\" \/><\/a><\/figure>\n<\/div>\n\n<div class=\"wp-block-image\">\n<figure class=\"aligncenter size-large\"><a href=\"https:\/\/liebke-foto.de\/maerkischeslicht\/wp-content\/uploads\/2014\/11\/LIE2859cmyk.jpg\"><img loading=\"lazy\" decoding=\"async\" width=\"534\" height=\"800\" src=\"https:\/\/liebke-foto.de\/maerkischeslicht\/wp-content\/uploads\/2014\/11\/LIE2859cmyk.jpg\" alt=\"\" class=\"wp-image-1785\"\/><\/a><\/figure>\n<\/div>\n\n<div class=\"wp-block-image\">\n<figure class=\"aligncenter size-large\"><a href=\"https:\/\/liebke-foto.de\/maerkischeslicht\/wp-content\/uploads\/2014\/11\/Portfolio_Print-4.jpg\"><img loading=\"lazy\" decoding=\"async\" width=\"566\" height=\"800\" src=\"https:\/\/liebke-foto.de\/maerkischeslicht\/wp-content\/uploads\/2014\/11\/Portfolio_Print-4.jpg\" alt=\"\" class=\"wp-image-1791\"\/><\/a><\/figure>\n<\/div>\n\n<div class=\"wp-block-image\">\n<figure class=\"aligncenter size-large\"><a href=\"https:\/\/liebke-foto.de\/maerkischeslicht\/wp-content\/uploads\/2014\/11\/Portfolio_Print-5.jpg\"><img loading=\"lazy\" decoding=\"async\" width=\"566\" height=\"800\" src=\"https:\/\/liebke-foto.de\/maerkischeslicht\/wp-content\/uploads\/2014\/11\/Portfolio_Print-5.jpg\" alt=\"\" class=\"wp-image-1792\"\/><\/a><\/figure>\n<\/div>\n\n<div class=\"wp-block-image\">\n<figure class=\"aligncenter size-large\"><a href=\"https:\/\/liebke-foto.de\/maerkischeslicht\/wp-content\/uploads\/2014\/11\/Portfolio_Print-6.jpg\"><img loading=\"lazy\" decoding=\"async\" width=\"566\" height=\"800\" src=\"https:\/\/liebke-foto.de\/maerkischeslicht\/wp-content\/uploads\/2014\/11\/Portfolio_Print-6.jpg\" alt=\"\" class=\"wp-image-1793\"\/><\/a><\/figure>\n<\/div>\n\n<div class=\"wp-block-image\">\n<figure class=\"aligncenter size-large\"><a href=\"https:\/\/liebke-foto.de\/maerkischeslicht\/wp-content\/uploads\/2014\/11\/Portfolio_Print-7.jpg\"><img loading=\"lazy\" decoding=\"async\" width=\"566\" height=\"800\" src=\"https:\/\/liebke-foto.de\/maerkischeslicht\/wp-content\/uploads\/2014\/11\/Portfolio_Print-7.jpg\" alt=\"\" class=\"wp-image-1794\"\/><\/a><\/figure>\n<\/div>\n\n<div class=\"wp-block-image\">\n<figure class=\"aligncenter size-large\"><a href=\"https:\/\/liebke-foto.de\/maerkischeslicht\/wp-content\/uploads\/2014\/11\/Portfolio_Print-9.jpg\"><img loading=\"lazy\" decoding=\"async\" width=\"566\" height=\"800\" src=\"https:\/\/liebke-foto.de\/maerkischeslicht\/wp-content\/uploads\/2014\/11\/Portfolio_Print-9.jpg\" alt=\"\" class=\"wp-image-1796\"\/><\/a><\/figure>\n<\/div>\n\n<div class=\"wp-block-image\">\n<figure class=\"aligncenter size-large\"><a href=\"https:\/\/liebke-foto.de\/maerkischeslicht\/wp-content\/uploads\/2014\/11\/Portfolio_Print-8.jpg\"><img loading=\"lazy\" decoding=\"async\" width=\"566\" height=\"800\" src=\"https:\/\/liebke-foto.de\/maerkischeslicht\/wp-content\/uploads\/2014\/11\/Portfolio_Print-8.jpg\" alt=\"\" class=\"wp-image-1795\"\/><\/a><\/figure>\n<\/div>\n\n<div class=\"wp-block-image\">\n<figure class=\"aligncenter size-large\"><a href=\"https:\/\/liebke-foto.de\/maerkischeslicht\/wp-content\/uploads\/2014\/11\/Portfolio_Print-10.jpg\"><img decoding=\"async\" src=\"https:\/\/liebke-foto.de\/maerkischeslicht\/wp-content\/uploads\/2014\/11\/Portfolio_Print-10.jpg\" alt=\"\" class=\"wp-image-1797\"\/><\/a><\/figure>\n<\/div>\n\n<div class=\"wp-block-image\">\n<figure class=\"aligncenter size-large\"><a href=\"https:\/\/liebke-foto.de\/maerkischeslicht\/wp-content\/uploads\/2014\/11\/Portfolio_Print-12.jpg\"><img loading=\"lazy\" decoding=\"async\" width=\"566\" height=\"800\" src=\"https:\/\/liebke-foto.de\/maerkischeslicht\/wp-content\/uploads\/2014\/11\/Portfolio_Print-12.jpg\" alt=\"\" class=\"wp-image-1799\"\/><\/a><\/figure>\n<\/div>\n\n<div class=\"wp-block-image\">\n<figure class=\"aligncenter size-large\"><a href=\"https:\/\/liebke-foto.de\/maerkischeslicht\/wp-content\/uploads\/2014\/11\/FL8_3700.jpg\"><img loading=\"lazy\" decoding=\"async\" width=\"1400\" height=\"934\" src=\"https:\/\/liebke-foto.de\/maerkischeslicht\/wp-content\/uploads\/2014\/11\/FL8_3700.jpg\" alt=\"\" class=\"wp-image-1787\" srcset=\"https:\/\/liebke-foto.de\/maerkischeslicht\/wp-content\/uploads\/2014\/11\/FL8_3700.jpg 1400w, https:\/\/liebke-foto.de\/maerkischeslicht\/wp-content\/uploads\/2014\/11\/FL8_3700-1199x800.jpg 1199w\" sizes=\"auto, (max-width: 1400px) 100vw, 1400px\" \/><\/a><\/figure>\n<\/div>\n\n<div class=\"wp-block-image\">\n<figure class=\"aligncenter size-large\"><a href=\"https:\/\/liebke-foto.de\/maerkischeslicht\/wp-content\/uploads\/2014\/11\/Portfolio_Print-13.jpg\"><img loading=\"lazy\" decoding=\"async\" width=\"566\" height=\"800\" src=\"https:\/\/liebke-foto.de\/maerkischeslicht\/wp-content\/uploads\/2014\/11\/Portfolio_Print-13.jpg\" alt=\"\" class=\"wp-image-1800\"\/><\/a><\/figure>\n<\/div>\n\n<div class=\"wp-block-image\">\n<figure class=\"aligncenter size-large\"><a href=\"https:\/\/liebke-foto.de\/maerkischeslicht\/wp-content\/uploads\/2014\/11\/Portfolio_Print-11.jpg\"><img loading=\"lazy\" decoding=\"async\" width=\"566\" height=\"800\" src=\"https:\/\/liebke-foto.de\/maerkischeslicht\/wp-content\/uploads\/2014\/11\/Portfolio_Print-11.jpg\" alt=\"\" class=\"wp-image-1798\"\/><\/a><\/figure>\n<\/div>\n\n\n<div style=\"padding:20px\" class=\"wp-block-tnp-minimal\"><p>Subscribe to our newsletter!<\/p><div><div class=\"tnp tnp-subscription \">\n<form method=\"post\" action=\"https:\/\/liebke-foto.de\/maerkischeslicht\/wp-admin\/admin-ajax.php?action=tnp&amp;na=s\">\n<input type=\"hidden\" name=\"nlang\" value=\"\">\n<div class=\"tnp-field tnp-field-firstname\"><label for=\"tnp-1\">Vorname oder ganzer Name<\/label>\n<input class=\"tnp-name\" type=\"text\" name=\"nn\" id=\"tnp-1\" value=\"\" placeholder=\"\"><\/div>\n<div class=\"tnp-field tnp-field-email\"><label for=\"tnp-2\">Email<\/label>\n<input class=\"tnp-email\" type=\"email\" name=\"ne\" id=\"tnp-2\" value=\"\" placeholder=\"\" required><\/div>\n<div class=\"tnp-field tnp-privacy-field\"><label><input type=\"checkbox\" name=\"ny\" required class=\"tnp-privacy\"> Indem Du fortf\u00e4hrst, akzeptierst Du unsere Datenschutzerkl\u00e4rung.<\/label><\/div><div class=\"tnp-field tnp-field-button\" style=\"text-align: left\"><input class=\"tnp-submit\" type=\"submit\" value=\"Abonnieren\" style=\"\">\n<\/div>\n<\/form>\n<\/div>\n<\/div><\/div>\n\n\n\n\n","protected":false},"excerpt":{"rendered":"<p>Man kennt mich ja eher mehr als Fotograf stiller, vertr\u00e4umter und dramatischer Landschaften. Das macht mir auch nach wie vor gro\u00dfe Freude. Ist&#8230;<\/p>\n","protected":false},"author":1,"featured_media":1797,"comment_status":"open","ping_status":"closed","sticky":false,"template":"","format":"gallery","meta":{"footnotes":""},"categories":[11,38,4],"tags":[],"class_list":["post-1782","post","type-post","status-publish","format-gallery","has-post-thumbnail","hentry","category-im-land-brandenburg-unterwegs","category-menschliches-aus-der-mark","category-equipment","post_format-post-format-gallery"],"yoast_head":"<!-- This site is optimized with the Yoast SEO plugin v27.5 - https:\/\/yoast.com\/product\/yoast-seo-wordpress\/ -->\n<title>Wie die Stadt Hennigsdorf ihr Image bewirbt (2014) - M\u00e4rkisches Licht - Der Fotograf der Stille<\/title>\n<meta name=\"description\" content=\"Wie die Stadt Hennigsdorf ihr Image bewirbt (2014)\" \/>\n<meta name=\"robots\" content=\"index, follow, max-snippet:-1, max-image-preview:large, max-video-preview:-1\" \/>\n<link rel=\"canonical\" href=\"https:\/\/liebke-foto.de\/maerkischeslicht\/wie-die-stadt-hennigsdorf-ihr-image-bewirbt\/\" \/>\n<meta property=\"og:locale\" content=\"de_DE\" \/>\n<meta property=\"og:type\" content=\"article\" \/>\n<meta property=\"og:title\" content=\"Wie die Stadt Hennigsdorf ihr Image bewirbt (2014) - M\u00e4rkisches Licht - Der Fotograf der Stille\" \/>\n<meta property=\"og:description\" content=\"Wie die Stadt Hennigsdorf ihr Image bewirbt (2014)\" \/>\n<meta property=\"og:url\" content=\"https:\/\/liebke-foto.de\/maerkischeslicht\/wie-die-stadt-hennigsdorf-ihr-image-bewirbt\/\" \/>\n<meta property=\"og:site_name\" content=\"M\u00e4rkisches Licht - Der Fotograf der Stille\" \/>\n<meta property=\"article:published_time\" content=\"2014-11-24T15:56:51+00:00\" \/>\n<meta property=\"article:modified_time\" content=\"2023-07-29T11:11:27+00:00\" \/>\n<meta property=\"og:image\" content=\"https:\/\/liebke-foto.de\/maerkischeslicht\/wp-content\/uploads\/2014\/11\/Portfolio_Print-10-e1690629078900.jpg\" \/>\n\t<meta property=\"og:image:width\" content=\"354\" \/>\n\t<meta property=\"og:image:height\" content=\"500\" \/>\n\t<meta property=\"og:image:type\" content=\"image\/jpeg\" \/>\n<meta name=\"author\" content=\"Frank Liebke\" \/>\n<meta name=\"twitter:card\" content=\"summary_large_image\" \/>\n<meta name=\"twitter:label1\" content=\"Verfasst von\" \/>\n\t<meta name=\"twitter:data1\" content=\"Frank Liebke\" \/>\n\t<meta name=\"twitter:label2\" content=\"Gesch\u00e4tzte Lesezeit\" \/>\n\t<meta name=\"twitter:data2\" content=\"7\u00a0Minuten\" \/>\n<script type=\"application\/ld+json\" class=\"yoast-schema-graph\">{\"@context\":\"https:\\\/\\\/schema.org\",\"@graph\":[{\"@type\":\"Article\",\"@id\":\"https:\\\/\\\/liebke-foto.de\\\/maerkischeslicht\\\/wie-die-stadt-hennigsdorf-ihr-image-bewirbt\\\/#article\",\"isPartOf\":{\"@id\":\"https:\\\/\\\/liebke-foto.de\\\/maerkischeslicht\\\/wie-die-stadt-hennigsdorf-ihr-image-bewirbt\\\/\"},\"author\":{\"name\":\"Frank Liebke\",\"@id\":\"https:\\\/\\\/liebke-foto.de\\\/maerkischeslicht\\\/#\\\/schema\\\/person\\\/d71108abc09a723daeeb8526a33137ee\"},\"headline\":\"Wie die Stadt Hennigsdorf ihr Image bewirbt (2014)\",\"datePublished\":\"2014-11-24T15:56:51+00:00\",\"dateModified\":\"2023-07-29T11:11:27+00:00\",\"mainEntityOfPage\":{\"@id\":\"https:\\\/\\\/liebke-foto.de\\\/maerkischeslicht\\\/wie-die-stadt-hennigsdorf-ihr-image-bewirbt\\\/\"},\"wordCount\":592,\"commentCount\":2,\"publisher\":{\"@id\":\"https:\\\/\\\/liebke-foto.de\\\/maerkischeslicht\\\/#\\\/schema\\\/person\\\/d71108abc09a723daeeb8526a33137ee\"},\"image\":{\"@id\":\"https:\\\/\\\/liebke-foto.de\\\/maerkischeslicht\\\/wie-die-stadt-hennigsdorf-ihr-image-bewirbt\\\/#primaryimage\"},\"thumbnailUrl\":\"https:\\\/\\\/liebke-foto.de\\\/maerkischeslicht\\\/wp-content\\\/uploads\\\/2014\\\/11\\\/Portfolio_Print-10-e1690629078900.jpg\",\"articleSection\":[\"Im Land Brandenburg unterwegs\",\"Menschliches aus der Mark\",\"Technik\"],\"inLanguage\":\"de\",\"potentialAction\":[{\"@type\":\"CommentAction\",\"name\":\"Comment\",\"target\":[\"https:\\\/\\\/liebke-foto.de\\\/maerkischeslicht\\\/wie-die-stadt-hennigsdorf-ihr-image-bewirbt\\\/#respond\"]}]},{\"@type\":\"WebPage\",\"@id\":\"https:\\\/\\\/liebke-foto.de\\\/maerkischeslicht\\\/wie-die-stadt-hennigsdorf-ihr-image-bewirbt\\\/\",\"url\":\"https:\\\/\\\/liebke-foto.de\\\/maerkischeslicht\\\/wie-die-stadt-hennigsdorf-ihr-image-bewirbt\\\/\",\"name\":\"Wie die Stadt Hennigsdorf ihr Image bewirbt (2014) - M\u00e4rkisches Licht - Der Fotograf der Stille\",\"isPartOf\":{\"@id\":\"https:\\\/\\\/liebke-foto.de\\\/maerkischeslicht\\\/#website\"},\"primaryImageOfPage\":{\"@id\":\"https:\\\/\\\/liebke-foto.de\\\/maerkischeslicht\\\/wie-die-stadt-hennigsdorf-ihr-image-bewirbt\\\/#primaryimage\"},\"image\":{\"@id\":\"https:\\\/\\\/liebke-foto.de\\\/maerkischeslicht\\\/wie-die-stadt-hennigsdorf-ihr-image-bewirbt\\\/#primaryimage\"},\"thumbnailUrl\":\"https:\\\/\\\/liebke-foto.de\\\/maerkischeslicht\\\/wp-content\\\/uploads\\\/2014\\\/11\\\/Portfolio_Print-10-e1690629078900.jpg\",\"datePublished\":\"2014-11-24T15:56:51+00:00\",\"dateModified\":\"2023-07-29T11:11:27+00:00\",\"description\":\"Wie die Stadt Hennigsdorf ihr Image bewirbt (2014)\",\"breadcrumb\":{\"@id\":\"https:\\\/\\\/liebke-foto.de\\\/maerkischeslicht\\\/wie-die-stadt-hennigsdorf-ihr-image-bewirbt\\\/#breadcrumb\"},\"inLanguage\":\"de\",\"potentialAction\":[{\"@type\":\"ReadAction\",\"target\":[\"https:\\\/\\\/liebke-foto.de\\\/maerkischeslicht\\\/wie-die-stadt-hennigsdorf-ihr-image-bewirbt\\\/\"]}]},{\"@type\":\"ImageObject\",\"inLanguage\":\"de\",\"@id\":\"https:\\\/\\\/liebke-foto.de\\\/maerkischeslicht\\\/wie-die-stadt-hennigsdorf-ihr-image-bewirbt\\\/#primaryimage\",\"url\":\"https:\\\/\\\/liebke-foto.de\\\/maerkischeslicht\\\/wp-content\\\/uploads\\\/2014\\\/11\\\/Portfolio_Print-10-e1690629078900.jpg\",\"contentUrl\":\"https:\\\/\\\/liebke-foto.de\\\/maerkischeslicht\\\/wp-content\\\/uploads\\\/2014\\\/11\\\/Portfolio_Print-10-e1690629078900.jpg\",\"width\":354,\"height\":500},{\"@type\":\"BreadcrumbList\",\"@id\":\"https:\\\/\\\/liebke-foto.de\\\/maerkischeslicht\\\/wie-die-stadt-hennigsdorf-ihr-image-bewirbt\\\/#breadcrumb\",\"itemListElement\":[{\"@type\":\"ListItem\",\"position\":1,\"name\":\"Startseite\",\"item\":\"https:\\\/\\\/liebke-foto.de\\\/maerkischeslicht\\\/\"},{\"@type\":\"ListItem\",\"position\":2,\"name\":\"Wie die Stadt Hennigsdorf ihr Image bewirbt (2014)\"}]},{\"@type\":\"WebSite\",\"@id\":\"https:\\\/\\\/liebke-foto.de\\\/maerkischeslicht\\\/#website\",\"url\":\"https:\\\/\\\/liebke-foto.de\\\/maerkischeslicht\\\/\",\"name\":\"M\u00e4rkisches Licht - Der Fotograf der Stille\",\"description\":\"Die Liebe zum Leben...\",\"publisher\":{\"@id\":\"https:\\\/\\\/liebke-foto.de\\\/maerkischeslicht\\\/#\\\/schema\\\/person\\\/d71108abc09a723daeeb8526a33137ee\"},\"potentialAction\":[{\"@type\":\"SearchAction\",\"target\":{\"@type\":\"EntryPoint\",\"urlTemplate\":\"https:\\\/\\\/liebke-foto.de\\\/maerkischeslicht\\\/?s={search_term_string}\"},\"query-input\":{\"@type\":\"PropertyValueSpecification\",\"valueRequired\":true,\"valueName\":\"search_term_string\"}}],\"inLanguage\":\"de\"},{\"@type\":[\"Person\",\"Organization\"],\"@id\":\"https:\\\/\\\/liebke-foto.de\\\/maerkischeslicht\\\/#\\\/schema\\\/person\\\/d71108abc09a723daeeb8526a33137ee\",\"name\":\"Frank Liebke\",\"image\":{\"@type\":\"ImageObject\",\"inLanguage\":\"de\",\"@id\":\"https:\\\/\\\/liebke-foto.de\\\/maerkischeslicht\\\/wp-content\\\/uploads\\\/2021\\\/12\\\/IMG-20211024-WA0001.jpg\",\"url\":\"https:\\\/\\\/liebke-foto.de\\\/maerkischeslicht\\\/wp-content\\\/uploads\\\/2021\\\/12\\\/IMG-20211024-WA0001.jpg\",\"contentUrl\":\"https:\\\/\\\/liebke-foto.de\\\/maerkischeslicht\\\/wp-content\\\/uploads\\\/2021\\\/12\\\/IMG-20211024-WA0001.jpg\",\"width\":900,\"height\":1600,\"caption\":\"Frank Liebke\"},\"logo\":{\"@id\":\"https:\\\/\\\/liebke-foto.de\\\/maerkischeslicht\\\/wp-content\\\/uploads\\\/2021\\\/12\\\/IMG-20211024-WA0001.jpg\"},\"sameAs\":[\"https:\\\/\\\/liebke-foto.de\"],\"url\":\"https:\\\/\\\/liebke-foto.de\\\/maerkischeslicht\\\/author\\\/adminuser\\\/\"}]}<\/script>\n<!-- \/ Yoast SEO plugin. -->","yoast_head_json":{"title":"Wie die Stadt Hennigsdorf ihr Image bewirbt (2014) - M\u00e4rkisches Licht - Der Fotograf der Stille","description":"Wie die Stadt Hennigsdorf ihr Image bewirbt (2014)","robots":{"index":"index","follow":"follow","max-snippet":"max-snippet:-1","max-image-preview":"max-image-preview:large","max-video-preview":"max-video-preview:-1"},"canonical":"https:\/\/liebke-foto.de\/maerkischeslicht\/wie-die-stadt-hennigsdorf-ihr-image-bewirbt\/","og_locale":"de_DE","og_type":"article","og_title":"Wie die Stadt Hennigsdorf ihr Image bewirbt (2014) - M\u00e4rkisches Licht - Der Fotograf der Stille","og_description":"Wie die Stadt Hennigsdorf ihr Image bewirbt (2014)","og_url":"https:\/\/liebke-foto.de\/maerkischeslicht\/wie-die-stadt-hennigsdorf-ihr-image-bewirbt\/","og_site_name":"M\u00e4rkisches Licht - Der Fotograf der Stille","article_published_time":"2014-11-24T15:56:51+00:00","article_modified_time":"2023-07-29T11:11:27+00:00","og_image":[{"width":354,"height":500,"url":"https:\/\/liebke-foto.de\/maerkischeslicht\/wp-content\/uploads\/2014\/11\/Portfolio_Print-10-e1690629078900.jpg","type":"image\/jpeg"}],"author":"Frank Liebke","twitter_card":"summary_large_image","twitter_misc":{"Verfasst von":"Frank Liebke","Gesch\u00e4tzte Lesezeit":"7\u00a0Minuten"},"schema":{"@context":"https:\/\/schema.org","@graph":[{"@type":"Article","@id":"https:\/\/liebke-foto.de\/maerkischeslicht\/wie-die-stadt-hennigsdorf-ihr-image-bewirbt\/#article","isPartOf":{"@id":"https:\/\/liebke-foto.de\/maerkischeslicht\/wie-die-stadt-hennigsdorf-ihr-image-bewirbt\/"},"author":{"name":"Frank Liebke","@id":"https:\/\/liebke-foto.de\/maerkischeslicht\/#\/schema\/person\/d71108abc09a723daeeb8526a33137ee"},"headline":"Wie die Stadt Hennigsdorf ihr Image bewirbt (2014)","datePublished":"2014-11-24T15:56:51+00:00","dateModified":"2023-07-29T11:11:27+00:00","mainEntityOfPage":{"@id":"https:\/\/liebke-foto.de\/maerkischeslicht\/wie-die-stadt-hennigsdorf-ihr-image-bewirbt\/"},"wordCount":592,"commentCount":2,"publisher":{"@id":"https:\/\/liebke-foto.de\/maerkischeslicht\/#\/schema\/person\/d71108abc09a723daeeb8526a33137ee"},"image":{"@id":"https:\/\/liebke-foto.de\/maerkischeslicht\/wie-die-stadt-hennigsdorf-ihr-image-bewirbt\/#primaryimage"},"thumbnailUrl":"https:\/\/liebke-foto.de\/maerkischeslicht\/wp-content\/uploads\/2014\/11\/Portfolio_Print-10-e1690629078900.jpg","articleSection":["Im Land Brandenburg unterwegs","Menschliches aus der Mark","Technik"],"inLanguage":"de","potentialAction":[{"@type":"CommentAction","name":"Comment","target":["https:\/\/liebke-foto.de\/maerkischeslicht\/wie-die-stadt-hennigsdorf-ihr-image-bewirbt\/#respond"]}]},{"@type":"WebPage","@id":"https:\/\/liebke-foto.de\/maerkischeslicht\/wie-die-stadt-hennigsdorf-ihr-image-bewirbt\/","url":"https:\/\/liebke-foto.de\/maerkischeslicht\/wie-die-stadt-hennigsdorf-ihr-image-bewirbt\/","name":"Wie die Stadt Hennigsdorf ihr Image bewirbt (2014) - M\u00e4rkisches Licht - Der Fotograf der Stille","isPartOf":{"@id":"https:\/\/liebke-foto.de\/maerkischeslicht\/#website"},"primaryImageOfPage":{"@id":"https:\/\/liebke-foto.de\/maerkischeslicht\/wie-die-stadt-hennigsdorf-ihr-image-bewirbt\/#primaryimage"},"image":{"@id":"https:\/\/liebke-foto.de\/maerkischeslicht\/wie-die-stadt-hennigsdorf-ihr-image-bewirbt\/#primaryimage"},"thumbnailUrl":"https:\/\/liebke-foto.de\/maerkischeslicht\/wp-content\/uploads\/2014\/11\/Portfolio_Print-10-e1690629078900.jpg","datePublished":"2014-11-24T15:56:51+00:00","dateModified":"2023-07-29T11:11:27+00:00","description":"Wie die Stadt Hennigsdorf ihr Image bewirbt (2014)","breadcrumb":{"@id":"https:\/\/liebke-foto.de\/maerkischeslicht\/wie-die-stadt-hennigsdorf-ihr-image-bewirbt\/#breadcrumb"},"inLanguage":"de","potentialAction":[{"@type":"ReadAction","target":["https:\/\/liebke-foto.de\/maerkischeslicht\/wie-die-stadt-hennigsdorf-ihr-image-bewirbt\/"]}]},{"@type":"ImageObject","inLanguage":"de","@id":"https:\/\/liebke-foto.de\/maerkischeslicht\/wie-die-stadt-hennigsdorf-ihr-image-bewirbt\/#primaryimage","url":"https:\/\/liebke-foto.de\/maerkischeslicht\/wp-content\/uploads\/2014\/11\/Portfolio_Print-10-e1690629078900.jpg","contentUrl":"https:\/\/liebke-foto.de\/maerkischeslicht\/wp-content\/uploads\/2014\/11\/Portfolio_Print-10-e1690629078900.jpg","width":354,"height":500},{"@type":"BreadcrumbList","@id":"https:\/\/liebke-foto.de\/maerkischeslicht\/wie-die-stadt-hennigsdorf-ihr-image-bewirbt\/#breadcrumb","itemListElement":[{"@type":"ListItem","position":1,"name":"Startseite","item":"https:\/\/liebke-foto.de\/maerkischeslicht\/"},{"@type":"ListItem","position":2,"name":"Wie die Stadt Hennigsdorf ihr Image bewirbt (2014)"}]},{"@type":"WebSite","@id":"https:\/\/liebke-foto.de\/maerkischeslicht\/#website","url":"https:\/\/liebke-foto.de\/maerkischeslicht\/","name":"M\u00e4rkisches Licht - Der Fotograf der Stille","description":"Die Liebe zum Leben...","publisher":{"@id":"https:\/\/liebke-foto.de\/maerkischeslicht\/#\/schema\/person\/d71108abc09a723daeeb8526a33137ee"},"potentialAction":[{"@type":"SearchAction","target":{"@type":"EntryPoint","urlTemplate":"https:\/\/liebke-foto.de\/maerkischeslicht\/?s={search_term_string}"},"query-input":{"@type":"PropertyValueSpecification","valueRequired":true,"valueName":"search_term_string"}}],"inLanguage":"de"},{"@type":["Person","Organization"],"@id":"https:\/\/liebke-foto.de\/maerkischeslicht\/#\/schema\/person\/d71108abc09a723daeeb8526a33137ee","name":"Frank Liebke","image":{"@type":"ImageObject","inLanguage":"de","@id":"https:\/\/liebke-foto.de\/maerkischeslicht\/wp-content\/uploads\/2021\/12\/IMG-20211024-WA0001.jpg","url":"https:\/\/liebke-foto.de\/maerkischeslicht\/wp-content\/uploads\/2021\/12\/IMG-20211024-WA0001.jpg","contentUrl":"https:\/\/liebke-foto.de\/maerkischeslicht\/wp-content\/uploads\/2021\/12\/IMG-20211024-WA0001.jpg","width":900,"height":1600,"caption":"Frank Liebke"},"logo":{"@id":"https:\/\/liebke-foto.de\/maerkischeslicht\/wp-content\/uploads\/2021\/12\/IMG-20211024-WA0001.jpg"},"sameAs":["https:\/\/liebke-foto.de"],"url":"https:\/\/liebke-foto.de\/maerkischeslicht\/author\/adminuser\/"}]}},"_links":{"self":[{"href":"https:\/\/liebke-foto.de\/maerkischeslicht\/wp-json\/wp\/v2\/posts\/1782","targetHints":{"allow":["GET"]}}],"collection":[{"href":"https:\/\/liebke-foto.de\/maerkischeslicht\/wp-json\/wp\/v2\/posts"}],"about":[{"href":"https:\/\/liebke-foto.de\/maerkischeslicht\/wp-json\/wp\/v2\/types\/post"}],"author":[{"embeddable":true,"href":"https:\/\/liebke-foto.de\/maerkischeslicht\/wp-json\/wp\/v2\/users\/1"}],"replies":[{"embeddable":true,"href":"https:\/\/liebke-foto.de\/maerkischeslicht\/wp-json\/wp\/v2\/comments?post=1782"}],"version-history":[{"count":7,"href":"https:\/\/liebke-foto.de\/maerkischeslicht\/wp-json\/wp\/v2\/posts\/1782\/revisions"}],"predecessor-version":[{"id":6068,"href":"https:\/\/liebke-foto.de\/maerkischeslicht\/wp-json\/wp\/v2\/posts\/1782\/revisions\/6068"}],"wp:featuredmedia":[{"embeddable":true,"href":"https:\/\/liebke-foto.de\/maerkischeslicht\/wp-json\/wp\/v2\/media\/1797"}],"wp:attachment":[{"href":"https:\/\/liebke-foto.de\/maerkischeslicht\/wp-json\/wp\/v2\/media?parent=1782"}],"wp:term":[{"taxonomy":"category","embeddable":true,"href":"https:\/\/liebke-foto.de\/maerkischeslicht\/wp-json\/wp\/v2\/categories?post=1782"},{"taxonomy":"post_tag","embeddable":true,"href":"https:\/\/liebke-foto.de\/maerkischeslicht\/wp-json\/wp\/v2\/tags?post=1782"}],"curies":[{"name":"wp","href":"https:\/\/api.w.org\/{rel}","templated":true}]}}